{"id":1164,"date":"2021-06-06T14:00:00","date_gmt":"2021-06-06T12:00:00","guid":{"rendered":"https:\/\/paroisses-nancy-sud.fr\/HOME\/?p=1164"},"modified":"2021-06-04T18:00:36","modified_gmt":"2021-06-04T16:00:36","slug":"1164-2","status":"publish","type":"post","link":"https:\/\/paroisses-nancy-sud.fr\/HOME\/1164-2\/","title":{"rendered":"\u00ab F\u00eate du Saint Sacrement : Je t\u2019ouvre mes mains, accueille ma vie\u00a0\u00bb"},"content":{"rendered":"\n<p class=\"western\"><span style=\"color: #000000;\"><span style=\"font-family: Times New Roman, serif;\"><span style=\"font-size: large;\"><b>\u00ab <\/b><\/span><\/span><span style=\"font-family: Times New Roman, serif;\"><span style=\"font-size: large;\"><b>F\u00eate du Saint Sacrement : Je t\u2019ouvre mes mains, accueille ma vie\u00a0\u00bb<\/b><\/span><\/span><\/span><\/p>\n<p class=\"western\"><span style=\"font-family: Times New Roman, serif; color: #000000;\"><span style=\"font-size: medium;\">Cette f\u00eate du Saint Sacrement a \u00e9t\u00e9 institu\u00e9e au Moyen-\u00c2ge, en 1264, par le pape Urbain IV, pour comm\u00e9morer la pr\u00e9sence de J\u00e9sus-Christ dans le sacrement de l\u2019eucharistie, Cette F\u00eate du Corps et du Sang du Christ est un appel \u00e0 approfondir le sens de l\u2019eucharistie et sa place dans notre vie. Autrefois elle donnait lieu \u00e0 de grandes processions o\u00f9 le Christ \u00e9tait acclam\u00e9 vivant au milieu de nous.<\/span><\/span><\/p>\n<p class=\"western\"><span style=\"font-family: Times New Roman, serif; color: #000000;\"><span style=\"font-size: medium;\">Aujourd\u2019hui, nous venons parfois communier d\u2019une mani\u00e8re tellement routini\u00e8re que nous perdons peut-\u00eatre le sens du sacr\u00e9 que nous recevons entre nos mains.<\/span><\/span><\/p>\n<p class=\"western\"><span style=\"font-family: Times New Roman, serif; color: #000000;\"><span style=\"font-size: medium;\">L\u2019hostie consacr\u00e9e est ce qu\u2019il y a de plus sacr\u00e9, puisque c\u2019est Dieu Lui-m\u00eame qui vient dans ce pain sans levain et qui accepte de se faire fragile, de se faire nourriture pour chacun de nous.<\/span><\/span><\/p>\n<p class=\"western\"><span style=\"font-family: Times New Roman, serif; color: #000000;\"><span style=\"font-size: medium;\"><b>Communier est \u00e0 chaque fois un acte de foi en Christ mort et ressuscit\u00e9 qui se donne en nourriture dans ce pain partag\u00e9.<\/b> Christ veut faire de chacune de nos vies son tabernacle. Il ne veut pas \u00eatre enferm\u00e9 dans nos \u00e9glises mais faire de chaque vie qui l\u2019accueille Son \u00e9glise et le lieu o\u00f9 Il veut r\u00e9sider.<\/span><\/span><\/p>\n<p class=\"western\"><span style=\"font-family: Times New Roman, serif; color: #000000;\"><span style=\"font-size: medium;\"><b>La messe est le moment le plus important de la vie chr\u00e9tienne, puisque c\u2019est le lieu de la rencontre avec le Christ.<\/b> Il nous nourrit de sa vie et fait grandir cette part d\u2019\u00e9ternit\u00e9 en chacun de nous. Lui, le Tr\u00e8s haut, Celui que personne n\u2019a jamais pu voir se montre aujourd\u2019hui dans un morceau de pain re\u00e7u au creux de nos mains. Ces mains de labeur, ces mains de souffrance, ces mains de tendresse et d\u2019amiti\u00e9, ces mains parfois si violentes, ces mains solidaires ; ces mains qui repr\u00e9sentent notre vie dans ce qu\u2019elle a de meilleur et de pire. C\u2019est dans nos mains qu\u2019Il se donne, c\u2019est dans nos vies qu\u2019Il veut venir pour y venir habiter et les transformer par sa pr\u00e9sence, si nous le voulons bien.<\/span><\/span><\/p>\n<p class=\"western\"><span style=\"font-family: Times New Roman, serif; color: #000000;\"><span style=\"font-size: medium;\"><b>C\u2019est chez toi que je veux faire ma demeure, nous dit J\u00e9sus. Et nous, en tendant les mains de lui dire : \u00ab Seigneur, je n\u2019en suis pas digne, mais je suis heureux de t\u2019accueillir dans ma vie \u00bb.<\/b><\/span><\/span><\/p>\n<p class=\"western\"><span style=\"font-family: Times New Roman, serif; color: #000000;\"><span style=\"font-size: medium;\"><b>Alors Il pourra nous dire : \u00ab\u00a0Je suis le pain vivant descendu du ciel. Qui mange de ce pain vivra \u00e9ternellement\u00a0\u00bb.\u00a0\u00bb<\/b><\/span><\/span><\/p>\n<p><span style=\"font-family: Times New Roman, serif; color: #000000;\"><span style=\"font-size: medium;\">\u00c9quipe liturgique de St Fran\u00e7ois de Sales, reprenant un texte de l\u2019Abb\u00e9 Pascal Romefort.<\/span><\/span><\/p>\n","protected":false},"excerpt":{"rendered":"<p>\u00ab F\u00eate du Saint Sacrement : Je t\u2019ouvre mes mains, accueille ma vie\u00a0\u00bb Cette f\u00eate du Saint Sacrement a \u00e9t\u00e9 institu\u00e9e au Moyen-\u00c2ge, en 1264, par le pape Urbain IV, pour comm\u00e9morer la pr\u00e9sence de J\u00e9sus-Christ dans le sacrement de l\u2019eucharistie, Cette F\u00eate du Corps et du Sang du Christ est un appel \u00e0 approfondir&hellip; <br \/> <a class=\"read-more\" href=\"https:\/\/paroisses-nancy-sud.fr\/HOME\/1164-2\/\">Lire la suite<\/a><\/p>\n","protected":false},"author":5,"featured_media":523,"comment_status":"closed","ping_status":"open","sticky":false,"template":"","format":"standard","meta":[],"categories":[6],"tags":[],"acf":[],"_links":{"self":[{"href":"https:\/\/paroisses-nancy-sud.fr\/HOME\/wp-json\/wp\/v2\/posts\/1164"}],"collection":[{"href":"https:\/\/paroisses-nancy-sud.fr\/HOME\/wp-json\/wp\/v2\/posts"}],"about":[{"href":"https:\/\/paroisses-nancy-sud.fr\/HOME\/wp-json\/wp\/v2\/types\/post"}],"author":[{"embeddable":true,"href":"https:\/\/paroisses-nancy-sud.fr\/HOME\/wp-json\/wp\/v2\/users\/5"}],"replies":[{"embeddable":true,"href":"https:\/\/paroisses-nancy-sud.fr\/HOME\/wp-json\/wp\/v2\/comments?post=1164"}],"version-history":[{"count":2,"href":"https:\/\/paroisses-nancy-sud.fr\/HOME\/wp-json\/wp\/v2\/posts\/1164\/revisions"}],"predecessor-version":[{"id":1166,"href":"https:\/\/paroisses-nancy-sud.fr\/HOME\/wp-json\/wp\/v2\/posts\/1164\/revisions\/1166"}],"wp:featuredmedia":[{"embeddable":true,"href":"https:\/\/paroisses-nancy-sud.fr\/HOME\/wp-json\/wp\/v2\/media\/523"}],"wp:attachment":[{"href":"https:\/\/paroisses-nancy-sud.fr\/HOME\/wp-json\/wp\/v2\/media?parent=1164"}],"wp:term":[{"taxonomy":"category","embeddable":true,"href":"https:\/\/paroisses-nancy-sud.fr\/HOME\/wp-json\/wp\/v2\/categories?post=1164"},{"taxonomy":"post_tag","embeddable":true,"href":"https:\/\/paroisses-nancy-sud.fr\/HOME\/wp-json\/wp\/v2\/tags?post=1164"}],"curies":[{"name":"wp","href":"https:\/\/api.w.org\/{rel}","templated":true}]}}