{"id":1192,"date":"2021-06-06T15:07:00","date_gmt":"2021-06-06T13:07:00","guid":{"rendered":"https:\/\/paroisses-nancy-sud.fr\/HOME\/?p=1192"},"modified":"2021-06-08T10:11:04","modified_gmt":"2021-06-08T08:11:04","slug":"annonces-de-la-visitation-du-06-juin-2021","status":"publish","type":"post","link":"https:\/\/paroisses-nancy-sud.fr\/HOME\/annonces-de-la-visitation-du-06-juin-2021\/","title":{"rendered":"Annonces de la Visitation du 06 juin 2021"},"content":{"rendered":"\n<p><span style=\"color: #000000;\"><strong><u>Porter la communion \u00e0 une personnes malade, handicap\u00e9e, \u00e2g\u00e9e\u2026 <br \/><\/u><\/strong>C\u2019est une d\u00e9marche fraternelle, qui r\u00e9pond \u00e0 l\u2019invitation de notre pape Fran\u00e7ois \u00e0 vivre la fraternit\u00e9. Rendre visite \u00e0 une personne malade, handicap\u00e9e, \u00e2g\u00e9e, absente de l\u2019assembl\u00e9e dominicale, c\u2019est lui permettre de pouvoir communier \u00e0 la vie de la communaut\u00e9 chr\u00e9tienne, par la pri\u00e8re, mais aussi au Corps du Christ, re\u00e7u \u00e0 domicile. (\u2026) <strong><u><br \/><\/u><\/strong>Si vous sentez l\u2019appel \u00e0 rendre ce service, contactez la paroisse, merci\u00a0!<\/span><\/p>\n<p><span style=\"color: #000000;\"><strong><u>Comment porter la communion \u00e0 domicile\u00a0? <br \/><\/u><\/strong>Nous utilisons une custode, petite bo\u00eete pr\u00e9vue pour recevoir l\u2019hostie. Cette custode est d\u00e9pos\u00e9e sur l\u2019autel en d\u00e9but de messe. A la communion, elle est remise \u00e0 la personne qui ira visiter la personne \u00e0 domicile. On signifie ainsi, que l\u2019on est envoy\u00e9 en mission par l\u2019\u00c9glise. (\u2026)<\/span><\/p>\n<p><span style=\"color: #000000;\"><strong><u>Messes \u00e0 la Visitation\u00a0<\/u><\/strong><strong>: <em>Prenez le programme sur la table de presse\u00a0!<\/em><\/strong><\/span><\/p>\n<p><span style=\"color: #000000;\">Samedi 12 juin\u00a0: Parey St C\u00e9saire <strong>\u00e0 18h <br \/><\/strong>Dimanche 13 juin\u00a0: <strong>10h30 Neuves-Maisons (1<sup>e<\/sup> communion, 3 enfants) <\/strong><\/span><\/p>\n<p><span style=\"color: #000000;\">Samedi 19 juin\u00a0: Th\u00e9lod \u00e0 18h (messe anim\u00e9e par les jeunes)<\/span><br \/><span style=\"color: #000000;\">Dimanche 20 juin\u00a0: 10h Pulligny <\/span><br \/><span style=\"color: #000000;\"><strong>et 10h30 Neuves-Maisons (1<sup>e<\/sup> communion, 7 enfants) <\/strong><\/span><\/p>\n<p><span style=\"color: #000000;\">Samedi 26 juin\u00a0: Chaligny \u00e0 18h <\/span><br \/><span style=\"color: #000000;\">Dimanche 27 juin\u00a0: 10h30 Neuves-Maisons<\/span><\/p>\n<p><span style=\"color: #000000;\">Samedi 03 juillet\u00a0: Pont St Vincent \u00e0 18h <\/span><br \/><span style=\"color: #000000;\">Dimanche 04 juillet\u00a0: 10h Xeuilley et 10h30 Neuves-Maisons<\/span><\/p>\n<p><span style=\"color: #000000;\">Samedi 10 juillet\u00a0: Chavigny \u00e0 18h <\/span><br \/><span style=\"color: #000000;\">Dimanche 11 juillet\u00a0: Neuves-Maisons \u00e0 10h30 <strong>Profession de Foi de 3 jeunes<\/strong><\/span><\/p>\n<p><span style=\"color: #000000;\"><strong><u>Messes en semaine\u00a0au RDC des salles de Neuves-Maisons\u00a0:<br \/><\/u><\/strong>Mardi \u00e0 18h, jeudi \u00e0 8h30, vendredi \u00e0 11h. Adoration le vendredi \u00e0 10h<\/span><\/p>\n","protected":false},"excerpt":{"rendered":"<p>Porter la communion \u00e0 une personnes malade, handicap\u00e9e, \u00e2g\u00e9e\u2026 C\u2019est une d\u00e9marche fraternelle, qui r\u00e9pond \u00e0 l\u2019invitation de notre pape Fran\u00e7ois \u00e0 vivre la fraternit\u00e9. Rendre visite \u00e0 une personne malade, handicap\u00e9e, \u00e2g\u00e9e, absente de l\u2019assembl\u00e9e dominicale, c\u2019est lui permettre de pouvoir communier \u00e0 la vie de la communaut\u00e9 chr\u00e9tienne, par la pri\u00e8re, mais aussi&hellip; <br \/> <a class=\"read-more\" href=\"https:\/\/paroisses-nancy-sud.fr\/HOME\/annonces-de-la-visitation-du-06-juin-2021\/\">Lire la suite<\/a><\/p>\n","protected":false},"author":2,"featured_media":471,"comment_status":"closed","ping_status":"open","sticky":false,"template":"","format":"standard","meta":[],"categories":[10],"tags":[],"acf":[],"_links":{"self":[{"href":"https:\/\/paroisses-nancy-sud.fr\/HOME\/wp-json\/wp\/v2\/posts\/1192"}],"collection":[{"href":"https:\/\/paroisses-nancy-sud.fr\/HOME\/wp-json\/wp\/v2\/posts"}],"about":[{"href":"https:\/\/paroisses-nancy-sud.fr\/HOME\/wp-json\/wp\/v2\/types\/post"}],"author":[{"embeddable":true,"href":"https:\/\/paroisses-nancy-sud.fr\/HOME\/wp-json\/wp\/v2\/users\/2"}],"replies":[{"embeddable":true,"href":"https:\/\/paroisses-nancy-sud.fr\/HOME\/wp-json\/wp\/v2\/comments?post=1192"}],"version-history":[{"count":2,"href":"https:\/\/paroisses-nancy-sud.fr\/HOME\/wp-json\/wp\/v2\/posts\/1192\/revisions"}],"predecessor-version":[{"id":1194,"href":"https:\/\/paroisses-nancy-sud.fr\/HOME\/wp-json\/wp\/v2\/posts\/1192\/revisions\/1194"}],"wp:featuredmedia":[{"embeddable":true,"href":"https:\/\/paroisses-nancy-sud.fr\/HOME\/wp-json\/wp\/v2\/media\/471"}],"wp:attachment":[{"href":"https:\/\/paroisses-nancy-sud.fr\/HOME\/wp-json\/wp\/v2\/media?parent=1192"}],"wp:term":[{"taxonomy":"category","embeddable":true,"href":"https:\/\/paroisses-nancy-sud.fr\/HOME\/wp-json\/wp\/v2\/categories?post=1192"},{"taxonomy":"post_tag","embeddable":true,"href":"https:\/\/paroisses-nancy-sud.fr\/HOME\/wp-json\/wp\/v2\/tags?post=1192"}],"curies":[{"name":"wp","href":"https:\/\/api.w.org\/{rel}","templated":true}]}}