{"id":1477,"date":"2021-10-17T15:42:57","date_gmt":"2021-10-17T13:42:57","guid":{"rendered":"https:\/\/paroisses-nancy-sud.fr\/HOME\/?p=1477"},"modified":"2021-10-17T15:42:57","modified_gmt":"2021-10-17T13:42:57","slug":"annonces-paroissiales-de-saint-francois-de-sales-et-sainte-jeanne-de-chantal-du-16-octobre","status":"publish","type":"post","link":"https:\/\/paroisses-nancy-sud.fr\/HOME\/annonces-paroissiales-de-saint-francois-de-sales-et-sainte-jeanne-de-chantal-du-16-octobre\/","title":{"rendered":"Annonces paroissiales de Saint- Fran\u00e7ois-de-Sales et Sainte-Jeanne-de-Chantal du 16 octobre"},"content":{"rendered":"\n<p><span style=\"color: #000000;\"><strong>Bapt\u00eame, Confirmation, Communion<\/strong><\/span><\/p>\n<p><span style=\"color: #000000;\"><strong>Ce samedi, 16 octobre \u00e0 Jarville, 34 jeunes ont \u00e9t\u00e9 confirm\u00e9s.<\/strong> Un jeune a \u00e9t\u00e9 baptis\u00e9 et deux d\u2019entre ont communi\u00e9 pour la premi\u00e8re fois<em>. Portons tous ces jeunes dans notre pri\u00e8re.<\/em><\/span><\/p>\n<p><span style=\"color: #000000;\"><strong>Rosaire :\u00a0 <\/strong><\/span><strong style=\"color: #000000; font-size: inherit;\">Tous les lundis d\u2019octobre, \u00e0 17h \u00e0 Jarville, les \u00e9quipes du rosaire vous invitent \u00e0 la <\/strong><span style=\"color: #000000; font-size: inherit;\">pri\u00e8re du chapelet.<\/span><\/p>\n<p><span style=\"color: #000000;\"><strong>R\u00e9union de l\u2019inter-EAP :\u00a0<\/strong><\/span><span style=\"color: #000000;\"><strong>Lundi 18 octobre \u00e0 20h30 rencontre de l\u2019Inter-EAP de notre secteur Nancy-Sud, \u00e0 Neuves-Maisons<\/strong>. On travaillera sur l\u2019organisation de la mise en \u0153uvre des consultations des chr\u00e9tiens de nos paroisses sur la <em>Synodalit\u00e9 <\/em>en \u00c9<em>glise<\/em> (\u00e0 partir du 17 octobre) et de <em>l\u2019A.D.O<\/em> d\u00e9centralis\u00e9e (Assembl\u00e9e Dioc\u00e9saine Ordinaire) qui aura lieu le 12 mars, journ\u00e9e de r\u00e9flexion sur l\u2019organisation de la vie de l\u2019Eglise locale. (\u2018Entre h\u00e9ritage et cr\u00e9ativit\u00e9, audace\u2019\u2019!)<\/span><\/p>\n<p><span style=\"color: #000000;\"><strong>Repas avec les chefs scouts :\u00a0<\/strong><\/span><span style=\"color: #000000;\"><strong>Jeudi 21 octobre \u00e0 Jarville \u00e0 19h <\/strong>nos paroisses invitent les chefs scouts \u00e0 un repas convivial pour mieux faire connaissance.<\/span><\/p>\n<p><span style=\"color: #000000;\"><strong>La Semaine missionnaire mondiale 2021 du 17 au 24 octobre :<\/strong><\/span><span style=\"color: #000000;\"><strong><em>\u2018\u2019Il nous est impossible de nous taire\u2019\u2019<\/em><\/strong><\/span><\/p>\n<p><span style=\"color: #000000;\"><strong>Vendredi 22 octobre<\/strong>, de 18h30 \u00e0 19h30, \u00e0 l&rsquo;\u00e9glise Saint-Fiacre de Nancy : temps d&rsquo;adoration. Pri\u00e8re pour les missions.<\/span><\/p>\n<p><span style=\"color: #000000;\"><strong>Dimanche 24 octobre, \u00e0 10h30, \u00e0 l&rsquo;\u00e9glise du Sacr\u00e9-Coeur \u00e0 Jarville-la-Malgrange : messe pontificale pour les missions pr\u00e9sid\u00e9e par notre \u00e9v\u00eaque, Mgr Jean-Louis Papin. <\/strong>Nous proposerons \u00e0 l\u2019issue de la c\u00e9l\u00e9bration, un moment convivial.<\/span><\/p>\n<p><span style=\"color: #000000;\"><strong>Vendredi 26 novembre<\/strong>, \u00e0 18h, salle Henri Blaise au 38 rue de Laxou \u00e0 Nancy : duplex avec Mgr Youssef Soueif, archev\u00eaque maronite de Tripoli (Liban). Au programme : situation au Liban ; nouvelles du parrainage dioc\u00e9sain de l&rsquo;\u00e9cole Saint-Antoine-de-Padoue au Liban.<\/span><\/p>\n<p><span style=\"color: #000000;\"><strong>Horaires des messes dominicales des 24 et 25 octobre 2021<\/strong><\/span><\/p>\n<p><span style=\"color: #000000;\"><strong>Samedi soir\u00a0: 18h\u00a0: <\/strong>Pierreville\u00a0 &#8211;<strong>\u00a018h30 <\/strong>Heillecourt et Laneuveville\u00a0<\/span><\/p>\n<p><span style=\"color: #000000;\"><strong>Dimanche\u00a0: 10h <\/strong>Flavigny, Fl\u00e9ville<strong> &#8211; 10h30 <\/strong>Jarville et Neuves-Maisons<\/span><\/p>\n<p><span style=\"color: #000000;\"><strong>\u2018\u2019Pour une <\/strong><strong>\u00c9<\/strong><strong>glise synodale : communion, participation, mission\u2019\u2019 :\u00a0 <\/strong><\/span><span style=\"color: #000000;\"><strong>La XVI<sup>e<\/sup> assembl\u00e9e du Synode des \u00e9v\u00eaques s\u2019ouvre dans nos dioc\u00e8ses ce 17 octobre<\/strong>. <strong>Tous les fid\u00e8les la\u00efcs, clercs, consacr\u00e9s, sont invit\u00e9s \u00e0 participer \u00e0 la d\u00e9marche synodale, en se mettant par groupes \u00e0 l\u2019\u00e9coute de l\u2019Esprit Saint <\/strong>puis en envoyant la synth\u00e8se de leur partage \u00e0 l\u2019\u00e9quipe dioc\u00e9saine\u00a0: <a style=\"color: #000000;\" href=\"mailto:synode2023@catholique-nancy.fr\"><em>synode2023@catholique-nancy.fr<\/em><\/a>. au plus t\u00f4t et avant le 1<sup>er<\/sup> f\u00e9vrier<\/span><\/p>\n<p><span style=\"color: #000000;\"><strong>L\u2019objectif de cette premi\u00e8re phase<\/strong> est de favoriser un vaste processus de consultation pour rassembler la richesse <strong>des exp\u00e9riences<\/strong> <strong>de synodalit\u00e9 v\u00e9cue, <\/strong>dans leurs diff\u00e9rents aspects et diff\u00e9rentes facettes de nos <strong>\u00c9<\/strong>glises particuli\u00e8res.<\/span><\/p>\n<p><span style=\"color: #000000;\">On peut profiter d\u2019une rencontre d\u00e9j\u00e0 pr\u00e9vue (\u00e9quipes de lecture d\u2019\u00e9vangile, \u00e9quipes liturgiques, de fun\u00e9railles, chorales, parents cat\u00e9, groupes de pri\u00e8re etc \u2026). Mais il ne faut pas oublier d\u2019\u00e9couter la voix des pauvres et des exclus et pas seulement ceux et celles qui occupent une responsabilit\u00e9 au sein des Eglises particuli\u00e8res.<\/span><\/p>\n<p><span style=\"color: #000000;\"><strong>Une assembl\u00e9e synodale est diff\u00e9rente<\/strong> des groupes de travail, de pri\u00e8re, ou de relecture de vie \u00e9vang\u00e9lique .. Elle rel\u00e8ve un peu des trois. Il s\u2019agit <strong>de se mettre \u00e0 l\u2019\u00e9coute de la Parole de Dieu, de donner la parole \u00e0 chaque baptis\u00e9, de la laisser r\u00e9sonner, pour discerner dans cette parole ce que l\u2019Esprit Saint peut dire \u00e0 son <\/strong><strong>\u00c9<\/strong><strong>glise :<\/strong><\/span><\/p>\n<p><span style=\"color: #000000;\"><strong>\u00a0<\/strong><\/span><span style=\"color: #000000;\">\u2018<em>\u2019Le dialogue synodal implique le courage aussi bien de parler que d\u2019\u00e9couter. Il ne s\u2019agit pas de se lancer dans un d\u00e9bat dans lequel chaque interlocuteur tente de s\u2019imposer aux autres ou r\u00e9fute leurs positions \u00e0 coup d\u2019arguments tranchants, mais d\u2019exprimer avec respect tout ce que l\u2019on per\u00e7oit, en conscience, \u00eatre sugg\u00e9r\u00e9 par le Saint Esprit comme utile au discernement communautaire, tout en \u00e9tant ouvert et en m\u00eame temps pr\u00eat \u00e0 recueillir ce qui, dans les positions des autres, est sugg\u00e9r\u00e9 par le m\u00eame Esprit\u00a0 \u2018\u2019 pour le bien commun\u2019\u2019\u00a0\u00a0\u00a0\u00a0\u00a0\u00a0\u00a0\u00a0\u00a0\u00a0\u00a0\u00a0\u00a0\u00a0\u00a0\u00a0\u00a0\u00a0\u00a0\u00a0\u00a0\u00a0\u00a0\u00a0\u00a0\u00a0\u00a0\u00a0\u00a0\u00a0\u00a0\u00a0\u00a0\u00a0\u00a0\u00a0\u00a0\u00a0\u00a0\u00a0\u00a0 Commission Th\u00e9ologique Internationale, document sur la Synodalit\u00e9\u00a0 n\u00b0111<\/em><\/span><\/p>\n<p><span style=\"color: #000000;\"><em>\u00a0<\/em><\/span><span style=\"color: #000000;\"><strong>L\u2019interrogation fondamentale qui guide cette consultation du peuple de Dieu est :\u00a0<\/strong><\/span><span style=\"color: #000000;\"><strong>Une Eglise synodale, en annon\u00e7ant l\u2019Evangile, \u2018\u2019marche ensemble\u2019\u2019 &#8211;\u00a0<\/strong><\/span><span style=\"color: #000000;\"><strong>Comment ce \u2018\u2019marcher ensemble\u2019\u2019 se r\u00e9alise-t-il aujourd\u2019hui dans notre Eglise particuli\u00e8re\u00a0?<\/strong><\/span><\/p>\n<p><span style=\"color: #000000;\"><strong>Quels pas l\u2019Esprit nous invite-t-il \u00e0 accomplir pour grandir dans notre\u2019\u2019 marcher ensemble\u2019\u2019 ?<\/strong><\/span><\/p>\n<p><span style=\"color: #000000;\">*Voir aussi le site du dioc\u00e8se : <a style=\"color: #000000;\" href=\"http:\/\/www.catholique-nancy.fr\/synode2023\">www.catholique-nancy.fr\/synode2023\u00a0<\/a><\/span><\/p>\n<p><span style=\"color: #000000;\"><strong>Fin f\u00e9vrier, une synth\u00e8se<\/strong> \u00e0 partir des notes, sera r\u00e9dig\u00e9e <strong>par l\u2019\u00e9quipe du dioc\u00e8se<\/strong> et transmise \u00e0 la CEF (conf\u00e9rence des \u00e9v\u00eaques de France) \u00e0 Rome.<\/span><\/p>\n<p>\u00a0<\/p>\n<p><span style=\"color: #000000;\"><strong>AUTRES ANNONCES<\/strong><\/span><\/p>\n<p><span style=\"color: #000000;\"><strong>Conf\u00e9rence de la Formation continue de la foi : Saint Ir\u00e9n\u00e9e :\u00a0<\/strong><\/span><span style=\"color: #000000;\"><strong>le 19\/10\/2021 <\/strong><strong>de 14h30 \u00e0 16h ou de 20h30 \u00e0 22h au Domaine de l&rsquo;Asn\u00e9e<\/strong>, 11 rue de Laxou, Villers-l\u00e8s-Nancy <a style=\"color: #000000;\" href=\"mailto:formation@catholique-nancy.fr\">Service dioc\u00e9sain de la formation permanente<\/a> 03 83 44 27 15 avec Marie-Anne Vannier, philosophe et th\u00e9ologienne, professeur \u00e0 l&rsquo;universit\u00e9 de Lorraine, sp\u00e9cialiste des P\u00e8res de l&rsquo;Eglise (particuli\u00e8rement de saint Augustin) et des mystiques rh\u00e9nans.\u00a0<\/span><span style=\"color: #000000;\">la Formation continue de la foi (FCF) continue \u00e0 puiser dans les grandes figures de l\u2019\u00c9glise, \u00e0 travers un cycle de six conf\u00e9rences. Le th\u00e8me de cette premi\u00e8re conf\u00e9rence : Saint Ir\u00e9n\u00e9e, la divinisation.\u00a0<\/span><span style=\"color: #000000;\">La conf\u00e9rence \u00a0pourra \u00eatre visionn\u00e9e sur Internet, sur la cha\u00eene YouTube du dioc\u00e8se. Vous pouvez demander lors de l&rsquo;inscription \u00e0 recevoir le lien de cette vid\u00e9o.\u00a0<\/span><span style=\"color: #000000;\">Cette ann\u00e9e, la participation est libre. \u00c0 titre indicatif, en 2020-2021, il \u00e9tait demand\u00e9 40 \u20ac pour l\u2019ensemble du cycle, ou 10 \u20ac la conf\u00e9rence.<\/span><\/p>\n<p><span style=\"color: #000000;\"><strong>Lecture de l\u2019Evangile et des lettres de Jean :\u00a0<\/strong><\/span><span style=\"color: #000000;\"><strong>Le vendredi 22\/10\/2021 de 20h30 \u00e0 22h30 , salle Saint Anne, <\/strong>\u00e9glise Ste Anne de Beauregard \u00a0pr\u00e9sentation par le p\u00e8re Arnaud Mansuy\u00a0: une double proposition de lecture de l\u2019Evangile de Saint Jean ou des trois lettres de Saint Jean<\/span><\/p>\n","protected":false},"excerpt":{"rendered":"<p>Bapt\u00eame, Confirmation, Communion Ce samedi, 16 octobre \u00e0 Jarville, 34 jeunes ont \u00e9t\u00e9 confirm\u00e9s. Un jeune a \u00e9t\u00e9 baptis\u00e9 et deux d\u2019entre ont communi\u00e9 pour la premi\u00e8re fois. Portons tous ces jeunes dans notre pri\u00e8re. Rosaire :\u00a0 Tous les lundis d\u2019octobre, \u00e0 17h \u00e0 Jarville, les \u00e9quipes du rosaire vous invitent \u00e0 la pri\u00e8re du&hellip; <br \/> <a class=\"read-more\" href=\"https:\/\/paroisses-nancy-sud.fr\/HOME\/annonces-paroissiales-de-saint-francois-de-sales-et-sainte-jeanne-de-chantal-du-16-octobre\/\">Lire la suite<\/a><\/p>\n","protected":false},"author":6,"featured_media":553,"comment_status":"closed","ping_status":"open","sticky":false,"template":"","format":"standard","meta":[],"categories":[7],"tags":[],"acf":[],"_links":{"self":[{"href":"https:\/\/paroisses-nancy-sud.fr\/HOME\/wp-json\/wp\/v2\/posts\/1477"}],"collection":[{"href":"https:\/\/paroisses-nancy-sud.fr\/HOME\/wp-json\/wp\/v2\/posts"}],"about":[{"href":"https:\/\/paroisses-nancy-sud.fr\/HOME\/wp-json\/wp\/v2\/types\/post"}],"author":[{"embeddable":true,"href":"https:\/\/paroisses-nancy-sud.fr\/HOME\/wp-json\/wp\/v2\/users\/6"}],"replies":[{"embeddable":true,"href":"https:\/\/paroisses-nancy-sud.fr\/HOME\/wp-json\/wp\/v2\/comments?post=1477"}],"version-history":[{"count":1,"href":"https:\/\/paroisses-nancy-sud.fr\/HOME\/wp-json\/wp\/v2\/posts\/1477\/revisions"}],"predecessor-version":[{"id":1478,"href":"https:\/\/paroisses-nancy-sud.fr\/HOME\/wp-json\/wp\/v2\/posts\/1477\/revisions\/1478"}],"wp:featuredmedia":[{"embeddable":true,"href":"https:\/\/paroisses-nancy-sud.fr\/HOME\/wp-json\/wp\/v2\/media\/553"}],"wp:attachment":[{"href":"https:\/\/paroisses-nancy-sud.fr\/HOME\/wp-json\/wp\/v2\/media?parent=1477"}],"wp:term":[{"taxonomy":"category","embeddable":true,"href":"https:\/\/paroisses-nancy-sud.fr\/HOME\/wp-json\/wp\/v2\/categories?post=1477"},{"taxonomy":"post_tag","embeddable":true,"href":"https:\/\/paroisses-nancy-sud.fr\/HOME\/wp-json\/wp\/v2\/tags?post=1477"}],"curies":[{"name":"wp","href":"https:\/\/api.w.org\/{rel}","templated":true}]}}