{"id":1541,"date":"2021-11-06T10:11:17","date_gmt":"2021-11-06T09:11:17","guid":{"rendered":"https:\/\/paroisses-nancy-sud.fr\/HOME\/?p=1541"},"modified":"2021-11-06T10:14:54","modified_gmt":"2021-11-06T09:14:54","slug":"annonces-de-saint-francois-de-sales-et-sainte-jeanne-de-chantal-du-7-novembre","status":"publish","type":"post","link":"https:\/\/paroisses-nancy-sud.fr\/HOME\/annonces-de-saint-francois-de-sales-et-sainte-jeanne-de-chantal-du-7-novembre\/","title":{"rendered":"Annonces de Saint-Fran\u00e7ois-de-Sales et Sainte-Jeanne-de-Chantal du 7 novembre"},"content":{"rendered":"\n<p class=\"Normal tm13\" style=\"text-align: left;\"><span style=\"color: #000000;\"><strong><span class=\"tm15\">Qu\u00eate de sortie de d\u00e9but du mois : <br \/><\/span><\/strong><strong><span class=\"tm18\">Samedi 6 et dimanche 7 novembre <\/span><\/strong><span class=\"tm19\">la qu\u00eate suppl\u00e9mentaire du premier dimanche du mois pour les frais de nos paroisses aura lieu \u00e0 la sortie des messes \u00e0 Saint-Fran\u00e7ois-de-Sales et \u00e0 Sainte-Jeanne-de-Chantal.<\/span> <span class=\"tm19\">Merci. <\/span><\/span><\/p>\n<p class=\"Normal tm20\" style=\"text-align: left;\"><span style=\"color: #000000;\"><strong><span class=\"tm15\">Calendriers scouts : <br \/><\/span><\/strong><strong><span class=\"tm14\">Le 7 novembre \u00e0 l\u2019issue de la messe \u00e0 Jarville, vente de calendriers scouts 2022 au prix de 5 euros. <\/span><\/strong><\/span><\/p>\n<p class=\"Normal tm13\" style=\"text-align: left;\"><span style=\"color: #000000;\"><strong><span class=\"tm15\">Veill\u00e9e chants et louange : <br \/><\/span><\/strong><strong><span class=\"tm18\">Vendredi 12 novembre de 20h30 \u00e0 21h30, \u00e0 Jarville, veill\u00e9e de chants sur le th\u00e8me du Christ-Roi. <\/span><\/strong><\/span><\/p>\n<p class=\"Normal tm20\" style=\"text-align: left;\"><span style=\"color: #000000;\"><strong><span class=\"tm15\">Table ouverte : <br \/><\/span><\/strong><strong><span class=\"tm14\">Le dimanche 14 novembre \u00e0 Jarville \u00e0 midi, <\/span><span class=\"tm14\">reprise de la table ouverte,<\/span><\/strong><span class=\"tm24\"> que vous soyez habitu\u00e9s ou non \u00e0 la paroisse\u00a0! Chacun apporte de quoi partager. <br \/><\/span><span class=\"tm24\">Venez en toute simplicit\u00e9, pour passer un bon moment et (re)faire connaissance\u00a0! <\/span><\/span><\/p>\n<p class=\"Normal tm13\" style=\"text-align: left;\"><span style=\"color: #000000;\"><strong><span class=\"tm15\">Go\u00fbter de la Sainte C\u00e9cile : <br \/><\/span><\/strong><strong><span class=\"tm14\">Tous les membres des chorales, les animateurs et musiciens<\/span><\/strong><span class=\"tm24\"> de nos c\u00e9l\u00e9brations sont invit\u00e9s<\/span><strong><span class=\"tm14\"> le dimanche 21 novembre \u00e0 partir de 15h, <\/span><\/strong><span class=\"tm24\">salle paroissiale de Jarville, pour un <\/span><strong><span class=\"tm14\">go\u00fbter cr\u00eapes<\/span><\/strong><span class=\"tm24\"> et \u2018\u2019autres choses qu\u2019on aime \u2018\u2019. Ce sera l\u2019occasion de mieux se conna\u00eetre et de partager un moment convivial. <\/span><\/span><\/p>\n<p class=\"Normal tm20\" style=\"text-align: left;\"><span style=\"color: #000000;\"><strong><span class=\"tm15\">Confirmands : <br \/><\/span><\/strong><strong><span class=\"tm14\">Le samedi 20 novembre, <\/span><\/strong><span class=\"tm24\">premier temps fort de pr\u00e9paration \u00e0 la confirmation pour les jeunes de 4<\/span><sup><span class=\"tm24\">\u00e8me<\/span><\/sup><span class=\"tm24\">, 3<\/span><sup><span class=\"tm24\">\u00e8me<\/span><\/sup><span class=\"tm24\"> ou plus, de nos secteurs Nancy-Sud, Nancy-Ouest et du coll\u00e8ge de La Malgrange. Prendre contact avec le p\u00e8re Alexandre-Marie\u00a0: <\/span><u><a style=\"color: #000000;\" href=\"mailto:amvalder@lilo.org\"><span class=\"tm24\">amvalder@lilo.org<\/span><\/a><\/u><span class=\"tm24\">\u00a0 07 71 03 96 97<\/span><\/span><\/p>\n<p class=\"Normal tm25 tm26\" style=\"text-align: left;\"><span style=\"color: #000000;\"><strong><span class=\"tm15\">Attention changement d\u2019horaire le samedi ! :<br \/><\/span><\/strong><strong><span class=\"tm14\">A partir de ce samedi 6 novembre<\/span><\/strong><span class=\"tm24\">, <\/span><strong><span class=\"tm14\">les messes de Heillecourt et Laneuveville ont lieu \u00e0 18h. <\/span><\/strong><\/span><\/p>\n<p class=\"Normal tm28\" style=\"text-align: left;\"><span style=\"color: #000000;\"><strong><span class=\"tm17\">Horaires des messes du 11 novembre : <br \/><\/span><\/strong><strong><span class=\"tm14\">Mercredi 10<\/span> <span class=\"tm14\">novembre\u00a0: <\/span><\/strong><span class=\"tm14\">18h Ludres<\/span> <\/span><br \/><span style=\"color: #000000;\"><strong><span class=\"tm14\">Jeudi 11 novembre\u00a0: <\/span><\/strong><span class=\"tm14\">9h45 Heillecourt <\/span><strong><span class=\"tm14\"><br \/><\/span><\/strong><strong><span class=\"tm31\">Pour Jarville, <\/span><\/strong><span class=\"tm31\"><strong>les anciens combattants<\/strong> se r\u00e9uniront \u00e0 la messe du dimanche 7 Novembre, 10h30<\/span><\/span><\/p>\n<p class=\"Normal tm32\" style=\"text-align: left;\"><span style=\"color: #000000;\"><strong><span class=\"tm17\">\u00a0Horaire des messes dominicales des 13 et 14 novembre 2021 : <br \/><\/span><\/strong><strong><span class=\"tm14\">Samedi 13 nov.\u00a0: 18h<\/span><\/strong><span class=\"tm24\">\u00a0\u00e0 Parey-St-C\u00e9saire <\/span><strong><span class=\"tm14\">18h<\/span><\/strong><span class=\"tm24\"> \u00e0 Heillecourt et Laneuveville <\/span><strong><span class=\"tm14\">Dimanche 14 nov.: 10h<\/span><\/strong><span class=\"tm24\">\u00a0\u00e0 Flavigny, Fl\u00e9ville 1<\/span><strong><span class=\"tm14\">0h30<\/span><\/strong><span class=\"tm24\"> \u00e0 Jarville et Neuves-Maisons <\/span><\/span><\/p>\n<p class=\"Normal tm33\" style=\"text-align: left;\"><span style=\"color: #000000;\"><strong><span class=\"tm17\">Consultation pour la synodalit\u00e9 de l\u2019Eglise : <br \/><\/span><\/strong><em><span class=\"tm19\">\u2018\u2019Pour une <\/span><span class=\"tm24\">\u00c9<\/span><span class=\"tm19\">glise synodale : communion, participation, mission\u2019\u2019 <br \/><\/span><\/em><span class=\"tm24\">Alors que la phase dioc\u00e9saine du prochain Synode a \u00e9t\u00e9 ouverte il y a moins de deux semaines \u00e0 travers le monde<\/span><span class=\"tm24\">, le calendrier est d\u00e9j\u00e0 modifi\u00e9. La raison \u00e0 cela\u00a0? De\u00a0<\/span><em><span class=\"tm37\">\u00abnombreuses communications\u00bb\u00a0<\/span><\/em><span class=\"tm24\">re\u00e7ues de la part<\/span><em><span class=\"tm37\">\u00a0\u00abdes Conf\u00e9rences \u00e9piscopales et des dioc\u00e8ses\u00bb<\/span><\/em><span class=\"tm24\">, explique le Secr\u00e9tariat g\u00e9n\u00e9ral du Synode des \u00e9v\u00eaques, y voyant une\u00a0<\/span><em><span class=\"tm37\">\u00abconfirmation encourageante\u00bb<\/span><\/em><span class=\"tm24\"> de l\u2019int\u00e9r\u00eat suscit\u00e9 par cette d\u00e9marche eccl\u00e9siale. <br \/><\/span><span class=\"tm19\">N\u2019h\u00e9sitez pas \u00e0 vous procurer <\/span><strong><span class=\"tm18\">le document<\/span><\/strong><span class=\"tm19\"> vous permettant de participer \u00e0 cette r\u00e9flexion seul ou en <\/span><strong><span class=\"tm18\">groupe \u00e0 la sortie de nos \u00e9glises et \u00e0<\/span><\/strong><span class=\"tm19\"> vous rendre <\/span><strong><span class=\"tm18\">sur le <a style=\"color: #000000;\" href=\"https:\/\/www.catholique-nancy.fr\/pour-agir-et-echanger\/synode-2023\">site du dioc\u00e8se.<\/a><\/span><\/strong><strong><span class=\"tm18\">\u00a0<br \/><\/span><\/strong><strong><span class=\"tm17\">L\u2019interrogation fondamentale qui guide cette consultation du peuple de Dieu est\u00a0: <br \/><\/span><\/strong><em><strong><span class=\"tm17\">Une <\/span><span class=\"tm14\">\u00c9<\/span><span class=\"tm17\">glise synodale, en annon\u00e7ant l\u2019\u00c9vangile, \u2018\u2019marche ensemble\u2019\u2019<br \/><\/span><\/strong><strong><span class=\"tm39\">Comment ce \u2018\u2019marcher ensemble\u2019\u2019 se r\u00e9alise-t-il aujourd\u2019hui dans notre \u00c9glise particuli\u00e8re ?<br \/><\/span><\/strong><strong><span class=\"tm39\">Quels pas l\u2019Esprit nous invite-t-il \u00e0 accomplir pour grandir dans notre\u2019\u2019 marcher ensemble\u2019\u2019<\/span><span class=\"tm18\">\u00a0?<\/span><\/strong><\/em><\/span><\/p>\n<p class=\"Normal tm41\" style=\"text-align: left;\"><span style=\"color: #000000;\"><span class=\"tm40\">\u00a0<\/span><strong>A<span class=\"tm15\">UTRES ANNONCES : <br \/>&#8211;\u00a0<\/span><\/strong><strong> <span class=\"tm15\">Journ\u00e9es mondiales de la Jeunesse dioc\u00e9saines 2021 <\/span><\/strong><span class=\"tm44\">\u00ab<\/span><em><span class=\"tm45\">J\u00e9sus le t\u00e9moin fid\u00e8le\u00a0\u00bb<br \/><br \/>&#8211;\u00a0<\/span><\/em><strong> <span class=\"tm14\">Le dimanche 21 novembre \u00e0 10h \u00e0 la cath\u00e9drale de Toul : <\/span><\/strong><span class=\"tm24\">les JMJ dioc\u00e9saines sont une \u00e9tape vers les grandes JMJ de Lisbonne en 2023: <\/span><em><span class=\"tm37\">\u00abEn cette f\u00eate, l\u2019\u00c9glise proclame le Royaume du Christ, d\u00e9j\u00e0 pr\u00e9sent mais encore en croissance myst\u00e9rieuse vers sa pleine manifestation. Vous les jeunes, \u00eates les porteurs irrempla\u00e7ables de la dynamique.\u00bb Pape Fran\u00e7ois.<\/span><\/em><\/span><\/p>\n<p class=\"Normal tm41\" style=\"text-align: left;\"><span style=\"color: #000000;\"><strong><span class=\"tm15\">&#8211; Statue de Saint Joseph : <\/span><\/strong><em><span class=\"tm37\">En cette ann\u00e9e Saint-Joseph, notre dioc\u00e8se propose \u00e0 tous les foyers qui le veulent\u00a0: accueillir une statue de saint Joseph pendant une semaine et prier chaque jour de cette semaine pour les vocations de pr\u00eatres dont notre dioc\u00e8se a tant et tant besoin\u00a0! Pendant que l\u2019on est l\u2019h\u00f4te de Saint Joseph, on prie chaque jour, \u00e0 plusieurs si possible, la pri\u00e8re propos\u00e9e. Contactez Etienne d\u2019Hausen : <\/span><strong><span class=\"tm31\">servicedesvocationsnancy@gmail.com ; 06 95 39 19 74<\/span><\/strong><span class=\"tm49\">. <\/span><span class=\"tm24\">Merci pour votre relais et votre pri\u00e8re ! <br \/><\/span><\/em><\/span><\/p>\n<p class=\"Normal tm41\" style=\"text-align: left;\"><span style=\"color: #000000;\"><em><span class=\"tm24\">&#8211; <\/span><\/em><strong><span class=\"tm14\">Conf\u00e9rence \u00ab comment croire aux fins derni\u00e8res ? Se fier jusqu&rsquo;au bout \u00e0 la parole de J\u00e9sus \u00bb, par le p. Philippe Vallin .<br \/><\/span><\/strong><span class=\"tm24\">Mercredi 10 novembre \u00e0 20h15 salle Notre-Dame des Anges (juste \u00e0 c\u00f4t\u00e9 de l&rsquo;\u00e9glise St L\u00e9on).<br \/><br \/><\/span><strong><span class=\"tm44\">&#8211; R\u00e9collection \u00e0 la cath\u00e9drale de Toul, propos\u00e9e par le p\u00e8re J. Bombardier. <\/span><\/strong><strong><span class=\"tm14\">Le jeudi 11\/11\/2021<\/span><span class=\"tm14\">\u00a0<\/span><span class=\"tm14\">de 09h30\u00e0 17h30 \u00e0 la <\/span><span class=\"tm14\">Cath\u00e9drale de Toul<\/span><\/strong><span class=\"tm24\">\u00a0: une journ\u00e9e de r\u00e9collection alliant visite du monument et lectures bibliques, temps d\u2019enseignement, de pri\u00e8re solitaire et de c\u00e9l\u00e9brations communes. Vous vivrez cette journ\u00e9e dans la cath\u00e9drale, vous laissant informer et former par elle, permettant ainsi au \u00ab projet gothique \u00bb de r\u00e9aliser ce pourquoi il a \u00e9t\u00e9 invent\u00e9 : nous conduire \u00e0 la splendeur lumineuse de Dieu et nous laisser illuminer.<\/span><strong><span class=\"tm14\"> Contact <\/span><\/strong><a style=\"color: #000000;\" href=\"mailto:jacques.bombardier@wanadoo.fr\"><span class=\"tm24\">P\u00e8re Jacques Bombardier<\/span><\/a><span class=\"tm24\">. <\/span><strong><span class=\"tm14\">T\u00e9l\u00e9phone <\/span><\/strong><span class=\"tm24\">06 12 81 73 05 . <br \/><br \/>&#8211; <\/span><strong>Re<span class=\"tm44\">d\u00e9couvrez l\u2019histoire du dioc\u00e8se : <\/span><\/strong><span class=\"tm24\">Les passionnantes conf\u00e9rences donn\u00e9es par le p\u00e8re Jacques Bombardier sur l&rsquo;histoire du dioc\u00e8se de Nancy et de Toul, durant l\u2019ann\u00e9e dioc\u00e9saine, continuent \u00e0 para\u00eetre en \u00ab Cahiers \u00bb durant l\u2019ann\u00e9e 2020-21. La derni\u00e8re s\u00e9rie de quatre fascicules qui couvrent la p\u00e9riode du XVII<\/span><sup><span class=\"tm24\">e<\/span><\/sup><span class=\"tm24\">\u00a0au XXI<\/span><sup><span class=\"tm24\">e<\/span><\/sup><span class=\"tm24\">\u00a0si\u00e8cle (jusqu&rsquo;en 1914) est disponible. Commandez cette s\u00e9rie\u00a0au plus tard le 30 novembre 2021.<br \/><br \/>&#8211; <\/span><strong><span class=\"tm15\">Service dioc\u00e9sain de la diaconie et de la solidarit\u00e9 : <\/span><\/strong><span class=\"tm24\">Sensibiliser, coordonner, soutenir sont les trois axes principaux de la mission de ce nouveau service. Le d\u00e9l\u00e9gu\u00e9 dioc\u00e9sain est Jean-Luc Ciszewicz. <\/span><strong><span class=\"tm14\">Le dimanche14 novembre est la journ\u00e9e mondiale des pauvres institu\u00e9e par le pape Fran\u00e7ois<\/span><\/strong><span class=\"tm24\">. <br \/><\/span><span class=\"tm24\">Une <\/span><strong><span class=\"tm9\">braderie solidaire et \u00e9coresponsable<\/span><\/strong><span class=\"tm8\"> est propos\u00e9e par l\u2019\u00e9quipe diaconie de la paroisse Charles de Foucauld, du <\/span><strong><span class=\"tm9\">13 novembre \u00e0 15h au 14 novembre \u00e0 16 h salle Henri Blaise<\/span><\/strong><\/span><span class=\"tm8\"><span style=\"color: #000000;\"> 39 rue de Laxou \u00e0 Nancy<\/span> <\/span><\/p>\n","protected":false},"excerpt":{"rendered":"<p>Qu\u00eate de sortie de d\u00e9but du mois : Samedi 6 et dimanche 7 novembre la qu\u00eate suppl\u00e9mentaire du premier dimanche du mois pour les frais de nos paroisses aura lieu \u00e0 la sortie des messes \u00e0 Saint-Fran\u00e7ois-de-Sales et \u00e0 Sainte-Jeanne-de-Chantal. Merci. Calendriers scouts : Le 7 novembre \u00e0 l\u2019issue de la messe \u00e0 Jarville, vente&hellip; <br \/> <a class=\"read-more\" href=\"https:\/\/paroisses-nancy-sud.fr\/HOME\/annonces-de-saint-francois-de-sales-et-sainte-jeanne-de-chantal-du-7-novembre\/\">Lire la suite<\/a><\/p>\n","protected":false},"author":5,"featured_media":553,"comment_status":"closed","ping_status":"open","sticky":false,"template":"","format":"standard","meta":[],"categories":[7],"tags":[],"acf":[],"_links":{"self":[{"href":"https:\/\/paroisses-nancy-sud.fr\/HOME\/wp-json\/wp\/v2\/posts\/1541"}],"collection":[{"href":"https:\/\/paroisses-nancy-sud.fr\/HOME\/wp-json\/wp\/v2\/posts"}],"about":[{"href":"https:\/\/paroisses-nancy-sud.fr\/HOME\/wp-json\/wp\/v2\/types\/post"}],"author":[{"embeddable":true,"href":"https:\/\/paroisses-nancy-sud.fr\/HOME\/wp-json\/wp\/v2\/users\/5"}],"replies":[{"embeddable":true,"href":"https:\/\/paroisses-nancy-sud.fr\/HOME\/wp-json\/wp\/v2\/comments?post=1541"}],"version-history":[{"count":4,"href":"https:\/\/paroisses-nancy-sud.fr\/HOME\/wp-json\/wp\/v2\/posts\/1541\/revisions"}],"predecessor-version":[{"id":1545,"href":"https:\/\/paroisses-nancy-sud.fr\/HOME\/wp-json\/wp\/v2\/posts\/1541\/revisions\/1545"}],"wp:featuredmedia":[{"embeddable":true,"href":"https:\/\/paroisses-nancy-sud.fr\/HOME\/wp-json\/wp\/v2\/media\/553"}],"wp:attachment":[{"href":"https:\/\/paroisses-nancy-sud.fr\/HOME\/wp-json\/wp\/v2\/media?parent=1541"}],"wp:term":[{"taxonomy":"category","embeddable":true,"href":"https:\/\/paroisses-nancy-sud.fr\/HOME\/wp-json\/wp\/v2\/categories?post=1541"},{"taxonomy":"post_tag","embeddable":true,"href":"https:\/\/paroisses-nancy-sud.fr\/HOME\/wp-json\/wp\/v2\/tags?post=1541"}],"curies":[{"name":"wp","href":"https:\/\/api.w.org\/{rel}","templated":true}]}}