{"id":1558,"date":"2021-11-14T18:47:59","date_gmt":"2021-11-14T17:47:59","guid":{"rendered":"https:\/\/paroisses-nancy-sud.fr\/HOME\/?p=1558"},"modified":"2021-11-14T18:52:52","modified_gmt":"2021-11-14T17:52:52","slug":"annonces-de-saint-francois-de-sales-et-sainte-jeanne-de-chantal-du-14-novembre","status":"publish","type":"post","link":"https:\/\/paroisses-nancy-sud.fr\/HOME\/annonces-de-saint-francois-de-sales-et-sainte-jeanne-de-chantal-du-14-novembre\/","title":{"rendered":"Annonces de Saint-Fran\u00e7ois-de-Sales et Sainte-Jeanne-de-Chantal du 14 novembre"},"content":{"rendered":"\n<p><span style=\"color: #000000;\"><strong>Table ouverte : <\/strong><\/span><br \/><span style=\"color: #000000;\">Ce dimanche 14 novembre \u00e0 Jarville \u00e0 midi, reprise de la table ouverte, <\/span><span style=\"color: #000000;\">que vous soyez habitu\u00e9s ou non \u00e0 la paroisse ! Chacun apporte de quoi <\/span><span style=\"color: #000000;\">partager. Venez en toute simplicit\u00e9, pour passer un bon moment et <\/span><span style=\"color: #000000;\">(re)faire connaissance !<\/span><\/p>\n<p><span style=\"color: #000000;\"><strong>Rencontres des EAP de nos paroisses : <\/strong><\/span><br \/><span style=\"color: #000000;\"><strong>Le jeudi 18 novembre<\/strong> \u00e0 14h30 l\u2019EAP de Sainte-Jeanne-de-Chantal se r\u00e9unit<\/span><br \/><span style=\"color: #000000;\">\u00e0 Ludres.<\/span><br \/><span style=\"color: #000000;\"><strong>Le vendredi 19 novembre<\/strong> \u00e0 9h30 h l\u2019EAP de Saint-Fran\u00e7ois-de-Sales se r\u00e9unit \u00e0 Jarville.<\/span><br \/><span style=\"color: #000000;\"><em>A l\u2019ordre du jour<\/em>, travail sur la p\u00e9riode de No\u00ebl et sur le synode sur la synodalit\u00e9 en \u00c9glise.<\/span><\/p>\n<p><span style=\"color: #000000;\"><strong>Go\u00fbter de la Sainte C\u00e9cile : <\/strong><\/span><br \/><span style=\"color: #000000;\">Tous les membres des chorales, les animateurs et musiciens de nos c\u00e9l\u00e9brations sont invit\u00e9s le dimanche 21 novembre \u00e0 partir de 15h, salle paroissiale de Jarville, pour un go\u00fbter cr\u00eapes et \u2018\u2019autres choses qu\u2019on aime \u2018\u2019. Ce sera l\u2019occasion de mieux se conna\u00eetre et de partager un moment<\/span><br \/><span style=\"color: #000000;\">convivial.<\/span><\/p>\n<p><span style=\"color: #000000;\"><strong>March\u00e9 de No\u00ebl :<\/strong><\/span><br \/><span style=\"color: #000000;\"><strong>Les 4 d\u00e9cembre \u00e0 Laneuveville de 17h \u00e0 20h et le 5 d\u00e9cembre \u00e0 Jarville10h \u00e0 13h, sur le parvis <\/strong>des \u00e9glises, le groupe des \u2018\u2019Abeilles du mardi\u2019\u2019 de Jarville proposera des d\u00e9corations de No\u00ebl toujours confectionn\u00e9es avec talent avec du mat\u00e9riel de r\u00e9cup\u00e9ration, de la confiture, des escargots, de la charcuterie ou des fruits de mer que vous pourrez d\u00e9guster sur place ou emporter.<\/span><br \/><span style=\"color: #000000;\"><strong>Chauds les marrons : <\/strong><\/span><br \/><span style=\"color: #000000;\">Comme les ann\u00e9es pr\u00e9c\u00e9dentes, pendant la p\u00e9riode de l\u2019Avent, des animations auront lieu sur les parvis de nos \u00e9glises : accueil, musique et chants de No\u00ebl, discussions, marrons chauds et chocolat chaud, g\u00e2teaux, visite de la cr\u00e8che : <strong>\u00e0 Jarville les mardis 7 et 14 d\u00e9cembre, le samedi<\/strong><\/span><br \/><span style=\"color: #000000;\"><strong>18 d\u00e9cembre, \u00e0 Flavigny le samedi 11 ou 18 d\u00e9cembre<\/strong>. Pensez \u00e0 proposer ce moment convivial autour de vous. Par ailleurs, les \u00e9glises, ouvertes en d\u00e9cembre, permettront de voir les cr\u00e8ches et de s\u2019y recueillir.<\/span><\/p>\n<p><span style=\"color: #000000;\"><strong>Parcours Alpha :<\/strong> <\/span><br \/><span style=\"color: #000000;\">Un parcours Alpha, s\u00e9rie de 10 rencontres hebdomadaires (repas, suivi d\u2019un expos\u00e9 puis d\u2019un \u00e9change libre) d\u00e9marrera <strong>le mardi 11 janvier 2022<\/strong> \u00e0 Jarville. Ce parcours est ouvert \u00e0 tous. Chacun est accueilli de mani\u00e8re d\u00e9contract\u00e9e pour \u00e9changer en petits groupes, d\u00e9couvrir ou red\u00e9couvrir la foi chr\u00e9tienne .<\/span><\/p>\n<p><span style=\"color: #000000;\"><strong>Rencontre \u00e0 Richardm\u00e9nil :\u00a0<\/strong> <\/span><br \/><span style=\"color: #000000;\">L\u2019EAP de Sainte-Jeanne-de-Chantal souhaite rencontrer les chr\u00e9tiens de Richardm\u00e9nil. Une rencontre conviviale est propos\u00e9e aux personnes int\u00e9ress\u00e9es par la vie de l\u2019\u00c9glise (et de l\u2019\u00e9glise !) \u00e0 Richardm\u00e9nil, <strong>le samedi 27 novembre \u00e0 14h30<\/strong> (ou \u00e9ventuellement le samedi 4 d\u00e9cembre), dans les salles de l\u2019Union Familiale.<\/span><\/p>\n<p><span style=\"color: #000000;\"><strong>D\u00e9couvrez la Fresque du climat ! :<\/strong> <\/span><br \/><span style=\"color: #000000;\">\u2018\u2019 <em>Mieux comprendre le r\u00e9chauffement climatique<\/em> \u2018\u2019<\/span><br \/><span style=\"color: #000000;\">Une personne de Ludres, H.Demaie, nous propose <strong>une apr\u00e8s-midi d\u2019atelier<\/strong> dans le but de mieux comprendre le r\u00e9chauffement climatique. Un ou deux ateliers (accessibles aux adultes et aux jeunes de plus de 13 ans) pour 5 ou 6 personnes, avec construction d\u2019une fresque, \u00e9changes et r\u00e9flexion sur les causes et les cons\u00e9quences et ce que nous pouvons faire individuellement et <\/span><span style=\"color: #000000;\">collectivement pour lutter contre cela. Un premier groupe de 12 personnes maximum pourra se retrouver <strong>le dimanche 28 novembre \u00e0 partir de 14h30<\/strong> \u00e0 la maison paroissiale de Ludres. Un deuxi\u00e8me groupe de 12 personnes pourra se retrouver le dimanche 5 d\u00e9cembre. Les groupes \u00e9tant limit\u00e9s il vous est propos\u00e9 de de t\u00e9l\u00e9phoner aux coordinatrices : Odile 06 23 46 74 17 et Micheline 06 83 46 77 11<\/span><\/p>\n<p><span style=\"color: #000000;\"><strong>Horaires des messes dominicales des 20 et 21 novembre 2021 :<\/strong><\/span><br \/><span style=\"color: #000000;\"><strong>Samedi 20 nov.<\/strong> : 18h \u00e0 Chaligny, 18h \u00e0 heillecourt et Laneuveville<\/span><br \/><span style=\"color: #000000;\"><strong>Dimanche 21 nov.<\/strong>: 10h \u00e0 Frolois , 10h30 \u00e0 Jarville et Neuves-Maisons, 11h \u00e0 Ludres<\/span><\/p>\n<p><span style=\"color: #000000;\"><strong>Consultation pour la synodalit\u00e9 de l\u2019Eglise : <\/strong><\/span><br \/><span style=\"color: #000000;\">\u2018\u2019Pour une \u00c9glise synodale : communion, participation, mission\u2019\u2019<\/span><br \/><span style=\"color: #000000;\">Alors que la phase dioc\u00e9saine du prochain Synode a \u00e9t\u00e9 ouverte il y a quelques semaines \u00e0 travers le monde, le calendrier est prolong\u00e9, au vu de<\/span><br \/><span style=\"color: #000000;\">l\u2019int\u00e9r\u00eat suscit\u00e9 par cette d\u00e9marche eccl\u00e9siale. La consultation en dioc\u00e8se <\/span><span style=\"color: #000000;\">s\u2019ach\u00e8vera le 22 avril. Pensez \u00e0 vous procurer le document (vert) vous permettant de participer \u00e0 cette r\u00e9flexion, seul ou en groupe, \u00e0 la sortie de nos \u00e9glises, et \u00e0 vous rendre sur le site du dioc\u00e8se rubrique synode 2023. N\u2019h\u00e9sitez pas \u00e0 en parler avec les pr\u00eatres ou les coordinatrices si vous avez des questions pour d\u00e9marrer cette participation. L\u2019interrogation fondamentale qui guide cette consultation du peuple de Dieu est : <\/span><br \/><span style=\"color: #000000;\"><em><strong>Une \u00c9glise synodale, en annon\u00e7ant l\u2019\u00c9vangile, \u2018\u2019marche ensemble\u2019\u2019 : <\/strong><\/em><\/span><br \/><span style=\"color: #000000;\"><em><strong>&#8211; Comment ce \u2018\u2019marcher ensemble\u2019\u2019 se r\u00e9alise-t-il aujourd\u2019hui dans notre \u00c9glise particuli\u00e8re ?<\/strong><\/em><\/span><br \/><span style=\"color: #000000;\"><em><strong>&#8211; Quels pas l\u2019Esprit nous invite-t-il \u00e0 accomplir pour grandir dans notre\u2019\u2019 marcher ensemble\u2019\u2019 ?<\/strong><\/em><\/span><\/p>\n<p><span style=\"color: #000000;\"><strong>AUTRES ANNONCES : <\/strong><\/span><br \/><span style=\"color: #000000;\"><strong>&#8211; Journ\u00e9es mondiales de la Jeunesse 2021<\/strong> \u00ab J\u00e9sus le t\u00e9moin fid\u00e8le \u00bb<\/span><br \/><span style=\"color: #000000;\"><strong>Le dimanche 21 novembre \u00e0 11h \u00e0 la cath\u00e9drale de Toul<\/strong> : les JMJ en dioc\u00e8se sont une \u00e9tape vers les grandes JMJ de Lisbonne en 2023. Un temps joyeux pour les jeunes de 15 \u00e0 35 ans. Se retrouver pour f\u00eater le Christ Roi de l\u2019Univers. Voir le site du service jeunes pour les d\u00e9tails de la journ\u00e9e. Contacts : 03 83 90 99 39 ou mail : <a style=\"color: #000000;\" href=\"mailto:diojeunes@catholique-nancy.fr\">diojeunes@catholique-nancy.fr<\/a><\/span><br \/><span style=\"color: #000000;\">&#8211; <strong>Conf\u00e9rence St Antoine et les p\u00e8res du d\u00e9sert : <\/strong><\/span><br \/><span style=\"color: #000000;\"><strong>Le mardi 16 novembre \u00e0 14h30 ou \u00e0 20h30<\/strong> \u00e0 la maison de l\u2019Asn\u00e9e par la Formation continue de la foi, avec le P\u00e8re Michel Van Parys, du monast\u00e8re de Chevetogne.<\/span><br \/><span style=\"color: #000000;\">&#8211; <strong>Jean-Fran\u00e7ois KIEFFER en d\u00e9dicace \u00e0 la librairie de l\u2019Asn\u00e9e : <\/strong><\/span><br \/><span style=\"color: #000000;\">le mercredi 17\/11\/2021 de 14h30 \u00e0 17h00<\/span><br \/><span style=\"color: #000000;\">&#8211; <strong>Service dioc\u00e9sain de la solidarit\u00e9 et de la diaconie : <\/strong><\/span><br \/><span style=\"color: #000000;\">Sensibiliser, coordonner et soutenir, voil\u00e0 les trois axes principaux de la mission de ce service. D\u00e9l\u00e9gu\u00e9 dioc\u00e9sain M. Jean-Luc Ciszewicz, diacre et Mme Marie Guyon T\u00e9l. 03 54 95 61 24<\/span><\/p>\n","protected":false},"excerpt":{"rendered":"<p>Table ouverte : Ce dimanche 14 novembre \u00e0 Jarville \u00e0 midi, reprise de la table ouverte, que vous soyez habitu\u00e9s ou non \u00e0 la paroisse ! Chacun apporte de quoi partager. Venez en toute simplicit\u00e9, pour passer un bon moment et (re)faire connaissance ! Rencontres des EAP de nos paroisses : Le jeudi 18 novembre&hellip; <br \/> <a class=\"read-more\" href=\"https:\/\/paroisses-nancy-sud.fr\/HOME\/annonces-de-saint-francois-de-sales-et-sainte-jeanne-de-chantal-du-14-novembre\/\">Lire la suite<\/a><\/p>\n","protected":false},"author":5,"featured_media":553,"comment_status":"closed","ping_status":"open","sticky":false,"template":"","format":"standard","meta":[],"categories":[7],"tags":[],"acf":[],"_links":{"self":[{"href":"https:\/\/paroisses-nancy-sud.fr\/HOME\/wp-json\/wp\/v2\/posts\/1558"}],"collection":[{"href":"https:\/\/paroisses-nancy-sud.fr\/HOME\/wp-json\/wp\/v2\/posts"}],"about":[{"href":"https:\/\/paroisses-nancy-sud.fr\/HOME\/wp-json\/wp\/v2\/types\/post"}],"author":[{"embeddable":true,"href":"https:\/\/paroisses-nancy-sud.fr\/HOME\/wp-json\/wp\/v2\/users\/5"}],"replies":[{"embeddable":true,"href":"https:\/\/paroisses-nancy-sud.fr\/HOME\/wp-json\/wp\/v2\/comments?post=1558"}],"version-history":[{"count":7,"href":"https:\/\/paroisses-nancy-sud.fr\/HOME\/wp-json\/wp\/v2\/posts\/1558\/revisions"}],"predecessor-version":[{"id":1566,"href":"https:\/\/paroisses-nancy-sud.fr\/HOME\/wp-json\/wp\/v2\/posts\/1558\/revisions\/1566"}],"wp:featuredmedia":[{"embeddable":true,"href":"https:\/\/paroisses-nancy-sud.fr\/HOME\/wp-json\/wp\/v2\/media\/553"}],"wp:attachment":[{"href":"https:\/\/paroisses-nancy-sud.fr\/HOME\/wp-json\/wp\/v2\/media?parent=1558"}],"wp:term":[{"taxonomy":"category","embeddable":true,"href":"https:\/\/paroisses-nancy-sud.fr\/HOME\/wp-json\/wp\/v2\/categories?post=1558"},{"taxonomy":"post_tag","embeddable":true,"href":"https:\/\/paroisses-nancy-sud.fr\/HOME\/wp-json\/wp\/v2\/tags?post=1558"}],"curies":[{"name":"wp","href":"https:\/\/api.w.org\/{rel}","templated":true}]}}