{"id":1567,"date":"2021-11-14T19:00:13","date_gmt":"2021-11-14T18:00:13","guid":{"rendered":"https:\/\/paroisses-nancy-sud.fr\/HOME\/?p=1567"},"modified":"2021-11-14T19:02:35","modified_gmt":"2021-11-14T18:02:35","slug":"edito-du-14-novembre","status":"publish","type":"post","link":"https:\/\/paroisses-nancy-sud.fr\/HOME\/edito-du-14-novembre\/","title":{"rendered":"Une \u00e9glise pauvre pour les pauvres"},"content":{"rendered":"\n<p class=\"Standard tm6\"><span style=\"color: #000000;\"><strong><span class=\"tm7\">Une \u00e9glise pauvre pour les pauvres<\/span><\/strong><\/span><\/p>\n<p class=\"Standard\"><span style=\"color: #000000;\"><span class=\"tm8\">\u00a0<\/span><span class=\"tm8\">L&rsquo;option pr\u00e9f\u00e9rentielle pour les pauvres n&rsquo;est pas qu&rsquo;une formule commerciale inspir\u00e9e par les vendeurs de voitures, c&rsquo;est la cl\u00e9 de vo\u00fbte, le centre du cheminement de l&rsquo;\u00e9glise. C&rsquo;est pourquoi, elle n&rsquo;est pas optionnelle mais une boussole qui doit nous guider tous les jours dans notre vie de chr\u00e9tiens.<br \/><\/span><span class=\"tm8\">Les paroles de J\u00e9sus, proche des petits, des sans-grades, des marginaux et des impurs, impliquent qu&rsquo;il faut reconna\u00eetre le Christ lui-m\u00eame dans chaque fr\u00e8re abandonn\u00e9 ou exclu. Le pauvre, c&rsquo;est l&rsquo;homme laiss\u00e9 en marge de notre soci\u00e9t\u00e9 mat\u00e9rialiste et consum\u00e9riste mais c&rsquo;est aussi l&rsquo;homme bless\u00e9 dans son c\u0153ur par l&rsquo;indiff\u00e9rence, le m\u00e9pris et la haine de ceux qui l&rsquo;entourent. La pauvret\u00e9 est multiforme, nous le constatons chaque jour, si nous gardons les yeux et le c\u0153ur ouvert, si l&rsquo;opulence et l&rsquo;indiff\u00e9rence n&rsquo;encombrent pas notre chemin.<br \/><\/span><span class=\"tm8\">Selon Gr\u00e9goire le Grand, l&rsquo;attention port\u00e9e aux pauvres n&rsquo;est que justice \u00e9l\u00e9mentaire : \u00ab quand nous donnons aux pauvres ce qu&rsquo;il leur est n\u00e9cessaire, nous ne leur donnons pas tant ce qui est \u00e0 nous, que nous leur rendons ce qui est \u00e0 eux \u00bb<br \/><\/span><span class=\"tm8\">Pour le pape Fran\u00e7ois, la pire discrimination dont souffrent les pauvres, c&rsquo;est le manque d&rsquo;attention spirituelle\u00a0; Il nous rappelle que Dieu aime chaque humain d&rsquo;un amour inconditionnel qui lui conf\u00e8re une dignit\u00e9 inalt\u00e9rable. \u00ab\u00a0Personne ne se trouve hors de son amour universel\u00a0\u00bb<br \/><\/span><span class=\"tm8\">Vivre dans l&rsquo;indiff\u00e9rence, face \u00e0 la souffrance, \u00e0 la mis\u00e8re et \u00e0 la pauvret\u00e9 n&rsquo;est jamais une option possible. Nous ne devons laisser personne au bord du chemin, en marge de la vie ! <br \/><\/span><span class=\"tm8\">Inspirons-nous de Saint Jean Chrysostome, \u00ab Si tu veux honorer le Christ, ne commence pas par le m\u00e9priser quand il est nu. Ne l&rsquo;honore pas \u00e0 l&rsquo;\u00e9glise avec des \u00e9toffes de soie, pour le n\u00e9gliger dehors o\u00f9 il souffre du froid et de la nudit\u00e9. \u00bb<br \/><\/span><span class=\"tm8\">Notre ADN de chr\u00e9tien nous exhorte \u00e0 prendre soin de la fragilit\u00e9 des hommes et des femmes qui nous entourent car \u00ab ce n&rsquo;est pas perdre son temps que d&rsquo;aimer le plus petit des hommes comme un fr\u00e8re, comme s&rsquo;il \u00e9tait seul au monde \u00bb<br \/><\/span><span class=\"tm8\">A l&rsquo;exemple du bon samaritain, soyons des voyageurs courageux et engag\u00e9s dans la construction d&rsquo;un monde plus juste, d&rsquo;une soci\u00e9t\u00e9 plus solidaire et fraternelle quoiqu&rsquo;il nous en co\u00fbte\u00a0!<br \/><\/span><\/span><span class=\"tm8\"><span style=\"color: #000000;\">Comme le pape Fran\u00e7ois nous y invite, soyons les b\u00e2tisseurs d&rsquo;une \u00c9glise pauvre pour les pauvres.<\/span><br \/><span style=\"color: #000000;\"><em>\u00c9quipe liturgique Saint-Fran\u00e7ois-de-Sales<\/em> <\/span><br \/><\/span><\/p>\n","protected":false},"excerpt":{"rendered":"<p>Une \u00e9glise pauvre pour les pauvres \u00a0L&rsquo;option pr\u00e9f\u00e9rentielle pour les pauvres n&rsquo;est pas qu&rsquo;une formule commerciale inspir\u00e9e par les vendeurs de voitures, c&rsquo;est la cl\u00e9 de vo\u00fbte, le centre du cheminement de l&rsquo;\u00e9glise. C&rsquo;est pourquoi, elle n&rsquo;est pas optionnelle mais une boussole qui doit nous guider tous les jours dans notre vie de chr\u00e9tiens.Les paroles&hellip; <br \/> <a class=\"read-more\" href=\"https:\/\/paroisses-nancy-sud.fr\/HOME\/edito-du-14-novembre\/\">Lire la suite<\/a><\/p>\n","protected":false},"author":5,"featured_media":523,"comment_status":"closed","ping_status":"open","sticky":false,"template":"","format":"standard","meta":[],"categories":[6],"tags":[],"acf":[],"_links":{"self":[{"href":"https:\/\/paroisses-nancy-sud.fr\/HOME\/wp-json\/wp\/v2\/posts\/1567"}],"collection":[{"href":"https:\/\/paroisses-nancy-sud.fr\/HOME\/wp-json\/wp\/v2\/posts"}],"about":[{"href":"https:\/\/paroisses-nancy-sud.fr\/HOME\/wp-json\/wp\/v2\/types\/post"}],"author":[{"embeddable":true,"href":"https:\/\/paroisses-nancy-sud.fr\/HOME\/wp-json\/wp\/v2\/users\/5"}],"replies":[{"embeddable":true,"href":"https:\/\/paroisses-nancy-sud.fr\/HOME\/wp-json\/wp\/v2\/comments?post=1567"}],"version-history":[{"count":3,"href":"https:\/\/paroisses-nancy-sud.fr\/HOME\/wp-json\/wp\/v2\/posts\/1567\/revisions"}],"predecessor-version":[{"id":1570,"href":"https:\/\/paroisses-nancy-sud.fr\/HOME\/wp-json\/wp\/v2\/posts\/1567\/revisions\/1570"}],"wp:featuredmedia":[{"embeddable":true,"href":"https:\/\/paroisses-nancy-sud.fr\/HOME\/wp-json\/wp\/v2\/media\/523"}],"wp:attachment":[{"href":"https:\/\/paroisses-nancy-sud.fr\/HOME\/wp-json\/wp\/v2\/media?parent=1567"}],"wp:term":[{"taxonomy":"category","embeddable":true,"href":"https:\/\/paroisses-nancy-sud.fr\/HOME\/wp-json\/wp\/v2\/categories?post=1567"},{"taxonomy":"post_tag","embeddable":true,"href":"https:\/\/paroisses-nancy-sud.fr\/HOME\/wp-json\/wp\/v2\/tags?post=1567"}],"curies":[{"name":"wp","href":"https:\/\/api.w.org\/{rel}","templated":true}]}}