{"id":1571,"date":"2021-11-14T19:07:37","date_gmt":"2021-11-14T18:07:37","guid":{"rendered":"https:\/\/paroisses-nancy-sud.fr\/HOME\/?p=1571"},"modified":"2021-11-14T19:12:39","modified_gmt":"2021-11-14T18:12:39","slug":"restez-et-priez-en-tout-temps","status":"publish","type":"post","link":"https:\/\/paroisses-nancy-sud.fr\/HOME\/restez-et-priez-en-tout-temps\/","title":{"rendered":"\u00ab\u00a0Restez  \u00e9veill\u00e9s et priez en tout temps\u00a0\u00bb"},"content":{"rendered":"\n<p><span style=\"color: #000000;\">\u00ab\u00a0Restez \u00e9veill\u00e9s et priez en tout temps : ainsi vous pourrez vous tenir debout devant le Fils de l&rsquo;homme\u00a0\u00bb. Les lectures d&rsquo;aujourd&rsquo;hui nous invitent \u00e0 tenir bon dans les \u00e9preuves et la d\u00e9tresse et \u00e0 rester fid\u00e8le \u00e0 la foi.<\/span><\/p>\n<p><span style=\"color: #000000;\">Dans la premi\u00e8re lecture, le peuple juif, compatriote du proph\u00e8te Daniel \u00e9tait dans une d\u00e9tresse et une pers\u00e9cution terrible au deuxi\u00e8me si\u00e8cle avant J\u00e9sus-Christ sous le r\u00e8gne du roi grec Antiochus Epiphane. En fait, le roi Antiochus Epiphane avait interdit aux juifs de pratiquer leur religion. Il s\u2019est d\u00e9clar\u00e9 lui-m\u00eame comme un Dieu et est devenu le centre et le Temple. Du coup, il avait demand\u00e9 aux juifs de l&rsquo;adorer et de lui offrir offrandes et sacrifices. Pour \u00e9viter la pers\u00e9cution et la mort, certains juifs ont reni\u00e9 leur foi \u00e0 leur Dieu unique et leur fid\u00e9lit\u00e9 \u00e0 leur religion juive. Ils ont commenc\u00e9 \u00e0 adorer le roi comme un Dieu. Par contre, d&rsquo;autres juifs sont rest\u00e9s fid\u00e8les \u00e0 leur foi et \u00e0 leur religion. Ils ont refus\u00e9 d\u2019adorer le roi et lui rendre le culte. Du coup, des milliers des juifs ont \u00e9t\u00e9 tu\u00e9s et, comme les martyrs, ils ont donn\u00e9 leur vie pour la religion juive. Rappelons-nous, des milliers des catholiques plus particuli\u00e8rement \u00e9v\u00eaques, pr\u00eatres, religieux et religieuses ont \u00e9t\u00e9 massacr\u00e9s pendant la r\u00e9volution fran\u00e7aise \u00e0 cause de leur fid\u00e9lit\u00e9 \u00e0 la foi catholique. Des chr\u00e9tiens sont encore pers\u00e9cut\u00e9s dans le monde entier au nom de la religion.<\/span><\/p>\n<p><span style=\"color: #000000;\">Aux juifs, au cours de cette pers\u00e9cution terrible, le proph\u00e8te Daniel a \u00e9crit le texte que nous avons entendu dans la premi\u00e8re lecture pour les encourager et les r\u00e9conforter. Il parle du temps futur, mais ce n&rsquo;est qu&rsquo;une apparence, car on n&rsquo;avait droit de parler ni de futur ni de pass\u00e9 pendant la pers\u00e9cution, en fait, il parle du temps pr\u00e9sent. C&rsquo;est la premi\u00e8re fois qu&rsquo;il parle de la r\u00e9surrection individuelle. C&rsquo;est un th\u00e8me nouveau pour le peuple juif, car les juifs croyaient en la r\u00e9surrection collective. Il a dit que ceux qui ont l&rsquo;intelligence c&rsquo;est-\u00e0-dire la foi resplendiront comme la splendeur du firmament et ceux qui sont des ma\u00eetres de justice pour la multitude c&rsquo;est-\u00e0-dire ceux qui sont morts pour la religion juive brilleront comme les \u00e9toiles pour toujours et \u00e0 jamais. Comme le proph\u00e8te Daniel, nous croyons aussi que nos \u00eatres chers qui nous ont quitt\u00e9 brillent comme des \u00e9toiles pour toujours et \u00e0 jamais. Dans la pers\u00e9cution et le temps de d\u00e9tresse, nous pouvons dire dans la foi et la confiance, comme le psalmiste \u00ab\u00a0Garde-moi, mon Dieu: j&rsquo;ai fait de toi mon refuge. Je garde le Seigneur devant moi sans rel\u00e2che ; il est \u00e0 ma droite : je suis in\u00e9branlable.\u00a0\u00bb<\/span><\/p>\n<p><span style=\"color: #000000;\">Dans l&rsquo;\u00e9vangile, J\u00e9sus parle \u00e0 ses disciples de sa venue et de la fin du monde. Il utilise le genre litt\u00e9raire apocalyptique pour parler de la fin du monde. Aujourd&rsquo;hui, pour nous, ce style apocalyptique est nouveau et est difficile \u00e0 comprendre, mais les disciples de J\u00e9sus \u00e9taient habitu\u00e9s \u00e0 ce type de langage, du coup, ils ont bien compris le discours de J\u00e9sus sur la fin du monde. Apocalyptique veut dire la r\u00e9v\u00e9lation. En fait, par ce discours apocalyptique, J\u00e9sus ne nous parle pas de la fin du monde mais de la transformation et du renouvellement du monde. Dieu qui est cr\u00e9ateur et ma\u00eetre du temps et de l&rsquo;histoire transforme et renouvelle l&rsquo;univers pour r\u00e9tablir sa royaut\u00e9 dans lequel nous sommes tous invit\u00e9s \u00e0 prendre place : \u00ab\u00a0Il enverra les anges pour rassembler les \u00e9lus aux quatre coins du monde, depuis l&rsquo;extr\u00e9mit\u00e9 de la terre jusqu&rsquo;\u00e0 l&rsquo;extr\u00e9mit\u00e9 du ciel\u00a0\u00bb,dit J\u00e9sus dans l&rsquo;\u00e9vangile. Quelle que soit notre religion et notre conviction de foi, nous sommes tous \u00e9lus c&rsquo;est-\u00e0-dire enfants de Dieu. Par ce bouleversement du soleil, de la lune et des \u00e9toiles, Dieu d\u00e9truit d\u00e9finitivement le mal. Donc, pour nous, les croyants, la fin du monde ne doit pas nous faire peur, car c&rsquo;est la victoire sur le mal et le commencement d&rsquo;un monde nouveau et d&rsquo;une terre nouvelle. Mais personne ne sait quand elle viendra. Ne nous pr\u00e9occupons pas de la fin du monde, sachons, dans le pr\u00e9sent que J\u00e9sus, le Fils de l&rsquo;homme est proche, \u00e0 notre porte, donc, soyons toujours pr\u00eats \u00e0 ouvrir la porte de notre c\u0153ur et de notre maison. <\/span><br \/><span style=\"color: #000000;\">Faisons confiance \u00e0 la parole de J\u00e9sus : \u00ab\u00a0le ciel et la terre passeront, mes paroles ne passeront pas\u00a0\u00bb, dit J\u00e9sus dans l&rsquo;\u00e9vangile. Quoi qu&rsquo;il arrive dans la vie de tous les jours, restons toujours fid\u00e8les \u00e0 la foi et la religion chr\u00e9tienne. Pratiquons-les avec amour. <br \/>Que Dieu nous b\u00e9nisse et nous garde !<br \/><strong><em>P\u00e8re Raj<\/em><\/strong><br \/><\/span><\/p>\n","protected":false},"excerpt":{"rendered":"<p>\u00ab\u00a0Restez \u00e9veill\u00e9s et priez en tout temps : ainsi vous pourrez vous tenir debout devant le Fils de l&rsquo;homme\u00a0\u00bb. Les lectures d&rsquo;aujourd&rsquo;hui nous invitent \u00e0 tenir bon dans les \u00e9preuves et la d\u00e9tresse et \u00e0 rester fid\u00e8le \u00e0 la foi. Dans la premi\u00e8re lecture, le peuple juif, compatriote du proph\u00e8te Daniel \u00e9tait dans une d\u00e9tresse&hellip; <br \/> <a class=\"read-more\" href=\"https:\/\/paroisses-nancy-sud.fr\/HOME\/restez-et-priez-en-tout-temps\/\">Lire la suite<\/a><\/p>\n","protected":false},"author":5,"featured_media":290,"comment_status":"closed","ping_status":"open","sticky":false,"template":"","format":"standard","meta":[],"categories":[9],"tags":[],"acf":[],"_links":{"self":[{"href":"https:\/\/paroisses-nancy-sud.fr\/HOME\/wp-json\/wp\/v2\/posts\/1571"}],"collection":[{"href":"https:\/\/paroisses-nancy-sud.fr\/HOME\/wp-json\/wp\/v2\/posts"}],"about":[{"href":"https:\/\/paroisses-nancy-sud.fr\/HOME\/wp-json\/wp\/v2\/types\/post"}],"author":[{"embeddable":true,"href":"https:\/\/paroisses-nancy-sud.fr\/HOME\/wp-json\/wp\/v2\/users\/5"}],"replies":[{"embeddable":true,"href":"https:\/\/paroisses-nancy-sud.fr\/HOME\/wp-json\/wp\/v2\/comments?post=1571"}],"version-history":[{"count":3,"href":"https:\/\/paroisses-nancy-sud.fr\/HOME\/wp-json\/wp\/v2\/posts\/1571\/revisions"}],"predecessor-version":[{"id":1574,"href":"https:\/\/paroisses-nancy-sud.fr\/HOME\/wp-json\/wp\/v2\/posts\/1571\/revisions\/1574"}],"wp:featuredmedia":[{"embeddable":true,"href":"https:\/\/paroisses-nancy-sud.fr\/HOME\/wp-json\/wp\/v2\/media\/290"}],"wp:attachment":[{"href":"https:\/\/paroisses-nancy-sud.fr\/HOME\/wp-json\/wp\/v2\/media?parent=1571"}],"wp:term":[{"taxonomy":"category","embeddable":true,"href":"https:\/\/paroisses-nancy-sud.fr\/HOME\/wp-json\/wp\/v2\/categories?post=1571"},{"taxonomy":"post_tag","embeddable":true,"href":"https:\/\/paroisses-nancy-sud.fr\/HOME\/wp-json\/wp\/v2\/tags?post=1571"}],"curies":[{"name":"wp","href":"https:\/\/api.w.org\/{rel}","templated":true}]}}