{"id":1582,"date":"2021-11-20T19:00:17","date_gmt":"2021-11-20T18:00:17","guid":{"rendered":"https:\/\/paroisses-nancy-sud.fr\/HOME\/?p=1582"},"modified":"2021-11-20T19:01:13","modified_gmt":"2021-11-20T18:01:13","slug":"annonces-de-saint-francois-de-sales-et-sainte-jeanne-de-chantal-4","status":"publish","type":"post","link":"https:\/\/paroisses-nancy-sud.fr\/HOME\/annonces-de-saint-francois-de-sales-et-sainte-jeanne-de-chantal-4\/","title":{"rendered":"Annonces de Saint-Fran\u00e7ois-de-Sales et Sainte-Jeanne-de-Chantal du 21 novembre"},"content":{"rendered":"\n<p class=\"Normal tm10\"><span style=\"color: #000000;\"><strong><span class=\"tm11\">Entr\u00e9e en \u00c9glise : <br><\/span><\/strong><span class=\"tm13\">K\u00e9lya fera son entr\u00e9e en \u00c9glise le dimanche 28 novembre \u00e0 Jarville \u00e0 la messe de10h30. Accueillons-la avec joie dans notre communaut\u00e9. <\/span><\/span><\/p>\n<p class=\"Normal tm12\"><span style=\"color: #000000;\"><strong><span class=\"tm11\">Permanence pr\u00eatres du samedi matin \u00e0 Jarville : <br><\/span><\/strong><span class=\"tm13\">Chaque samedi de 10h30 \u00e0 11h30&nbsp;: permanence d\u2019un pr\u00eatre avec possibilit\u00e9 de confession, discussion, b\u00e9n\u00e9diction<\/span><strong><span class=\"tm11\">. <br><\/span><\/strong><span class=\"tm13\"><strong>11h30 messe du jour<\/strong> <\/span><\/span><\/p>\n<p class=\"Normal tm10\"><span style=\"color: #000000;\"><strong><span class=\"tm11\">Go\u00fbter de la Sainte C\u00e9cile : <br><\/span><\/strong><strong><span class=\"tm15\">Tous les membres des chorales, les animateurs et musiciens<\/span><\/strong><span class=\"tm13\"> de nos c\u00e9l\u00e9brations sont invit\u00e9s<\/span><strong><span class=\"tm15\"> ce dimanche 21 novembre \u00e0 partir de 15h, <\/span><\/strong><span class=\"tm13\">salle paroissiale de Jarville, pour un <\/span><strong><span class=\"tm15\">go\u00fbter cr\u00eapes<\/span><\/strong><span class=\"tm13\"> et \u2018\u2019autres choses qu\u2019on aime\u2018\u2019. <\/span><\/span><\/p>\n<p class=\"Normal tm12\"><span style=\"color: #000000;\"><strong><span class=\"tm11\">March\u00e9 de No\u00ebl : <br><\/span><\/strong><strong><span class=\"tm15\">Le 4 d\u00e9cembre \u00e0 Laneuveville de 17h \u00e0 20h et le 5 d\u00e9cembre \u00e0 Jarville de 10h \u00e0 13h, sur le parvis des \u00e9glises, <\/span><\/strong><span class=\"tm13\">le groupe des \u2018\u2019<em>Abeilles du mardi\u2019\u2019<\/em> de Jarville<\/span> <span class=\"tm13\">proposera des d\u00e9corations de No\u00ebl confectionn\u00e9es avec talent avec du mat\u00e9riel de r\u00e9cup\u00e9ration, de la confiture, des escargots, de la charcuterie ou des fruits de mer que vous pourrez d\u00e9guster sur place ou emporter.&nbsp;<\/span><\/span><\/p>\n<p class=\"Normal tm12\"><span style=\"color: #000000;\"><strong><span class=\"tm11\">Messe des familles et temps fort cat\u00e9 : <br><\/span><\/strong><span class=\"tm13\">Les enfants suivant le cat\u00e9 et leurs familles se retrouveront \u00e0 <strong>Neuves-Maisons<\/strong><\/span><strong><span class=\"tm15\"> le dimanche 28 novembre pour la messe des familles \u00e0 10h30 <\/span><\/strong><span class=\"tm13\">et poursuivront par le pique-nique et l\u2019apr\u00e8s-midi pour leur premier temps fort, \u00e0 l\u2019occasion de ce premier dimanche de l\u2019Avent. <\/span><span class=\"tm16\">&nbsp;<\/span><\/span><\/p>\n<p class=\"Normal\"><span style=\"color: #000000;\"><strong><span class=\"tm11\">Journ\u00e9e nationale du Secours Catholique&nbsp;: <\/span><span class=\"tm15\">21 novembre 2021 : <br><\/span><\/strong><strong><span class=\"tm15\">\u00e0 Jarville<\/span><\/strong><span class=\"tm13\">, le secours catholique a <\/span><strong><span class=\"tm15\">un accueil et un vestiaire<\/span><\/strong><span class=\"tm13\">, rue des Forges de l&rsquo;Est, pour nos deux paroisses. Trois b\u00e9n\u00e9voles re\u00e7oivent les <\/span><strong><span class=\"tm15\">mardi et vendredi apr\u00e8s-midi (14 h &#8211; 16 h 30)<\/span><\/strong><span class=\"tm13\">. <\/span><span class=\"tm13\">Elles aimeraient renforcer l&rsquo;\u00e9quipe. (<\/span><span class=\"tm13\">Secours Catholique des Hauts-de-Lorraine, domaine de l&rsquo;Asn\u00e9e, 11 rue de Laxou, 54600 Villers-les-Nancy&nbsp;: <\/span><u><a style=\"color: #000000;\" href=\"mailto:hautsdelorraine@secours-catholique.org\"><span class=\"tm13\">hautsdelorraine@secours-catholique.org<\/span><\/a><\/u><span class=\"tm13\"> t\u00e9l. 03 83 90 99 58)<\/span><\/span><\/p>\n<p class=\"Normal tm12\"><span style=\"color: #000000;\"><strong><span class=\"tm11\">Rencontre \u00e0 Richardm\u00e9nil : <br><\/span><\/strong><span class=\"tm13\">L\u2019EAP de Sainte-Jeanne-de-Chantal souhaite rencontrer les chr\u00e9tiens de Richardm\u00e9nil. Une rencontre conviviale est propos\u00e9e aux personnes int\u00e9ress\u00e9es par la vie de l\u2019\u00c9glise (et de l\u2019\u00e9glise !) \u00e0 Richardm\u00e9nil, <\/span><strong><span class=\"tm15\">le samedi 27 novembre \u00e0 14h30<\/span><\/strong><span class=\"tm13\"> (ou \u00e9ventuellement le samedi 4 d\u00e9cembre), dans les salles de l\u2019Union Familiale. <\/span><\/span><\/p>\n<p class=\"Normal tm12\"><span style=\"color: #000000;\"><span class=\"tm16\">&nbsp;<\/span><strong><span class=\"tm11\">D\u00e9couvrez la Fresque du climat&nbsp;! <\/span><span class=\"tm15\">\u2018<\/span><em><span class=\"tm18\">\u2019 Mieux comprendre le r\u00e9chauffement climatique<\/span><\/em><span class=\"tm15\"> \u2018\u2019:<br><\/span><\/strong><span class=\"tm13\">Une personne de Ludres, H.Demaie, nous propose une apr\u00e8s-midi d\u2019atelier dans le but <\/span><strong><span class=\"tm15\">de mieux comprendre le r\u00e9chauffement climatique<\/span><\/strong><span class=\"tm13\">. Deux ateliers (adultes et jeunes de plus de 13 ans) pour 5 ou 6 personnes, avec construction d\u2019une fresque, \u00e9changes et r\u00e9flexion sur les causes et les cons\u00e9quences et ce que nous pouvons faire individuellement et collectivement pour lutter contre cela. Un premier groupe de 12 personnes maximum pourra se retrouver l<\/span><strong><span class=\"tm15\">e dimanche 28 novembre <\/span><\/strong><span class=\"tm13\">\u00e0 partir <\/span><strong><span class=\"tm15\">de 14h30 \u00e0 la maison paroissiale de Ludres<\/span><\/strong><span class=\"tm13\">. Un deuxi\u00e8me groupe de 12 personnes pourra se retrouver <\/span><strong><span class=\"tm15\">le dimanche 5 d\u00e9cembre<\/span><\/strong><span class=\"tm13\">. Les groupes \u00e9tant limit\u00e9s, merci de contacter les coordinatrices : Odile 06 23 46 74 17 et Micheline 06 83 46 77 11 qui transmettront. <\/span><\/span><\/p>\n<p class=\"Normal tm12\"><span style=\"color: #000000;\"><strong><span class=\"tm11\">Entr\u00e9e en Avent : <\/span><\/strong><\/span><\/p>\n<ul>\n<li class=\"Normal tm12\"><span style=\"color: #000000;\"><strong><span class=\"tm11\">V\u00eapres : <br><\/span><\/strong><span class=\"tm13\">Pendant la p\u00e9riode de l\u2019Avent les v\u00eapres sont propos\u00e9es <\/span><strong><span class=\"tm15\">les dimanches \u00e0 17h \u00e0 Jarville les 28 novembre, 19 d\u00e9cembre et \u00e0 Ludres le 5 d\u00e9cembre<\/span><\/strong><span class=\"tm13\">. <\/span><\/span><\/li>\n<li class=\"Normal tm12\"><span style=\"color: #000000;\"><strong><span class=\"tm11\">Chauds les marrons : <br><\/span><\/strong><span class=\"tm13\">Comme les ann\u00e9es pr\u00e9c\u00e9dentes, <\/span><strong><span class=\"tm15\">pendant la p\u00e9riode de l\u2019Avent<\/span><\/strong><span class=\"tm13\">, des animations auront lieu sur les parvis de nos \u00e9glises&nbsp;: accueil, musique et chants de No\u00ebl, discussions, marrons chauds et chocolat chaud, g\u00e2teaux, visite de la cr\u00e8che&nbsp;: <\/span><strong><span class=\"tm15\">\u00e0 Jarville les mardis 7 et 14 d\u00e9cembre de 16h \u00e0 19h et le samedi 18 d\u00e9cembre de 15h \u00e0 18h, \u00e0 Flavigny le samedi 18 d\u00e9cembre \u00e0 16h15. <\/span><\/strong><span class=\"tm13\">Pensez \u00e0 proposer ce moment convivial autour de vous<\/span><\/span><\/li>\n<li class=\"Normal tm19 tm12\"><span style=\"color: #000000;\"><strong><span class=\"tm11\">Lecture du livret \u2018\u2019Imiter le Christ\u2019\u2019 :<br><\/span><\/strong><span class=\"tm13\">Pour la p\u00e9riode de l\u2019Avent il sera propos\u00e9 la lecture du livret \u2018\u2019Imiter le Christ\u2019\u2019 avant les messes dominicales. Certains pr\u00e9f\u00e8rent peut-\u00eatre se rencontrer \u00e0 un autre moment de la semaine : chacun peut d\u00e9marrer un petit groupe avec ses voisins ou amis ou contacter la paroisse pour manifester son souhait. <\/span><\/span><\/li>\n<\/ul>\n<p class=\"Normal tm12\"><span style=\"color: #000000;\"><strong><span class=\"tm11\">Parcours Alpha : <br><\/span><\/strong><span class=\"tm13\">Un parcours Alpha, s\u00e9rie de 10 rencontres hebdomadaires (repas, suivi d\u2019un expos\u00e9 puis d\u2019un \u00e9change libre) d\u00e9marrera <\/span><strong><span class=\"tm15\">le mardi 11 janvier 2022 \u00e0 Jarville<\/span><\/strong><span class=\"tm13\">. <br><\/span><span class=\"tm13\">Ce parcours est <\/span><strong><span class=\"tm15\">ouvert \u00e0 tous<\/span><\/strong><span class=\"tm13\">. Chacun est accueilli de mani\u00e8re d\u00e9contract\u00e9e pour \u00e9changer en petits groupes, d\u00e9couvrir ou red\u00e9couvrir la foi chr\u00e9tienne<\/span><span class=\"tm20\">. <\/span><\/span><\/p>\n<p class=\"Normal\"><span style=\"color: #000000;\"><strong><span class=\"tm21\">Horaires des messes dominicales des 27 et 28 novembre 2021 : <br><\/span><\/strong><strong><span class=\"tm15\">Samedi 27 nov.&nbsp;: 18h<\/span><\/strong><span class=\"tm13\">&nbsp;\u00e0 Maizi\u00e8res <\/span><strong><span class=\"tm15\">18h<\/span><\/strong><span class=\"tm13\"> \u00e0 Heillecourt et Laneuveville <\/span><strong><span class=\"tm15\">Dimanche 28 nov.: 10h<\/span><\/strong><span class=\"tm13\"> Flavigny, Fl\u00e9ville 1<\/span><strong><span class=\"tm15\">0h30<\/span><\/strong><span class=\"tm13\"> Jarville et <\/span><strong><span class=\"tm15\">Neuves-<\/span><span class=\"tm23\">Maisons<\/span><span class=\"tm22\"> (<em>messe des familles<\/em>) <\/span><\/strong><\/span><\/p>\n<p class=\"Normal\"><span style=\"color: #000000;\"><strong><span class=\"tm21\">Consultation pour la synodalit\u00e9 de l\u2019\u00c9glise : <br><\/span><\/strong><span class=\"tm25\">Pensez \u00e0 vous procurer <\/span><strong><span class=\"tm26\">le document<\/span><\/strong><span class=\"tm25\"> (vert) vous permettant de participer \u00e0 cette r\u00e9flexion<\/span><strong><span class=\"tm26\">. N\u2019h\u00e9sitez pas <\/span><\/strong><span class=\"tm25\">\u00e0 en parler avec les pr\u00eatres ou les coordinatrices si vous avez des questions pour d\u00e9marrer cette participation.<br><\/span><\/span><span style=\"color: #000000;\"><span class=\"tm21\"><em>L\u2019interrogation fondamentale qui guide cette consultation du peuple de Dieu est&nbsp;:<\/em><\/span> <strong><span class=\"tm21\"><br><\/span><\/strong><strong><span class=\"tm21\">Une <\/span><span class=\"tm15\">\u00c9<\/span><span class=\"tm21\">glise synodale, en annon\u00e7ant l\u2019\u00c9vangile, \u2018\u2019marche ensemble\u2019\u2019<br><\/span><span class=\"tm30\">Comment ce \u2018\u2019marcher ensemble\u2019\u2019 se r\u00e9alise-t-il aujourd\u2019hui dans notre \u00c9glise particuli\u00e8re ?<br><\/span><span class=\"tm30\">Quels pas l\u2019Esprit nous invite-t-il \u00e0 accomplir pour grandir dans notre\u2019\u2019 marcher ensemble\u2019\u2019<\/span><span class=\"tm25\">&nbsp;?<\/span><\/strong><\/span><\/p>\n<p class=\"Corpsdetexte tm32\"><span style=\"color: #000000;\"><strong><span class=\"tm11\">AUTRES ANNONCES :&nbsp; <\/span><\/strong><\/span><\/p>\n<ul>\n<li class=\"Corpsdetexte tm32\"><span style=\"color: #000000;\"><strong><span class=\"tm11\">Conf\u00e9rence : <\/span><em><span class=\"tm35\">\u2018\u2019Le catholicisme a-t-il de l\u2018avenir en France&nbsp;?\u2019\u2019<br><\/span><\/em><\/strong> <strong><span class=\"tm15\">Jeudi 25 novembre \u00e0 20h30 au domaine de l\u2019Asn\u00e9e <\/span><\/strong><span class=\"tm13\">avec Guillaume Cuchet. <\/span><\/span><\/li>\n<li><span style=\"color: #000000;\"><strong><span class=\"tm11\">Colloque sur la basilique de saint Nicolas de Port :<br><\/span><\/strong><strong><span class=\"tm15\">Vendredi 26 et samedi 27 de 9h \u00e0 17h30 salle des f\u00eates \u00e0 St Nicolas de Port <\/span><\/strong><span class=\"tm13\">: Contact 03 83 46 81 50 o l\u2019occasion des 400 ans de la mort de Simon MOYCET, l\u2019architecte de la basilique<br><\/span><strong><span class=\"tm11\">Procession ancestrale de Saint Nicolas pr\u00e9sid\u00e9e par Monseigneur Jean-Louis Papin, l<\/span><\/strong><strong><span class=\"tm15\">e samedi 4 d\u00e9cembre \u00e0 20h30<\/span><\/strong> <strong><span class=\"tm15\">\u00e0 la basilique<\/span><\/strong><\/span><span class=\"tm13\"><span style=\"color: #000000;\"> de Saint Nicolas de Port.<\/span> <\/span><\/li>\n<\/ul>\n","protected":false},"excerpt":{"rendered":"<p>Entr\u00e9e en \u00c9glise : K\u00e9lya fera son entr\u00e9e en \u00c9glise le dimanche 28 novembre \u00e0 Jarville \u00e0 la messe de10h30. Accueillons-la avec joie dans notre communaut\u00e9. Permanence pr\u00eatres du samedi matin \u00e0 Jarville : Chaque samedi de 10h30 \u00e0 11h30&nbsp;: permanence d\u2019un pr\u00eatre avec possibilit\u00e9 de confession, discussion, b\u00e9n\u00e9diction. 11h30 messe du jour Go\u00fbter de&hellip; <br \/> <a class=\"read-more\" href=\"https:\/\/paroisses-nancy-sud.fr\/HOME\/annonces-de-saint-francois-de-sales-et-sainte-jeanne-de-chantal-4\/\">Lire la suite<\/a><\/p>\n","protected":false},"author":5,"featured_media":553,"comment_status":"closed","ping_status":"open","sticky":false,"template":"","format":"standard","meta":[],"categories":[7],"tags":[],"acf":[],"_links":{"self":[{"href":"https:\/\/paroisses-nancy-sud.fr\/HOME\/wp-json\/wp\/v2\/posts\/1582"}],"collection":[{"href":"https:\/\/paroisses-nancy-sud.fr\/HOME\/wp-json\/wp\/v2\/posts"}],"about":[{"href":"https:\/\/paroisses-nancy-sud.fr\/HOME\/wp-json\/wp\/v2\/types\/post"}],"author":[{"embeddable":true,"href":"https:\/\/paroisses-nancy-sud.fr\/HOME\/wp-json\/wp\/v2\/users\/5"}],"replies":[{"embeddable":true,"href":"https:\/\/paroisses-nancy-sud.fr\/HOME\/wp-json\/wp\/v2\/comments?post=1582"}],"version-history":[{"count":4,"href":"https:\/\/paroisses-nancy-sud.fr\/HOME\/wp-json\/wp\/v2\/posts\/1582\/revisions"}],"predecessor-version":[{"id":1586,"href":"https:\/\/paroisses-nancy-sud.fr\/HOME\/wp-json\/wp\/v2\/posts\/1582\/revisions\/1586"}],"wp:featuredmedia":[{"embeddable":true,"href":"https:\/\/paroisses-nancy-sud.fr\/HOME\/wp-json\/wp\/v2\/media\/553"}],"wp:attachment":[{"href":"https:\/\/paroisses-nancy-sud.fr\/HOME\/wp-json\/wp\/v2\/media?parent=1582"}],"wp:term":[{"taxonomy":"category","embeddable":true,"href":"https:\/\/paroisses-nancy-sud.fr\/HOME\/wp-json\/wp\/v2\/categories?post=1582"},{"taxonomy":"post_tag","embeddable":true,"href":"https:\/\/paroisses-nancy-sud.fr\/HOME\/wp-json\/wp\/v2\/tags?post=1582"}],"curies":[{"name":"wp","href":"https:\/\/api.w.org\/{rel}","templated":true}]}}