{"id":1588,"date":"2021-11-20T19:08:46","date_gmt":"2021-11-20T18:08:46","guid":{"rendered":"https:\/\/paroisses-nancy-sud.fr\/HOME\/?p=1588"},"modified":"2021-11-20T19:08:46","modified_gmt":"2021-11-20T18:08:46","slug":"ensemble-construire-un-monde-juste-et-fraternel","status":"publish","type":"post","link":"https:\/\/paroisses-nancy-sud.fr\/HOME\/ensemble-construire-un-monde-juste-et-fraternel\/","title":{"rendered":"Ensemble, construire un monde juste et fraternel"},"content":{"rendered":"\n<p class=\"Standard\"><span class=\"tm8\" style=\"color: #000000;\">La journ\u00e9e nationale du Secours Catholique a lieu ce 21 novembre et lance notre campagne de fin d&rsquo;ann\u00e9e. En ces temps de grande pr\u00e9carisation et de besoins croissants, les dons qui repr\u00e9sentent l&rsquo;essentiel des ressources de notre association, nous sont essentiels pour remplir notre mission fond\u00e9e sur l&rsquo;Evangile\u00a0: aider et accompagner des personnes touch\u00e9es par la pauvret\u00e9 et l&rsquo;exclusion pour leur permettre d&rsquo;acc\u00e9der \u00e0 une place digne dans la soci\u00e9t\u00e9.<\/span><\/p>\n<p class=\"Standard\"><span style=\"color: #000000;\"><span class=\"tm9\">\u00a0<\/span><span class=\"tm8\">En 2020 en Meurthe-et-Moselle, malgr\u00e9 la crise sanitaire qui a encore amplifi\u00e9 la pr\u00e9carit\u00e9, bon nombre des 500 b\u00e9n\u00e9voles de la d\u00e9l\u00e9gation des Hauts-de-Lorraine, r\u00e9unis au sein de 29 \u00e9quipes locales et services, avec le soutien de l&rsquo;\u00e9quipe salari\u00e9e et en lien avec les partenaires, ont continu\u00e9 \u00e0 apporter leur soutien aux personnes les plus d\u00e9munies, pour\u00a0:<br \/><\/span><span class=\"tm8\">&#8211; donner des r\u00e9ponses \u00e0 des urgences imm\u00e9diates (alimentaires, vestimentaires, d\u00e9tresse morale&#8230;)<br \/><\/span><span class=\"tm8\">&#8211; proposer un accompagnement fraternel durable (ateliers d&rsquo;insertion jeunes, soutien scolaire et \u00e0 la parentalit\u00e9, apprentissage du fran\u00e7ais, visite et accompagnement de d\u00e9tenus, groupes conviviaux, jardins partag\u00e9s, ateliers bricolage, tables ouvertes paroissiales&#8230;) <\/span><span class=\"tm9\">\u00a0<\/span><\/span><\/p>\n<p class=\"Standard\"><span style=\"color: #000000;\"><span class=\"tm8\">Toutes ces actions sont port\u00e9es par nos \u00e9quipes de b\u00e9n\u00e9voles fortement investis et qui se r\u00e9jouissent de l&rsquo;engagement croissant de jeunes parmi eux.<br \/><\/span><span class=\"tm8\">Elles doivent aussi leur r\u00e9ussite au soutien fid\u00e8le et g\u00e9n\u00e9reux des donateurs.<br \/><\/span><span class=\"tm8\">Tout chr\u00e9tien est appel\u00e9 \u00e0 la charit\u00e9, fondement de la vie chr\u00e9tienne, et Mgr Rodhain nous a encourag\u00e9s \u00e0 nous engager aupr\u00e8s de tous ceux qui en ont besoin.<\/span><\/span><\/p>\n<p class=\"Standard\"><span style=\"color: #000000;\"><span class=\"tm8\">Soyez remerci\u00e9s d&rsquo;avance pour votre g\u00e9n\u00e9rosit\u00e9 et n&rsquo;h\u00e9sitez pas \u00e0 rencontrer nos \u00e9quipes pour inventer avec elles votre b\u00e9n\u00e9volat au sein de l&rsquo;association.<\/span><span class=\"tm9\">\u00a0<\/span><\/span><\/p>\n<p class=\"Standard\"><span style=\"color: #000000;\"><span class=\"tm8\">\u00a0 \u00ab\u00a0<\/span><em><span class=\"tm10\">Qu&rsquo;il serait beau que les pauvres occupent dans notre c\u0153ur la place qu&rsquo;ils ont dans le c\u0153ur de Dieu\u00a0! En \u00e9tant avec les pauvres, servant les pauvres, apprenons les go\u00fbts de Dieu, comprenons ce qui reste et ce qui passe\u00a0\u00bb, a exhort\u00e9 le pape Fran\u00e7ois.<\/span><\/em><span class=\"tm9\">\u00a0<\/span><\/span><\/p>\n<p class=\"Standard\"><span style=\"color: #000000;\"><span class=\"tm11\">\u00a0 <\/span><span class=\"tm8\">Arnaud MICHAUT, <br \/><\/span><span class=\"tm8\">\u00a0 Vice-Pr\u00e9sident de la d\u00e9l\u00e9gation des Hauts-de-Lorraine du Secours Catholique<\/span><\/span><\/p>\n","protected":false},"excerpt":{"rendered":"<p>La journ\u00e9e nationale du Secours Catholique a lieu ce 21 novembre et lance notre campagne de fin d&rsquo;ann\u00e9e. En ces temps de grande pr\u00e9carisation et de besoins croissants, les dons qui repr\u00e9sentent l&rsquo;essentiel des ressources de notre association, nous sont essentiels pour remplir notre mission fond\u00e9e sur l&rsquo;Evangile\u00a0: aider et accompagner des personnes touch\u00e9es par&hellip; <br \/> <a class=\"read-more\" href=\"https:\/\/paroisses-nancy-sud.fr\/HOME\/ensemble-construire-un-monde-juste-et-fraternel\/\">Lire la suite<\/a><\/p>\n","protected":false},"author":5,"featured_media":523,"comment_status":"closed","ping_status":"open","sticky":false,"template":"","format":"standard","meta":[],"categories":[6],"tags":[],"acf":[],"_links":{"self":[{"href":"https:\/\/paroisses-nancy-sud.fr\/HOME\/wp-json\/wp\/v2\/posts\/1588"}],"collection":[{"href":"https:\/\/paroisses-nancy-sud.fr\/HOME\/wp-json\/wp\/v2\/posts"}],"about":[{"href":"https:\/\/paroisses-nancy-sud.fr\/HOME\/wp-json\/wp\/v2\/types\/post"}],"author":[{"embeddable":true,"href":"https:\/\/paroisses-nancy-sud.fr\/HOME\/wp-json\/wp\/v2\/users\/5"}],"replies":[{"embeddable":true,"href":"https:\/\/paroisses-nancy-sud.fr\/HOME\/wp-json\/wp\/v2\/comments?post=1588"}],"version-history":[{"count":1,"href":"https:\/\/paroisses-nancy-sud.fr\/HOME\/wp-json\/wp\/v2\/posts\/1588\/revisions"}],"predecessor-version":[{"id":1589,"href":"https:\/\/paroisses-nancy-sud.fr\/HOME\/wp-json\/wp\/v2\/posts\/1588\/revisions\/1589"}],"wp:featuredmedia":[{"embeddable":true,"href":"https:\/\/paroisses-nancy-sud.fr\/HOME\/wp-json\/wp\/v2\/media\/523"}],"wp:attachment":[{"href":"https:\/\/paroisses-nancy-sud.fr\/HOME\/wp-json\/wp\/v2\/media?parent=1588"}],"wp:term":[{"taxonomy":"category","embeddable":true,"href":"https:\/\/paroisses-nancy-sud.fr\/HOME\/wp-json\/wp\/v2\/categories?post=1588"},{"taxonomy":"post_tag","embeddable":true,"href":"https:\/\/paroisses-nancy-sud.fr\/HOME\/wp-json\/wp\/v2\/tags?post=1588"}],"curies":[{"name":"wp","href":"https:\/\/api.w.org\/{rel}","templated":true}]}}