{"id":1596,"date":"2021-11-27T20:43:25","date_gmt":"2021-11-27T19:43:25","guid":{"rendered":"https:\/\/paroisses-nancy-sud.fr\/HOME\/?p=1596"},"modified":"2021-11-27T20:48:50","modified_gmt":"2021-11-27T19:48:50","slug":"annonces-desaint-francois-de-sales-sainte-jeanne-de-chantal-du-28-novembre","status":"publish","type":"post","link":"https:\/\/paroisses-nancy-sud.fr\/HOME\/annonces-desaint-francois-de-sales-sainte-jeanne-de-chantal-du-28-novembre\/","title":{"rendered":"Annonces de Saint-Fran\u00e7ois-de-Sales, Sainte-Jeanne-de-Chantal du 28 novembre"},"content":{"rendered":"\n<p class=\"Normal tm8\"><span style=\"color: #000000;\"><strong><span class=\"tm9\">Entr\u00e9e en \u00c9glise : <br \/><\/span><\/strong><span class=\"tm12\">Ce dimanche 28 novembre \u00e0 Jarville, pendant la messe, Kelya, une adolescente de la paroisse, fait son entr\u00e9e en \u00c9glise, premi\u00e8re \u00e9tape en vue de son Bapt\u00eame \u00e0 P\u00e2ques. Nous l\u2019entourons de notre pri\u00e8re<\/span><span class=\"tm11\">.<\/span><\/span><\/p>\n<p class=\"Normal tm8\"><span style=\"color: #000000;\"><strong><span class=\"tm9\">March\u00e9 de No\u00ebl : <br \/><\/span><\/strong><strong><span class=\"tm13\">Le 4 d\u00e9cembre \u00e0 Laneuveville de 17h \u00e0 20h et le 5 d\u00e9cembre \u00e0 Jarville de 10h \u00e0 13h, sur le parvis des \u00e9glises, <\/span><\/strong><span class=\"tm12\">le groupe des \u2018\u2019Abeilles du mardi\u2019\u2019 de Jarville<\/span> <span class=\"tm12\">propose des d\u00e9corations de No\u00ebl toujours confectionn\u00e9es avec talent avec du mat\u00e9riel de r\u00e9cup\u00e9ration, de la confiture, des escargots, de la charcuterie ou des fruits de mer que vous pourrez d\u00e9guster sur place.\u00a0<\/span><\/span><\/p>\n<p class=\"Normal tm10\"><span style=\"color: #000000;\"><strong><span class=\"tm9\">Messe des familles : <br \/><\/span><\/strong><span class=\"tm12\">Les enfants suivant le cat\u00e9 et leurs familles se retrouvent \u00e0 Neuves-Maisons<\/span><strong><span class=\"tm13\"> le dimanche 28 novembre pour la messe des familles \u00e0 10h30.<\/span><\/strong><\/span><\/p>\n<p class=\"Normal tm10\"><span style=\"color: #000000;\"><span class=\"tm14\">\u00a0<\/span><strong><span class=\"tm9\">D\u00e9couvrez la Fresque du climat\u00a0! <\/span><span class=\"tm13\">\u2018<\/span><em><span class=\"tm15\">\u2019 Mieux comprendre le r\u00e9chauffement climatique<\/span><\/em><span class=\"tm13\"> \u2018\u2019 : <br \/><\/span><\/strong><span class=\"tm12\">Une personne de Ludres, H.Demaie, nous propose une apr\u00e8s-midi d\u2019atelier dans le but <\/span><strong><span class=\"tm13\">de mieux comprendre le r\u00e9chauffement climatique<\/span><\/strong><span class=\"tm12\">. Deux ateliers pour 5 ou 6 personnes, avec construction d\u2019une fresque, \u00e9changes et r\u00e9flexion sur les causes et les cons\u00e9quences et ce que nous pouvons faire individuellement et collectivement pour lutter contre cela. Un premier groupe de 12 personnes maximum pourra se retrouver l<\/span><strong><span class=\"tm13\">e dimanche 5 d\u00e9cembre <\/span><\/strong><span class=\"tm12\">\u00e0 partir <\/span><strong><span class=\"tm13\">de 14h30 \u00e0 la maison paroissiale de Ludres<\/span><\/strong><span class=\"tm12\">.\u00a0<\/span><span class=\"tm12\"> Contacts : Odile 06 23 46 74 17 et Micheline 06 83 46 77 11 <\/span><\/span><\/p>\n<p class=\"Normal tm10\"><span style=\"color: #000000;\"><strong><span class=\"tm17\">\u00a0<\/span><\/strong><strong><span class=\"tm9\">Jeudi 1<\/span><sup><span class=\"tm9\">er<\/span><\/sup><span class=\"tm9\"> d\u00e9cembre : Premier jeudi du mois : <br \/><\/span><\/strong><strong><span class=\"tm13\">17h \u00e0 Jarville, \u00e0 la crypte\u00a0: <\/span><\/strong><span class=\"tm13\">Pri\u00e8re pour les malades et les personnes qui souffrent <\/span><strong><span class=\"tm13\"><br \/><\/span><\/strong><strong><span class=\"tm13\">20h30 \u00e0 Jarville \u00e0 la crypte\u00a0: <\/span><\/strong><span class=\"tm13\">\u2018\u2019Heure sainte\u2019\u2019, m\u00e9ditation de la passion <\/span><\/span><\/p>\n<p class=\"Normal tm10\"><span style=\"color: #000000;\"><strong><span class=\"tm17\">\u00a0<\/span><\/strong><strong><span class=\"tm9\">ACAT\u00a0: <\/span><em><span class=\"tm18\">\u2018\u2019Tous engag\u00e9s contre la peine de mort\u2019\u2019 :<br \/><\/span><\/em><\/strong><span class=\"tm12\">La p\u00e9riode de l&rsquo;Avent est l&rsquo;occasion pour l&rsquo;ACAT de sensibiliser tous les chr\u00e9tiens \u00e0 ses combats pour l&rsquo;abolition de la torture et de la peine de mort dans le monde. <br \/><\/span><span class=\"tm12\">Nous vous proposons pendant les 4 dimanches de l&rsquo;Avent de soutenir un prisonnier qui subit des traitements cruels et d\u00e9gradants en raison de ses seules opinions en faveur de la d\u00e9fense des droits humains dans son pays. \u00c0 la sortie de la messe, vous sera remise une petite carte sur laquelle figure une pri\u00e8re, un message de paix et d\u2019esp\u00e9rance et la marche \u00e0 suivre pour effectuer une d\u00e9marche. <\/span><\/span><\/p>\n<p class=\"Normal\"><span style=\"color: #000000;\"><strong><span class=\"tm19\">Horaires des messes dominicales des 4 et 5 d\u00e9cembre 2021 : <br \/><\/span><\/strong><strong><span class=\"tm13\">Samedi 4 d\u00e9c\u00a0: 18h<\/span><\/strong><span class=\"tm12\"> \u00e0 Pierreville, <\/span><strong><span class=\"tm13\">18h<\/span><\/strong><span class=\"tm12\"> \u00e0 Heillecourt et Laneuveville <\/span><strong><span class=\"tm13\">Dimanche 5 d\u00e9c : 10h<\/span><\/strong><span class=\"tm12\"> \u00e0 Xeuilley, 1<\/span><strong><span class=\"tm13\">0h30<\/span><\/strong><span class=\"tm12\"> \u00e0 Jarville et Neuves-Maisons,<\/span> <strong> <span class=\"tm22\">11h<\/span><\/strong><span class=\"tm21\"> \u00e0 Ludres<\/span><\/span><\/p>\n<p class=\"Normal tm10\"><span style=\"color: #000000;\"><strong><span class=\"tm9\">Permanence d&rsquo;un pr\u00eatre le samedi matin \u00e0 Jarville : <br \/><\/span><\/strong><span class=\"tm12\">Chaque samedi de 10h30 \u00e0 11h30\u00a0: permanence d\u2019un pr\u00eatre avec possibilit\u00e9 de confession, discussion, b\u00e9n\u00e9diction <\/span><span class=\"tm23\">et \u00e0<\/span><strong> <span class=\"tm13\">11h30 la messe du jour<\/span><\/strong><\/span><\/p>\n<p class=\"Normal tm8\"><span style=\"color: #000000;\"><strong><span class=\"tm9\">Missel romain nouvelle traduction : <br \/><\/span><\/strong><span class=\"tm12\">Une p\u00e9nurie de papier g\u00e9n\u00e9ralis\u00e9e retarde l\u2019application de cette nouvelle traduction. <\/span><span class=\"tm12\">\u00a0<\/span><\/span><\/p>\n<p><span style=\"color: #000000;\"><strong><span class=\"tm9\">Entr\u00e9e en Avent : <br \/><\/span><\/strong><\/span><\/p>\n<ul>\n<li class=\"Normal tm25 tm10\"><span class=\"tm12\" style=\"color: #000000;\"><strong><span class=\"tm9\">U<\/span><span class=\"tm9\">n temps propice au partage et \u00e0 la solidarit\u00e9 : <\/span><\/strong>Nous vous sollicitons pour apporter des produits d\u2019hygi\u00e8ne et des articles de pu\u00e9riculture au profit de personnes en grande pr\u00e9carit\u00e9. Les dons sont \u00e0 d\u00e9poser dans les paniers et cartons dispos\u00e9s \u00e0 l\u2019entr\u00e9e de nos \u00e9glises au b\u00e9n\u00e9fice de trois associations : \u00ab\u00a0Claire Amiti\u00e9\u00a0\u00bb qui accueille en urgence des femmes seules et des mamans avec de jeunes enfants, \u00ab\u00a0La Soupe pour les sans-abri\u00a0\u00bb, \u00ab\u00a0Le collectif des amis du Bonsa\u00ef\u00a0\u00bb qui aide et accompagne les migrants <\/span><\/li>\n<li><span style=\"color: #000000;\"><strong><span class=\"tm9\">V\u00eapres : <\/span><\/strong><span class=\"tm12\">Pendant la p\u00e9riode de l\u2019Avent les v\u00eapres sont propos\u00e9es <\/span><strong><span class=\"tm13\">les dimanches 28 novembre et 19 d\u00e9cembre \u00e0 17h \u00e0 Jarville et le 5 d\u00e9cembre \u00e0 Ludres<\/span><\/strong><\/span><\/li>\n<li><span style=\"color: #000000;\"><strong><span class=\"tm9\">Chauds les marrons :<\/span><\/strong><strong><span class=\"tm13\">Pendant la p\u00e9riode de l\u2019Avent<\/span><\/strong><span class=\"tm12\">, des animations auront lieu sur les parvis de nos \u00e9glises\u00a0: accueil, musique et chants de No\u00ebl, discussions, marrons chauds et chocolat chaud, g\u00e2teaux, visite de la cr\u00e8che\u00a0: <br \/><\/span><strong><span class=\"tm13\">\u00e0 Jarville\u00a0 mardi 7 et mardi 14 d\u00e9cembre de 16h \u00e0 19h, samedi 18 d\u00e9cembre de 15h \u00e0 18h, <br \/>\u00e0 Flavigny\u00a0 samedi 18 d\u00e9cembre \u00e0 16h15. <br \/><\/span><\/strong><span class=\"tm12\">Pensez \u00e0 proposer ce moment convivial autour de vous<\/span><\/span><\/li>\n<li class=\"Normal tm27 tm10\"><span style=\"color: #000000;\"><strong><span class=\"tm9\">Lecture du livret \u2018\u2019Imiter le Christ\u2019\u2019 :<\/span><\/strong><span class=\"tm12\">Pour la p\u00e9riode de l\u2019Avent il sera propos\u00e9 la lecture du livret \u2018\u2019Imiter le Christ\u2019\u2019 avant les messes dominicales : \u00e0 17h30 \u00e0 Heillecourt, \u00e0 9h30 \u00e0 Flavigny ou \u00e0 10h30 \u00e0 Ludres, \u00e0 10h Jarville. <\/span><\/span><\/li>\n<li><span style=\"color: #000000;\"><strong><span class=\"tm9\">\u2018\u2019A No\u00ebl bouge ton c\u0153ur \u2018\u2019 :<\/span><\/strong><strong><span class=\"tm13\">Tous les enfants <\/span><\/strong><span class=\"tm12\">sont invit\u00e9s \u00e0 <\/span><strong><span class=\"tm13\">r\u00e9aliser une jolie carte de No\u00ebl<\/span><\/strong><span class=\"tm12\"> qui fera la joie d\u2019une personne seule. Ces cartes accompagn\u00e9es d\u2019un message fraternel peuvent \u00eatre donn\u00e9es \u00e0 nos paroisses pour \u00eatre redistribu\u00e9es dans nos \u00e9tablissements de personnes \u00e2g\u00e9es ou \u00e0 des personnes seules ou isol\u00e9es. <\/span><\/span><\/li>\n<li><span style=\"color: #000000;\"><strong><span class=\"tm9\">Concours de cr\u00e8ches dans les familles et dans nos \u00e9glises :<\/span><\/strong><span class=\"tm12\">Peut-\u00eatre \u00eates-vous cr\u00e9atifs ? ou peut-\u00eatre pouvez r\u00e9veiller votre cr\u00e9ativit\u00e9 pour faire la cr\u00e8che qui vous ressemble, cette ann\u00e9e ! Vous pourrez la photographier et la transmettre \u00e0 la paroisse ! on pourra les exposer et d\u00e9corer nos sapins des messes de No\u00ebl. <\/span><\/span><\/li>\n<\/ul>\n<p class=\"Normal tm10\"><span style=\"color: #000000;\"><strong><span class=\"tm9\">Parcours Alpha : <br \/><\/span><\/strong><span class=\"tm12\">Un parcours Alpha, s\u00e9rie de 10 rencontres hebdomadaires (repas, suivi d\u2019un expos\u00e9 puis d\u2019un \u00e9change libre) d\u00e9marrera <\/span><strong><span class=\"tm13\">le mardi 11 janvier 2022 \u00e0 Jarville<\/span><\/strong><span class=\"tm12\">. <br \/><\/span><span class=\"tm12\">Ce parcours est <\/span><strong><span class=\"tm13\">ouvert \u00e0 tous<\/span><\/strong><span class=\"tm12\">. Chacun est accueilli de mani\u00e8re d\u00e9contract\u00e9e pour \u00e9changer en petits groupes, d\u00e9couvrir ou red\u00e9couvrir la foi chr\u00e9tienne<\/span><span class=\"tm23\">. <\/span><\/span><\/p>\n<p class=\"Normal tm10\"><span style=\"color: #000000;\"><strong><span class=\"tm9\">Permanence d&rsquo;un pr\u00eatre le samedi matin \u00e0 Jarville : <br \/><\/span><\/strong><span class=\"tm12\">Chaque samedi de 10h30 \u00e0 11h30\u00a0: permanence d\u2019un pr\u00eatre avec possibilit\u00e9 de confession, discussion, b\u00e9n\u00e9diction<\/span><strong><span class=\"tm9\">, <\/span><\/strong><span class=\"tm23\">et \u00e0<\/span><strong> <span class=\"tm13\">11h30\u00a0 messe du jour dans la crypte.<br \/><\/span><\/strong><\/span><\/p>\n<p class=\"Corpsdetexte tm28\"><span style=\"color: #000000;\"><strong><span class=\"tm9\">\u00a0<\/span><span class=\"tm9\">Id\u00e9es de lecture :<br \/><\/span><\/strong><strong><span class=\"tm9\">\u00a0&#8211; <\/span><\/strong><span class=\"tm12\">\u2018\u2019La vie en bleu\u2019\u2019 de Martin Steffens\u00a0 : <\/span><em>pourquoi la vie est belle m\u00eame dans l&rsquo;\u00e9preuve, r\u00e9flexion philosophique sur l&rsquo;amour, la confiance, le risque, la prudence, la mort ou la vie. L&rsquo;auteur aide \u00e0 comprendre comment les obstacles et les difficult\u00e9s permettent de prendre conscience de la valeur de sa vie.<\/em> <\/span><br \/><span style=\"color: #000000;\"><span class=\"tm12\">&#8211; \u2018\u2019GPA, la grande manipulation\u2019\u2019 de Mich\u00e8le LUGA : <\/span><em>La re\u0301alite\u0301 de la gestation pour autrui (GPA) est bien loin de l\u2019image ide\u0301alise\u0301e et candide a\u0300 laquelle beaucoup aimeraient croire. Dans les faits, c\u2019est une nouvelle forme d\u2019exploitation des femmes les plus vulne\u0301rables. <\/em><em>Miche\u0300le Luga, magistrat honoraire, re\u0301ve\u0300le dans cet ouvrage les dessous sombres de la GPA.<\/em><\/span><\/p>\n<p class=\"Normal_Web_ tm29 tm30\"><span style=\"color: #000000;\"><strong><span class=\"tm9\">Procession ancestrale de St Nicolas pr\u00e9sid\u00e9e par Monseigneur Jean-Louis Papin : <\/span><\/strong><span class=\"tm13\">Le samedi 4 d\u00e9cembre \u00e0 20h30<\/span> <span class=\"tm13\">\u00e0 la basilique<\/span><\/span><span class=\"tm12\"><span style=\"color: #000000;\"> de Saint Nicolas de Port.<\/span> <\/span><\/p>\n<p class=\"Normal\">\u00a0<\/p>\n","protected":false},"excerpt":{"rendered":"<p>Entr\u00e9e en \u00c9glise : Ce dimanche 28 novembre \u00e0 Jarville, pendant la messe, Kelya, une adolescente de la paroisse, fait son entr\u00e9e en \u00c9glise, premi\u00e8re \u00e9tape en vue de son Bapt\u00eame \u00e0 P\u00e2ques. Nous l\u2019entourons de notre pri\u00e8re. March\u00e9 de No\u00ebl : Le 4 d\u00e9cembre \u00e0 Laneuveville de 17h \u00e0 20h et le 5 d\u00e9cembre&hellip; <br \/> <a class=\"read-more\" href=\"https:\/\/paroisses-nancy-sud.fr\/HOME\/annonces-desaint-francois-de-sales-sainte-jeanne-de-chantal-du-28-novembre\/\">Lire la suite<\/a><\/p>\n","protected":false},"author":5,"featured_media":553,"comment_status":"closed","ping_status":"open","sticky":false,"template":"","format":"standard","meta":[],"categories":[7],"tags":[],"acf":[],"_links":{"self":[{"href":"https:\/\/paroisses-nancy-sud.fr\/HOME\/wp-json\/wp\/v2\/posts\/1596"}],"collection":[{"href":"https:\/\/paroisses-nancy-sud.fr\/HOME\/wp-json\/wp\/v2\/posts"}],"about":[{"href":"https:\/\/paroisses-nancy-sud.fr\/HOME\/wp-json\/wp\/v2\/types\/post"}],"author":[{"embeddable":true,"href":"https:\/\/paroisses-nancy-sud.fr\/HOME\/wp-json\/wp\/v2\/users\/5"}],"replies":[{"embeddable":true,"href":"https:\/\/paroisses-nancy-sud.fr\/HOME\/wp-json\/wp\/v2\/comments?post=1596"}],"version-history":[{"count":5,"href":"https:\/\/paroisses-nancy-sud.fr\/HOME\/wp-json\/wp\/v2\/posts\/1596\/revisions"}],"predecessor-version":[{"id":1601,"href":"https:\/\/paroisses-nancy-sud.fr\/HOME\/wp-json\/wp\/v2\/posts\/1596\/revisions\/1601"}],"wp:featuredmedia":[{"embeddable":true,"href":"https:\/\/paroisses-nancy-sud.fr\/HOME\/wp-json\/wp\/v2\/media\/553"}],"wp:attachment":[{"href":"https:\/\/paroisses-nancy-sud.fr\/HOME\/wp-json\/wp\/v2\/media?parent=1596"}],"wp:term":[{"taxonomy":"category","embeddable":true,"href":"https:\/\/paroisses-nancy-sud.fr\/HOME\/wp-json\/wp\/v2\/categories?post=1596"},{"taxonomy":"post_tag","embeddable":true,"href":"https:\/\/paroisses-nancy-sud.fr\/HOME\/wp-json\/wp\/v2\/tags?post=1596"}],"curies":[{"name":"wp","href":"https:\/\/api.w.org\/{rel}","templated":true}]}}