{"id":1602,"date":"2021-11-27T20:52:35","date_gmt":"2021-11-27T19:52:35","guid":{"rendered":"https:\/\/paroisses-nancy-sud.fr\/HOME\/?p=1602"},"modified":"2021-11-27T20:54:56","modified_gmt":"2021-11-27T19:54:56","slug":"restez-eveilles-et-priez-en-tout-temps-luc-2136","status":"publish","type":"post","link":"https:\/\/paroisses-nancy-sud.fr\/HOME\/restez-eveilles-et-priez-en-tout-temps-luc-2136\/","title":{"rendered":"Restez \u00e9veill\u00e9s et priez en tout temps (Luc 21,36)"},"content":{"rendered":"\n<p class=\"Standard\"><span style=\"color: #000000;\">\u00abL\u2019Avent est le temps de l\u2019attente pieuse et joyeuse. Il d\u00e9bute le 4<sup>e <\/sup>dimanche avant No\u00ebl, et marque le d\u00e9but de l\u2019ann\u00e9e liturgique. Ce temps a une double caract\u00e9ristique : c\u2019est \u00e0 la fois un temps de pr\u00e9paration aux solennit\u00e9s de la Nativit\u00e9, o\u00f9 l\u2019on comm\u00e9more le premier av\u00e8nement du Fils de Dieu parmi les hommes, et un temps o\u00f9, par ce m\u00e9morial, les \u00e2mes se tournent vers l\u2019attente du second av\u00e8nement du Christ \u00e0 la fin des temps.\u00bb<\/span><\/p>\n<p class=\"Standard\"><span style=\"color: #000000;\">\u00ab\u00a0Alors, on verra le Fils de l&rsquo;homme venir dans une nu\u00e9e, avec puissance et grande gloire\u00a0\u00bb dit J\u00e9sus \u00e0 ses disciples dans l&rsquo;\u00e9vangile de sa venue. Saint Paul parle aussi, dans la deuxi\u00e8me lecture de ce dimanche, de la venue de notre Seigneur J\u00e9sus avec tous les saints. Croyons-nous vraiment dans ce deuxi\u00e8me av\u00e8nement de J\u00e9sus c&rsquo;est-\u00e0-dire le retour de J\u00e9sus \u00e0 la fin des temps ? Quand cela arrivera-t-il ? \u00ab\u00a0Tenez-vous donc pr\u00eats, vous aussi : c&rsquo;est \u00e0 l&rsquo;heure o\u00f9 vous n&rsquo;y penserez pas que le Fils de l&rsquo;homme viendra\u00a0\u00bb dit J\u00e9sus dans l&rsquo;\u00e9vangile de Matthieu. En fait, cette attente pieuse et joyeuse nous am\u00e8ne vers l&rsquo;avenir ( <em>\u00e0-venir<\/em> ) c&rsquo;est-\u00e0-dire vers l&rsquo;esp\u00e9rance. Apr\u00e8s avoir vaincu toute sorte de mal qui existe dans notre temps, J\u00e9sus viendra de nouveau \u00e0 la fin des temps pour transformer et pour renouveler toute la cr\u00e9ation. Avec cette esp\u00e9rance, prions J\u00e9sus, car nous attendons sa venue dans la gloire.<\/span><\/p>\n<p class=\"Standard\"><span style=\"color: #000000;\">Pr\u00e9parons-nous bien pour f\u00eater la naissance de J\u00e9sus. La naissance de J\u00e9sus est un \u00e9v\u00e9nement important et historique pour le bien de l&rsquo;humanit\u00e9, car Dieu s&rsquo;est fait homme pour que l&rsquo;homme devienne Dieu. Donc, dans la joie, malgr\u00e9 la crise sanitaire, pour que J\u00e9sus puisse na\u00eetre en nous, pr\u00e9parons une cr\u00e8che dans notre c\u0153ur. Donnons l&rsquo;espoir au monde et aux autres. Avec un c\u0153ur g\u00e9n\u00e9reux, faisons des actes concrets et charitables aux personnes pauvres, malades, isol\u00e9es et abandonn\u00e9es pour qu&rsquo;elles puissent f\u00eater dignement la naissance de J\u00e9sus.<\/span><\/p>\n<p class=\"Standard\" style=\"text-align: right;\"><span style=\"color: #000000;\">P\u00e8re Raj<\/span><\/p>\n<p class=\"Normal\">\u00a0<\/p>\n","protected":false},"excerpt":{"rendered":"<p>\u00abL\u2019Avent est le temps de l\u2019attente pieuse et joyeuse. Il d\u00e9bute le 4e dimanche avant No\u00ebl, et marque le d\u00e9but de l\u2019ann\u00e9e liturgique. Ce temps a une double caract\u00e9ristique : c\u2019est \u00e0 la fois un temps de pr\u00e9paration aux solennit\u00e9s de la Nativit\u00e9, o\u00f9 l\u2019on comm\u00e9more le premier av\u00e8nement du Fils de Dieu parmi les&hellip; <br \/> <a class=\"read-more\" href=\"https:\/\/paroisses-nancy-sud.fr\/HOME\/restez-eveilles-et-priez-en-tout-temps-luc-2136\/\">Lire la suite<\/a><\/p>\n","protected":false},"author":5,"featured_media":523,"comment_status":"closed","ping_status":"open","sticky":false,"template":"","format":"standard","meta":[],"categories":[6],"tags":[],"acf":[],"_links":{"self":[{"href":"https:\/\/paroisses-nancy-sud.fr\/HOME\/wp-json\/wp\/v2\/posts\/1602"}],"collection":[{"href":"https:\/\/paroisses-nancy-sud.fr\/HOME\/wp-json\/wp\/v2\/posts"}],"about":[{"href":"https:\/\/paroisses-nancy-sud.fr\/HOME\/wp-json\/wp\/v2\/types\/post"}],"author":[{"embeddable":true,"href":"https:\/\/paroisses-nancy-sud.fr\/HOME\/wp-json\/wp\/v2\/users\/5"}],"replies":[{"embeddable":true,"href":"https:\/\/paroisses-nancy-sud.fr\/HOME\/wp-json\/wp\/v2\/comments?post=1602"}],"version-history":[{"count":4,"href":"https:\/\/paroisses-nancy-sud.fr\/HOME\/wp-json\/wp\/v2\/posts\/1602\/revisions"}],"predecessor-version":[{"id":1606,"href":"https:\/\/paroisses-nancy-sud.fr\/HOME\/wp-json\/wp\/v2\/posts\/1602\/revisions\/1606"}],"wp:featuredmedia":[{"embeddable":true,"href":"https:\/\/paroisses-nancy-sud.fr\/HOME\/wp-json\/wp\/v2\/media\/523"}],"wp:attachment":[{"href":"https:\/\/paroisses-nancy-sud.fr\/HOME\/wp-json\/wp\/v2\/media?parent=1602"}],"wp:term":[{"taxonomy":"category","embeddable":true,"href":"https:\/\/paroisses-nancy-sud.fr\/HOME\/wp-json\/wp\/v2\/categories?post=1602"},{"taxonomy":"post_tag","embeddable":true,"href":"https:\/\/paroisses-nancy-sud.fr\/HOME\/wp-json\/wp\/v2\/tags?post=1602"}],"curies":[{"name":"wp","href":"https:\/\/api.w.org\/{rel}","templated":true}]}}