{"id":1623,"date":"2021-12-03T18:17:11","date_gmt":"2021-12-03T17:17:11","guid":{"rendered":"https:\/\/paroisses-nancy-sud.fr\/HOME\/?p=1623"},"modified":"2021-12-03T18:19:20","modified_gmt":"2021-12-03T17:19:20","slug":"annonces-saint-francois-de-sales-et-sainte-jeanne-de-chantal","status":"publish","type":"post","link":"https:\/\/paroisses-nancy-sud.fr\/HOME\/annonces-saint-francois-de-sales-et-sainte-jeanne-de-chantal\/","title":{"rendered":"Annonces Saint-Fran\u00e7ois-de-Sales et Sainte-Jeanne-de-Chantal du 5 d\u00e9cembre"},"content":{"rendered":"\n<ul>\n<li class=\"Normal tm8\"><span style=\"color: #000000;\"><strong><span class=\"tm9\"><em>March\u00e9 de No\u00ebl<\/em> :<br \/><\/span><\/strong><strong><span class=\"tm11\">Ce dimanche 5 d\u00e9cembre \u00e0 Jarville de 10h \u00e0 13h, sur le parvis de l\u2019\u00e9glise, <\/span><\/strong><span class=\"tm10\">le groupe des \u2018\u2019Abeilles du mardi\u2019\u2019 de Jarville<\/span> <span class=\"tm10\">propose des d\u00e9corations de No\u00ebl, de la confiture, des escargots, de la charcuterie ou des fruits de mer que vous pourrez d\u00e9guster sur place.\u00a0<\/span><\/span><\/li>\n<li class=\"Normal tm8\"><span style=\"color: #000000;\"><strong><span class=\"tm9\">\u2018\u2019<em>Chauds les marrons\u2019<\/em>\u2019 : <br \/><\/span><\/strong><strong><span class=\"tm11\">Mardi 7 d\u00e9cembre de 16h \u00e0 19h \u00e0 Jarville sur le parvis de l\u2019\u00e9glise et \u00e0 l\u2019\u00e9glise<\/span><\/strong><span class=\"tm10\">\u00a0: accueil, musique et chants de No\u00ebl, discussions, marrons chauds et chocolat chaud, g\u00e2teaux, visite de la cr\u00e8che.<\/span><\/span><\/li>\n<li><span style=\"color: #000000;\"><strong><span class=\"tm9\"><em>Passerelle<\/em> : <br \/><\/span><\/strong><span class=\"tm10\">Le nouveau num\u00e9ro de \u2018\u2019Passerelle\u2019\u2019 est arriv\u00e9 et sera distribu\u00e9 les prochains jours. On y trouve notamment tous les horaires des messes de No\u00ebl et des articles de fond. <br \/><\/span><strong><span class=\"tm11\">Il y est joint une enveloppe<\/span><\/strong><span class=\"tm10\"> et un tract (avec un re\u00e7u pour ceux qui le souhaitent) pour la <\/span><strong><span class=\"tm11\">demande de don annuel <\/span><em><span class=\"tm12\">\u2018\u2019aux \u0153uvres paroissiales\u2019\u2019<\/span><\/em> <\/strong><span class=\"tm10\">du mois de d\u00e9cembre. Merci de lui faire bon accueil et merci de votre g\u00e9n\u00e9rosit\u00e9.<\/span><\/span><\/li>\n<li><span style=\"color: #000000;\"><strong><span class=\"tm9\"><em>Messe de l\u2019Immacul\u00e9e conception<\/em> :<br \/><\/span><\/strong><strong><span class=\"tm9\">Mercredi 8 d\u00e9cembre \u00e0 9h \u00e0 Ludres et \u00e0 18h \u00e0 Jarville <em>messe de la solennit\u00e9 de l\u2019Immacul\u00e9e Conception.<\/em> <\/span><\/strong><\/span><\/li>\n<li class=\"Normal tm8\"><span style=\"color: #000000;\"><strong><span class=\"tm9\"><em>Pr\u00e9paration des messes de No\u00ebl<\/em> : <\/span><\/strong><span class=\"tm11\">Jeudi 9 d\u00e9cembre \u00e0 20h30 \u00e0 Ludres <\/span><\/span><\/li>\n<li class=\"Normal tm8\"><span style=\"color: #000000;\"><strong><span class=\"tm9\">Vendredi 10 d\u00e9cembre : <\/span><span class=\"tm11\">20h30 \u00e0 21h30 \u00e0 Jarville <\/span><\/strong><span class=\"tm11\">soir\u00e9e de chants et louange <\/span><\/span><\/li>\n<li class=\"Normal tm8\"><span style=\"color: #000000;\"><strong><span class=\"tm9\"><em>Campagne de fin d\u2019ann\u00e9e du secours catholique<\/em> :<br \/><\/span><\/strong><strong><span class=\"tm11\">Samedi prochain 11 d\u00e9cembre\u00a0<\/span><\/strong><span class=\"tm10\">: \u00e0 l&rsquo;\u00e9glise de Laneuveville\u00a0 et dimanche 12 d\u00e9cembre \u00e0 l&rsquo;\u00e9glise de Jarville,\u00a0 seront propos\u00e9s des bougies (2,50 ou 4,50 euros)\u00a0 et le g\u00e2teau \u00ab\u00a0le fraternel\u00a0\u00bb (6 euros).\u00a0 Merci.\u00a0\u00bb<\/span><\/span><\/li>\n<\/ul>\n<p class=\"Normal tm8\"><span style=\"color: #000000;\"><strong><span class=\"tm9\"><em>Concerts de No\u00ebl<\/em> : <br \/><\/span><\/strong><strong><span class=\"tm11\">-Le dimanche 12 d\u00e9cembre \u00e0 Flavigny, \u00e0 16h par l\u2019ensemble vocal \u2018\u2019 Voic\u2019in\u2019,\u2019 <\/span><\/strong><span class=\"tm10\">quatuor vocal.<br \/>&#8211;<\/span><strong><span class=\"tm11\">Le mardi 14 d\u00e9cembre \u00e0 Laneuveville \u00e0 20h avec la chorale Lanew-M\u00e9lodie et r\u00e9troharmonies. <\/span><\/strong><\/span><\/p>\n<p class=\"Normal tm8\"><span style=\"color: #000000;\"><strong><span class=\"tm9\"><em>Kermesse paroissiale<\/em> :<br \/><\/span><\/strong><strong><span class=\"tm11\">Le samedi 18 d\u00e9cembre \u00e0 10h<\/span><\/strong> <strong><span class=\"tm11\">\u00e0 Jarville\u00a0: Assembl\u00e9e g\u00e9n\u00e9rale de l\u2019Association kermesse, <\/span><\/strong><span class=\"tm10\">salle paroissiale, entr\u00e9e rue de Ren\u00e9mont.<\/span><\/span><\/p>\n<p class=\"Normal_Web_ tm13 tm14\"><span style=\"color: #000000;\"><strong><span class=\"tm9\"><em>Pastorale des familles<\/em> :<br \/><\/span><\/strong><strong><em><span class=\"tm15\">-\u2018\u2019Caf\u00e9 d\u2019apr\u00e8s\u2019\u2019<\/span><\/em><span class=\"tm9\">\u00a0: <\/span><span class=\"tm11\">Rendez-vous pour les personnes en deuil\u00a0: samedi 11 d\u00e9cembre de 10h \u00e0 12h\u00a0: <\/span><em><span class=\"tm12\">la vie apr\u00e8s la mort d\u2019un conjoint<\/span><\/em><\/strong> <span class=\"tm10\">\u00e0 la<\/span> <span class=\"tm10\">Maison du deuil, Cours des arts \u00e0 Nancy. Inscription souhait\u00e9e au 06 24 70 67 80 <br \/>&#8211;<\/span><strong><em><span class=\"tm9\">Autour de la naissance<\/span><\/em><span class=\"tm11\"><em>\u00a0<\/em>: Renforcez l\u2019amour et gu\u00e9rir nos blessures de vie les 10-11- 12 d\u00e9cembre \u00e0 l\u2019\u00e9glise Ste Anne de Beauregard. <\/span><\/strong><span class=\"tm10\">Contact : Laurence Alliotte 06 83 15 51<\/span> <span class=\"tm10\">30 <br \/><\/span><\/span><\/p>\n<p class=\"Normal_Web_ tm13 tm14\"><span style=\"color: #000000;\"><strong><span class=\"tm9\">Un jour pour Dieu, un jour pour toi pour les 18-30 ans :<br \/><\/span><\/strong><span class=\"tm12\"><em>Quelle place, quel espace veux-tu donner \u00e0 celui qui vient ? <br \/><\/em><\/span><span class=\"tm11\">Le samedi 11 d\u00e9cembre de 10h \u00e0 18h au monast\u00e8re des dominicaines d\u2019Orbey<\/span><span class=\"tm10\">. <br \/><\/span><span class=\"tm10\">Contact\u00a0: 03 89 71 23 30 &#8211; dominicaines.orbey.fr<\/span><\/span><\/p>\n<p class=\"Normal\"><span style=\"color: #000000;\"><strong><span class=\"tm17\"><em>Horaires des messes dominicales des 11 et 12 d\u00e9cembre 2021<\/em> :<br \/><\/span><\/strong><strong><span class=\"tm11\">Samedi 11 d\u00e9cembre : 18h<\/span><\/strong><span class=\"tm10\">\u00a0\u00e0 Th\u00e9lod <\/span><strong><span class=\"tm11\">18h<\/span><\/strong><span class=\"tm10\"> \u00e0 Heillecourt et Laneuveville <\/span><strong><span class=\"tm11\">Dimanche 12 d\u00e9cembre : 10h<\/span><\/strong><span class=\"tm10\"> \u00e0 Flavigny et Fl\u00e9ville 1<\/span><strong><span class=\"tm11\">0h30<\/span><\/strong><span class=\"tm10\"> \u00e0 Jarville et Neuves-Maisons<\/span><\/span><\/p>\n<p class=\"Normal tm8\"><span style=\"color: #000000;\"><strong><span class=\"tm9\"><em>Entr\u00e9e en Avent<\/em> : <br \/><\/span><\/strong><\/span><\/p>\n<ul>\n<li class=\"Normal tm21 tm8\"><span style=\"color: #000000;\"><strong><span class=\"tm9\">V\u00eapres:<br \/><\/span><\/strong><span class=\"tm10\">Pendant la p\u00e9riode de l\u2019Avent les v\u00eapres sont propos\u00e9es <\/span><strong><span class=\"tm11\">les dimanches, \u00e0 17h \u00e0 Ludres le 5 d\u00e9cembre, le 19 d\u00e9cembre \u00e0 Jarville.<\/span><\/strong><\/span><\/li>\n<li class=\"Normal tm22 tm8\"><span style=\"color: #000000;\"><strong><span class=\"tm9\">U<\/span><span class=\"tm9\">n temps propice au partage et \u00e0 la solidarit\u00e9 :<br \/><\/span><\/strong><span class=\"tm10\">Nous vous sollicitons pour apporter des produits d\u2019hygi\u00e8ne et des articles de pu\u00e9riculture au profit de personnes en grande pr\u00e9carit\u00e9. Les dons sont \u00e0 d\u00e9poser dans les paniers et cartons dispos\u00e9s \u00e0 l\u2019entr\u00e9e de nos \u00e9glises au b\u00e9n\u00e9fice de trois associations : \u00ab Claire Amiti\u00e9 \u00bb qui accueille en urgence des femmes seules et des mamans avec de jeunes enfants, \u00ab La Soupe pour les sans-abri \u00bb, \u00ab Le collectif des amis du Bonsa\u00ef \u00bb qui aide et accompagne les migrants <\/span><\/span><\/li>\n<li class=\"Normal tm22 tm8\"><span style=\"color: #000000;\"><strong><span class=\"tm9\">Chauds les marrons :<br \/><\/span><\/strong><strong><span class=\"tm11\">Pendant la p\u00e9riode de l\u2019Avent<\/span><\/strong><span class=\"tm10\">, des animations auront lieu sur les parvis de nos \u00e9glises\u00a0: accueil, musique et chants de No\u00ebl, discussions, marrons chauds et chocolat chaud, g\u00e2teaux, visite de la cr\u00e8che\u00a0: <\/span><strong><span class=\"tm11\">\u00e0 Jarville les mardis 7 et 14 d\u00e9cembre de 16h \u00e0 19h et le samedi 18 d\u00e9cembre de 15h \u00e0 18h, \u00e0 Flavigny le samedi 18 d\u00e9cembre \u00e0 16h15 \u00e0 l\u2019\u00e9glise puis \u00e0 17h sur le parvis. <\/span><\/strong><span class=\"tm10\">Pensez \u00e0 proposer ce moment convivial autour de vous.<\/span><\/span><\/li>\n<li class=\"Normal tm24 tm8\"><span style=\"color: #000000;\"><strong><span class=\"tm9\">Lecture du livret \u2018\u2019Imiter le Christ\u2019\u2019 : <br \/><\/span><\/strong><span class=\"tm10\">Pour la p\u00e9riode de l\u2019Avent il sera propos\u00e9 la lecture du livret \u2018\u2019Imiter le Christ\u2019\u2019 avant les messes dominicales : \u00e0 17h30 \u00e0 Heillecourt, \u00e0 9h30 \u00e0 Flavigny ou \u00e0 10h30 \u00e0 Ludres, \u00e0 10h Jarville. <\/span><\/span><\/li>\n<li><span style=\"color: #000000;\"><strong><span class=\"tm9\">\u2018\u2019A No\u00ebl bouge ton c\u0153ur \u2018\u2019 :<br \/><\/span><\/strong><span class=\"tm11\">Tous les enfants <\/span><span class=\"tm10\">sont invit\u00e9s \u00e0 <\/span><span class=\"tm11\">r\u00e9aliser une jolie carte de No\u00ebl<\/span><span class=\"tm10\"> qui fera la joie d\u2019une personne seule. Ces cartes accompagn\u00e9es d\u2019un message fraternel peuvent \u00eatre donn\u00e9es \u00e0 nos paroisses pour \u00eatre redistribu\u00e9es dans nos \u00e9tablissements de personnes \u00e2g\u00e9es ou \u00e0 des personnes seules ou isol\u00e9es. <\/span><\/span><\/li>\n<li><span style=\"color: #000000;\"><strong><span class=\"tm9\">Concours de cr\u00e8ches dans les familles et dans nos \u00e9glises :<br \/><\/span><\/strong><span class=\"tm10\">Peut-\u00eatre \u00eates-vous cr\u00e9atifs ? ou peut-\u00eatre pouvez r\u00e9veiller votre cr\u00e9ativit\u00e9 pour faire la cr\u00e8che qui vous ressemble, cette ann\u00e9e ! Vous pourrez la photographier et la transmettre \u00e0 la paroisse ! on pourra les exposer et d\u00e9corer nos sapins des messes de No\u00ebl. <\/span><\/span><\/li>\n<\/ul>\n<p class=\"Corpsdetexte tm25\"><span style=\"color: #000000;\"><strong><span class=\"tm9\">\u00a0<\/span><span class=\"tm9\"><em>Id\u00e9es de lecture :<\/em> <br \/><\/span><\/strong><\/span><\/p>\n<p class=\"Corpsdetexte tm25\"><span style=\"color: #000000;\"><strong><span class=\"tm9\">\u00a0<\/span><\/strong><span class=\"tm10\">\u2018\u2019La vie en bleu\u2019\u2019 de Martin Steffens -\/ \u2018\u2019GPA, la grande manipulation\u2019\u2019 de Mich\u00e8le LUGA<\/span><\/span><\/p>\n<p class=\"Corpsdetexte tm25\" style=\"text-align: left;\"><span style=\"color: #000000;\"><strong><em><span class=\"tm9\">\u00a0<\/span><\/em><span class=\"tm9\"><em>Pri\u00e8re<\/em> : <br \/><\/span><\/strong><\/span><\/p>\n<p class=\"Corpsdetexte tm25\" style=\"text-align: center;\"><span style=\"color: #000000;\"><strong><span class=\"tm9\">\u00a0<\/span><\/strong><em><span class=\"tm10\">\u00d4 Marie Immacul\u00e9e,<br \/><\/span><strong><span class=\"tm9\">\u00a0<\/span><\/strong><span class=\"tm10\">M\u00e8re tr\u00e8s aimante de J\u00e9sus,<br \/><\/span><strong><span class=\"tm9\">\u00a0<\/span><\/strong><span class=\"tm10\">Entourez chaque famille de votre maternelle affection.<br \/><\/span><strong><span class=\"tm9\">\u00a0<\/span><\/strong><span class=\"tm10\">Qu\u2019elle soit un lieu authentique d\u2019amour, de pri\u00e8re, de partage, d\u2019accueil et de paix. R\u00e9v\u00e9lez \u00e0 chacune d\u2019elles sa vocation missionnaire en t\u00e9moignant de la joie de l\u2019\u00c9vangile.\u00a0<br \/>Que votre Sainte Famille aide les couples en crise \u00e0 surmonter les difficult\u00e9s<br \/><\/span><span class=\"tm10\">Et \u00e0 en faire des opportunit\u00e9s pour grandir dans l\u2019amour et devenir plus forts.<br \/><\/span><span class=\"tm10\">Secourez les familles \u00e9prouv\u00e9es par la maladie, la pauvret\u00e9 ou la guerre.et de paix. R\u00e9v\u00e9lez \u00e0 chacune d\u2019elles sa vocation missionnaire en t\u00e9moignant de la joie de l\u2019\u00c9vangile.\u00a0<br \/>Que votre Sainte Famille aide les couples en crise \u00e0 surmonter les difficult\u00e9s<br \/><\/span><span class=\"tm10\">R\u00e9confortez les enfants priv\u00e9s de tendresse, d\u2019\u00e9coute et d\u2019\u00e9ducation; <br \/><\/span><span class=\"tm10\">D\u00e9fendez-les de tout mal. <br \/><\/span><span class=\"tm10\">Avec Saint Joseph, \u00e9poux et p\u00e8re vigilant, conduisez-nous sur le chemin de la Vie ; Obtenez-nous gr\u00e2ce, mis\u00e9ricorde et courage, <br \/><\/span><span class=\"tm10\">Pour accomplir chaque jour la volont\u00e9 d\u2019amour du P\u00e8re. Amen.<\/span><\/em><\/span><\/p>\n","protected":false},"excerpt":{"rendered":"<p>March\u00e9 de No\u00ebl :Ce dimanche 5 d\u00e9cembre \u00e0 Jarville de 10h \u00e0 13h, sur le parvis de l\u2019\u00e9glise, le groupe des \u2018\u2019Abeilles du mardi\u2019\u2019 de Jarville propose des d\u00e9corations de No\u00ebl, de la confiture, des escargots, de la charcuterie ou des fruits de mer que vous pourrez d\u00e9guster sur place.\u00a0 \u2018\u2019Chauds les marrons\u2019\u2019 : Mardi&hellip; <br \/> <a class=\"read-more\" href=\"https:\/\/paroisses-nancy-sud.fr\/HOME\/annonces-saint-francois-de-sales-et-sainte-jeanne-de-chantal\/\">Lire la suite<\/a><\/p>\n","protected":false},"author":5,"featured_media":553,"comment_status":"closed","ping_status":"open","sticky":false,"template":"","format":"standard","meta":[],"categories":[7],"tags":[],"acf":[],"_links":{"self":[{"href":"https:\/\/paroisses-nancy-sud.fr\/HOME\/wp-json\/wp\/v2\/posts\/1623"}],"collection":[{"href":"https:\/\/paroisses-nancy-sud.fr\/HOME\/wp-json\/wp\/v2\/posts"}],"about":[{"href":"https:\/\/paroisses-nancy-sud.fr\/HOME\/wp-json\/wp\/v2\/types\/post"}],"author":[{"embeddable":true,"href":"https:\/\/paroisses-nancy-sud.fr\/HOME\/wp-json\/wp\/v2\/users\/5"}],"replies":[{"embeddable":true,"href":"https:\/\/paroisses-nancy-sud.fr\/HOME\/wp-json\/wp\/v2\/comments?post=1623"}],"version-history":[{"count":5,"href":"https:\/\/paroisses-nancy-sud.fr\/HOME\/wp-json\/wp\/v2\/posts\/1623\/revisions"}],"predecessor-version":[{"id":1628,"href":"https:\/\/paroisses-nancy-sud.fr\/HOME\/wp-json\/wp\/v2\/posts\/1623\/revisions\/1628"}],"wp:featuredmedia":[{"embeddable":true,"href":"https:\/\/paroisses-nancy-sud.fr\/HOME\/wp-json\/wp\/v2\/media\/553"}],"wp:attachment":[{"href":"https:\/\/paroisses-nancy-sud.fr\/HOME\/wp-json\/wp\/v2\/media?parent=1623"}],"wp:term":[{"taxonomy":"category","embeddable":true,"href":"https:\/\/paroisses-nancy-sud.fr\/HOME\/wp-json\/wp\/v2\/categories?post=1623"},{"taxonomy":"post_tag","embeddable":true,"href":"https:\/\/paroisses-nancy-sud.fr\/HOME\/wp-json\/wp\/v2\/tags?post=1623"}],"curies":[{"name":"wp","href":"https:\/\/api.w.org\/{rel}","templated":true}]}}