{"id":1630,"date":"2021-12-03T18:28:23","date_gmt":"2021-12-03T17:28:23","guid":{"rendered":"https:\/\/paroisses-nancy-sud.fr\/HOME\/?p=1630"},"modified":"2021-12-03T18:28:23","modified_gmt":"2021-12-03T17:28:23","slug":"tout-etre-vivant-verra-le-salut-de-dieu-luc-36","status":"publish","type":"post","link":"https:\/\/paroisses-nancy-sud.fr\/HOME\/tout-etre-vivant-verra-le-salut-de-dieu-luc-36\/","title":{"rendered":"\u00ab Tout \u00eatre vivant verra le salut de Dieu \u00bb Luc 3,6"},"content":{"rendered":"\n<p class=\"Normal tm5\"><span style=\"color: #000000;\"><strong><span class=\"tm8\">\u00ab Tout \u00eatre vivant verra le salut de Dieu \u00bb<\/span><\/strong><span class=\"tm9\"> Luc 3,6 <\/span><\/span><\/p>\n<p class=\"Normal tm5\"><span style=\"color: #000000;\"><span class=\"tm9\">\u00a0<\/span><span class=\"tm9\">\u00ab Tout \u00eatre vivant verra le salut de Dieu \u00bb. Certes, c\u2019est \u00e0 toute l\u2019humanit\u00e9 que s\u2019adresse la proph\u00e9tie d\u2019Isa\u00efe entendue par Jean dans le d\u00e9sert, et qui le pousse \u00e0 proclamer un bapt\u00eame de conversion. Mais de notre r\u00e9ponse personnelle d\u00e9pend non seulement notre salut mais aussi celui de toute la cr\u00e9ation. L\u2019humanit\u00e9 est solidaire de son environnement, et elle en conditionne l\u2019avenir, nous ne le voyons que trop aujourd\u2019hui.<\/span><\/span><\/p>\n<p class=\"Normal tm5 tm10\"><span class=\"tm9\" style=\"color: #000000;\">Qui ne voudrait voir Dieu \u00e0 l\u2019\u0153uvre dans le monde et trouver ainsi le chemin de la vie ? Lourds de ce d\u00e9sir, nous sommes invit\u00e9s en ce temps de l\u2019Avent \u00e0 lever les yeux vers un horizon plus large que celui sur lequel nous posons habituellement notre regard. Il nous est bon alors d\u2019entendre la promesse que nous fait Jean le Baptiste en faisant r\u00e9sonner \u00e0 nouveau les paroles du proph\u00e8te Isa\u00efe : \u00ab Tout \u00eatre vivant verra le salut de Dieu \u00bb. Cette promesse nous invite aussi \u00e0 l\u2019action : am\u00e9nager des chemins praticables sur lesquels le salut pourra avancer, tracer des routes int\u00e9rieures faites d\u2019humilit\u00e9 et de mis\u00e9ricorde, aplanir tout ce qui peut faire obstacle. En un mot, nous laisser fa\u00e7onner un c\u0153ur de chair qui donne prise \u00e0 l\u2019amour. Il y a beaucoup \u00e0 faire ! Encourageons-nous \u00e0 vivre une conversion permanente, \u00e0 la fois personnelle et communautaire. <\/span><\/p>\n<p class=\"Normal tm5\"><em><span class=\"tm11\"><span style=\"color: #000000;\">Anne-Marie Aitken, xavi\u00e8re d&rsquo;apr\u00e8s d<\/span><span class=\"tm9\"><span class=\"tm7\"><span style=\"color: #000000;\">\u2019apr\u00e8s Vers dimanche n\u00b0 680<\/span><br \/><span style=\"color: #000000;\">Propos\u00e9 par l&rsquo;\u00e9quipe liturgique de Ludres.<\/span> <br \/><\/span><\/span><\/span><\/em><\/p>\n<p class=\"Normal tm5\"><em><span class=\"tm12\">\u00a0<\/span><\/em><\/p>\n<p class=\"Normal tm5\"><em><span class=\"tm12\">\u00a0<\/span><\/em><\/p>\n<p class=\"Normal\">\u00a0<\/p>\n","protected":false},"excerpt":{"rendered":"<p>\u00ab Tout \u00eatre vivant verra le salut de Dieu \u00bb Luc 3,6 \u00a0\u00ab Tout \u00eatre vivant verra le salut de Dieu \u00bb. Certes, c\u2019est \u00e0 toute l\u2019humanit\u00e9 que s\u2019adresse la proph\u00e9tie d\u2019Isa\u00efe entendue par Jean dans le d\u00e9sert, et qui le pousse \u00e0 proclamer un bapt\u00eame de conversion. Mais de notre r\u00e9ponse personnelle d\u00e9pend non&hellip; <br \/> <a class=\"read-more\" href=\"https:\/\/paroisses-nancy-sud.fr\/HOME\/tout-etre-vivant-verra-le-salut-de-dieu-luc-36\/\">Lire la suite<\/a><\/p>\n","protected":false},"author":5,"featured_media":523,"comment_status":"closed","ping_status":"open","sticky":false,"template":"","format":"standard","meta":[],"categories":[6],"tags":[],"acf":[],"_links":{"self":[{"href":"https:\/\/paroisses-nancy-sud.fr\/HOME\/wp-json\/wp\/v2\/posts\/1630"}],"collection":[{"href":"https:\/\/paroisses-nancy-sud.fr\/HOME\/wp-json\/wp\/v2\/posts"}],"about":[{"href":"https:\/\/paroisses-nancy-sud.fr\/HOME\/wp-json\/wp\/v2\/types\/post"}],"author":[{"embeddable":true,"href":"https:\/\/paroisses-nancy-sud.fr\/HOME\/wp-json\/wp\/v2\/users\/5"}],"replies":[{"embeddable":true,"href":"https:\/\/paroisses-nancy-sud.fr\/HOME\/wp-json\/wp\/v2\/comments?post=1630"}],"version-history":[{"count":1,"href":"https:\/\/paroisses-nancy-sud.fr\/HOME\/wp-json\/wp\/v2\/posts\/1630\/revisions"}],"predecessor-version":[{"id":1631,"href":"https:\/\/paroisses-nancy-sud.fr\/HOME\/wp-json\/wp\/v2\/posts\/1630\/revisions\/1631"}],"wp:featuredmedia":[{"embeddable":true,"href":"https:\/\/paroisses-nancy-sud.fr\/HOME\/wp-json\/wp\/v2\/media\/523"}],"wp:attachment":[{"href":"https:\/\/paroisses-nancy-sud.fr\/HOME\/wp-json\/wp\/v2\/media?parent=1630"}],"wp:term":[{"taxonomy":"category","embeddable":true,"href":"https:\/\/paroisses-nancy-sud.fr\/HOME\/wp-json\/wp\/v2\/categories?post=1630"},{"taxonomy":"post_tag","embeddable":true,"href":"https:\/\/paroisses-nancy-sud.fr\/HOME\/wp-json\/wp\/v2\/tags?post=1630"}],"curies":[{"name":"wp","href":"https:\/\/api.w.org\/{rel}","templated":true}]}}