{"id":1632,"date":"2021-12-04T21:47:32","date_gmt":"2021-12-04T20:47:32","guid":{"rendered":"https:\/\/paroisses-nancy-sud.fr\/HOME\/?p=1632"},"modified":"2021-12-04T21:47:32","modified_gmt":"2021-12-04T20:47:32","slug":"annonces-de-la-visitation-du-5-decembre","status":"publish","type":"post","link":"https:\/\/paroisses-nancy-sud.fr\/HOME\/annonces-de-la-visitation-du-5-decembre\/","title":{"rendered":"Annonces de la Visitation du 5 d\u00e9cembre"},"content":{"rendered":"\n<p class=\"Normal_Web_ tm9 tm10\"><span style=\"color: #000000;\"><strong><u><span class=\"tm12\">L\u2019Avent\u00a0: <\/span><\/u><\/strong><span class=\"tm11\">P\u00e9riode de pr\u00e9paration spirituelle, mais aussi du souci des personnes les plus d\u00e9munies. Le secteur pastoral propose de faire une collecte pour 3 associations\u00a0: <\/span><strong><em><span class=\"tm13\">\u00ab\u00a0Claire Amiti\u00e9<\/span><\/em><span class=\"tm12\">\u00a0\u00bb<\/span><\/strong><span class=\"tm11\">, accueil en foyer \u00e0 Nancy des femmes seules avec enfant<\/span><em><span class=\"tm14\">. <\/span><strong><span class=\"tm12\">\u00ab\u00a0Soupe des sans-abri \u00bb<\/span><\/strong><\/em><span class=\"tm11\">\u00a0: distribution de repas \u00e0 Nancy et sa couronne aux personnes de la rue. <\/span><strong><em><span class=\"tm13\">\u00ab\u00a0Amis du bonsa\u00ef\u00a0\u00bb<\/span><\/em><\/strong><span class=\"tm11\">, collectif d\u2019aide aux migrants \u00e0 Ludres. <br \/><\/span><span class=\"tm11\">Nous collectons dans les paniers au fond des \u00e9glises, des fruits et l\u00e9gumes frais, produits d\u2019hygi\u00e8ne, lait, objets pu\u00e9riculture, couches pour b\u00e9b\u00e9\u2026 Merci\u00a0!<\/span><\/span><\/p>\n<p class=\"Normal_Web_ tm9 tm10\"><span style=\"color: #000000;\"><strong><u><span class=\"tm12\">Synode\u00a0:<\/span><\/u><\/strong><span class=\"tm11\"> Votre contribution peut \u00eatre transmise au secr\u00e9tariat \u00e0 Neuves-Maisons, qui fera suivre ou directement sur\u00a0: <\/span><u><a style=\"color: #000000;\" href=\"http:\/\/www.catholique-nancy.fr\/synode2023\"><span class=\"tm11\">www.catholique-nancy.fr\/synode2023<\/span><\/a><\/u><span class=\"tm11\">. Merci\u00a0! <\/span><\/span><\/p>\n<p class=\"Normal_Web_ tm9 tm10\"><span style=\"color: #000000;\"><strong><u><span class=\"tm12\">Immacul\u00e9e conception\u00a0:<\/span><\/u><\/strong><span class=\"tm11\"> Afin de f\u00eater Marie, une messe sera c\u00e9l\u00e9br\u00e9e \u00e0 Bainville le mercredi 08 d\u00e9cembre \u00e0 9h. En communion avec les Lyonnais, nous pouvons d\u00e9poser une bougie sur le rebord de notre fen\u00eatre, tout en confiant une intention de pri\u00e8re \u00e0 notre M\u00e8re du ciel. <\/span><\/span><\/p>\n<p class=\"Normal_Web_ tm9 tm10\"><span style=\"color: #000000;\"><strong><u><span class=\"tm12\">\u00c9quipes du Rosaire<\/span><\/u><\/strong><span class=\"tm11\">\u00a0: <\/span><span class=\"alev_\">Le lundi 06 d\u00e9cembre, \u00e0 14h30 r\u00e9union \u00e0 Maron<\/span><\/span><\/p>\n<p class=\"Normal_Web_ tm9 tm10\"><span style=\"color: #000000;\"><strong><u><span class=\"tm12\">Contes et l\u00e9gendes de No\u00ebl<\/span><\/u><\/strong><span class=\"tm11\"> : \u00c9glise de Bainville le samedi 11 d\u00e9cembre \u00e0 16h. Mis en lumi\u00e8re et musique pour une heure de contes. Pour petits et grands ! <\/span><\/span><\/p>\n<p class=\"Normal_Web_ tm9 tm10\"><span style=\"color: #000000;\"><strong><u><span class=\"tm12\">Lettres de St Jean<\/span><\/u><\/strong><span class=\"tm11\">\u00a0: rencontre le lundi 13 d\u00e9cembre de 14h \u00e0 16h, chez les s\u0153urs \u00e0 Bainville. Poursuite de la r\u00e9flexion sur l\u2019Eglise en synode, en 2 groupes. <\/span><span class=\"tm11\">\u00a0<\/span><\/span><\/p>\n<p class=\"Normal tm9 tm16\"><span style=\"color: #000000;\"><strong><u><span class=\"tm18\">Bapt\u00eames\u00a0<\/span><\/u><\/strong><u><span class=\"tm17\">:<\/span><\/u><span class=\"tm17\"> <br \/>le 19-12-21 \u00e0 Bainville bapt\u00eame de Esma et Nellia SALAOU<\/span><span class=\"tm17\"> \u00a0\u00a0\u00a0\u00a0\u00a0\u00a0\u00a0\u00a0\u00a0\u00a0\u00a0\u00a0\u00a0\u00a0\u00a0\u00a0\u00a0\u00a0\u00a0\u00a0\u00a0\u00a0\u00a0\u00a0\u00a0\u00a0\u00a0\u00a0 Le 25-12-21 \u00e0 Pulligny bapt\u00eame de Gabin Berbe <br \/><\/span><span class=\"tm17\">Le 26-12-21 \u00e0 Neuves-Maisons bapt\u00eame de Vianney VINCHELIN <\/span><\/span><\/p>\n<p class=\"Normal tm9 tm16\"><span style=\"color: #000000;\"><span class=\"tm17\">\u00a0<\/span><strong><u><span class=\"tm12\">Messes \u00e0 la Visitation\u00a0<\/span><\/u><span class=\"tm12\">:\u00a0 <\/span><\/strong><\/span><br \/><span style=\"color: #000000;\"><span class=\"tm11\">Samedi 11 d\u00e9cembre \u00e0 18h Th\u00e9lod <br \/><\/span><span class=\"tm11\">Dimanche 12 d\u00e9cembre\u00a0: 10h30 Neuves-Maisons <\/span><span class=\"tm20\">(Saint Nicolas, attention au parking !) <br \/><\/span><span class=\"tm11\">Samedi 18 d\u00e9cembre \u00e0 18h \u00e0 Chavigny <\/span><\/span><\/p>\n<p class=\"Normal tm9 tm16\"><span style=\"color: #000000;\"><strong><span class=\"tm12\">Dimanche 19 d\u00e9cembre\u00a0: MESSE UNIQUE A BAINVILLE A 10H30 <br \/><\/span><\/strong><span class=\"tm11\">\u00c9glise de Neuves-Maisons occup\u00e9e par le concert de No\u00ebl \u00e0 15h <\/span><\/span><\/p>\n<p class=\"sc_aykkd tm9 tm19\"><span style=\"color: #000000;\"><strong><u><span class=\"tm12\">Messes en semaine : <br \/><\/span><\/u><\/strong><strong><span class=\"tm18\">\u00a0Mardi \u00e0 17h<\/span><\/strong><span class=\"tm17\"> et <strong>vendredi \u00e0 11h<\/strong>. Adoration le vendredi \u00e0 10h\u00a0<br \/><\/span><span class=\"tm17\"><strong>Jeudi \u00e0 8h30<\/strong> chez les s\u0153urs \u00e0 Bainville.<\/span><\/span><\/p>\n<p class=\"Standard\"><span style=\"color: #000000;\"><strong><u><span class=\"tm6\">Permanences \u00e0 la maison paroissiale :<\/span><\/u><span class=\"tm6\"> <br \/>Mardi de 14h \u00e0 16h30 et Samedi de 9h30 \u00e0 11h30<br \/>tel : <\/span><\/strong>03 83 47 25 54 <strong><span class=\"tm6\">\u2013 <\/span><span class=\"tm6\">adresse mail : <\/span><\/strong><a style=\"color: #000000;\" href=\"mailto:visitationmm@orange.fr\">visitationmm@orange.fr<\/a> <\/span><br \/><span style=\"color: #000000;\"><strong><span class=\"tm6\">Horaires des messes :\u00a0 <\/span><\/strong><a style=\"color: #000000;\" href=\"https:\/\/messes.info\/\">messesinfo<\/a> (<em><span class=\"tm7\">cliquer sur le lien<\/span><\/em>)<\/span><\/p>\n","protected":false},"excerpt":{"rendered":"<p>L\u2019Avent\u00a0: P\u00e9riode de pr\u00e9paration spirituelle, mais aussi du souci des personnes les plus d\u00e9munies. Le secteur pastoral propose de faire une collecte pour 3 associations\u00a0: \u00ab\u00a0Claire Amiti\u00e9\u00a0\u00bb, accueil en foyer \u00e0 Nancy des femmes seules avec enfant. \u00ab\u00a0Soupe des sans-abri \u00bb\u00a0: distribution de repas \u00e0 Nancy et sa couronne aux personnes de la rue. \u00ab\u00a0Amis&hellip; <br \/> <a class=\"read-more\" href=\"https:\/\/paroisses-nancy-sud.fr\/HOME\/annonces-de-la-visitation-du-5-decembre\/\">Lire la suite<\/a><\/p>\n","protected":false},"author":8,"featured_media":471,"comment_status":"closed","ping_status":"open","sticky":false,"template":"","format":"standard","meta":[],"categories":[10],"tags":[],"acf":[],"_links":{"self":[{"href":"https:\/\/paroisses-nancy-sud.fr\/HOME\/wp-json\/wp\/v2\/posts\/1632"}],"collection":[{"href":"https:\/\/paroisses-nancy-sud.fr\/HOME\/wp-json\/wp\/v2\/posts"}],"about":[{"href":"https:\/\/paroisses-nancy-sud.fr\/HOME\/wp-json\/wp\/v2\/types\/post"}],"author":[{"embeddable":true,"href":"https:\/\/paroisses-nancy-sud.fr\/HOME\/wp-json\/wp\/v2\/users\/8"}],"replies":[{"embeddable":true,"href":"https:\/\/paroisses-nancy-sud.fr\/HOME\/wp-json\/wp\/v2\/comments?post=1632"}],"version-history":[{"count":2,"href":"https:\/\/paroisses-nancy-sud.fr\/HOME\/wp-json\/wp\/v2\/posts\/1632\/revisions"}],"predecessor-version":[{"id":1634,"href":"https:\/\/paroisses-nancy-sud.fr\/HOME\/wp-json\/wp\/v2\/posts\/1632\/revisions\/1634"}],"wp:featuredmedia":[{"embeddable":true,"href":"https:\/\/paroisses-nancy-sud.fr\/HOME\/wp-json\/wp\/v2\/media\/471"}],"wp:attachment":[{"href":"https:\/\/paroisses-nancy-sud.fr\/HOME\/wp-json\/wp\/v2\/media?parent=1632"}],"wp:term":[{"taxonomy":"category","embeddable":true,"href":"https:\/\/paroisses-nancy-sud.fr\/HOME\/wp-json\/wp\/v2\/categories?post=1632"},{"taxonomy":"post_tag","embeddable":true,"href":"https:\/\/paroisses-nancy-sud.fr\/HOME\/wp-json\/wp\/v2\/tags?post=1632"}],"curies":[{"name":"wp","href":"https:\/\/api.w.org\/{rel}","templated":true}]}}