{"id":1641,"date":"2021-12-10T18:25:38","date_gmt":"2021-12-10T17:25:38","guid":{"rendered":"https:\/\/paroisses-nancy-sud.fr\/HOME\/?p=1641"},"modified":"2021-12-10T18:25:38","modified_gmt":"2021-12-10T17:25:38","slug":"annonces-de-saint-francois-de-sales-et-sainte-jeanne-de-chantal-5","status":"publish","type":"post","link":"https:\/\/paroisses-nancy-sud.fr\/HOME\/annonces-de-saint-francois-de-sales-et-sainte-jeanne-de-chantal-5\/","title":{"rendered":"Annonces de Saint-Fran\u00e7ois-de-Sales et Sainte-Jeanne-de-Chantal"},"content":{"rendered":"\n<p class=\"Normal tm6\"><span style=\"color: #000000;\"><strong><span class=\"tm7\">Table ouverte : <br \/><\/span><\/strong><strong><span class=\"tm9\">Le dimanche 12 d\u00e9cembre<\/span><\/strong><span class=\"tm8\"> \u00e0 Jarville \u00e0 midi (dans le respect des gestes barri\u00e8res) que vous soyez habitu\u00e9s ou non \u00e0 la paroisse ! Chacun apporte de quoi partager. <\/span><\/span><\/p>\n<p class=\"Normal tm6\"><span style=\"color: #000000;\"><strong><span class=\"tm7\">\u2018\u2018Chauds les marrons\u2019\u2019 : <br \/><\/span><\/strong><strong><span class=\"tm9\">Mardi 14 d\u00e9cembre \u00e0 Jarville \u00e0 16h, samedi 18 d\u00e9cembre \u00e0 15h \u00e0 Jarville et \u00e0 16h15 \u00e0 Flavigny. <\/span><\/strong><\/span><\/p>\n<p class=\"Normal tm6\"><span style=\"color: #000000;\"><strong><span class=\"tm7\">C\u00e9l\u00e9brations du pardon : <br \/><\/span><\/strong><strong><span class=\"tm9\">Le lundi 20 d\u00e9cembre <\/span><\/strong><span class=\"tm8\">\u00e0 14h \u00e0 Neuves-Maisons, \u00e0 16h \u00e0 Heillecourt et \u00e0 19h \u00e0 Jarville, c\u00e9l\u00e9brations p\u00e9nitentielles avec sacrement de r\u00e9conciliation. <\/span><\/span><\/p>\n<p class=\"Normal tm6\"><span style=\"color: #000000;\"><strong><span class=\"tm11\">\u00a0<\/span><\/strong><strong><span class=\"tm7\">Campagne de fin d\u2019ann\u00e9e du Secours Catholique : <br \/><\/span><\/strong><span class=\"tm8\">Dimanche 12 d\u00e9cembre \u00e0 l&rsquo;\u00e9glise de Jarville et samedi 18 d\u00e9cembre \u00e0 l\u2019\u00e9glise d\u2019Heillecourt seront propos\u00e9s des bougies (2,50\u20ac ou 4,50 \u20ac)\u00a0et le g\u00e2teau \u00ab\u00a0le fraternel\u00a0\u00bb (6 \u20ac).\u00a0 Merci.<\/span><\/span><\/p>\n<p class=\"Normal\"><span style=\"color: #000000;\"><span class=\"tm12\">\u00a0<\/span><strong><span class=\"tm7\">Concerts de No\u00ebl :<br \/><\/span><\/strong><strong><span class=\"tm9\">Le dimanche 12 d\u00e9cembre \u00e0 Flavigny, <\/span><\/strong><span class=\"tm8\">\u00e0 16h par l\u2019ensemble vocal \u2018\u2019 Voic\u2019in\u2019,\u2019 quatuor vocal.<br \/><\/span><strong><span class=\"tm9\">Le mardi 14 d\u00e9cembre \u00e0 Laneuveville <\/span><\/strong><span class=\"tm8\">\u00e0 20h avec la chorale Lanew-M\u00e9lodie et r\u00e9troharmonies.<\/span><\/span><\/p>\n<p class=\"Normal tm6\"><span style=\"color: #000000;\"><strong><span class=\"tm11\">\u00a0<\/span><\/strong><strong><span class=\"tm7\">Kermesse paroissiale : <br \/><\/span><\/strong><strong><span class=\"tm9\">Le samedi 18 d\u00e9cembre \u00e0 10h<\/span><\/strong> <strong><span class=\"tm9\">\u00e0 Jarville\u00a0: Assembl\u00e9e g\u00e9n\u00e9rale de l\u2019Association kermesse, <\/span><\/strong><span class=\"tm8\">salle paroissiale, entr\u00e9e rue de Ren\u00e9mont.<\/span><\/span><\/p>\n<p class=\"Normal tm6\"><span style=\"color: #000000;\"><strong><span class=\"tm7\">Passerelle : <br \/><\/span><\/strong><span class=\"tm8\">Le nouveau num\u00e9ro de \u2018\u2019Passerelle\u2019\u2019 est arriv\u00e9 et distribu\u00e9 les prochains jours. On y trouve notamment tous les horaires des messes de No\u00ebl et des articles de fond. <br \/><\/span><strong><span class=\"tm9\">Il y est joint une enveloppe<\/span><\/strong><span class=\"tm8\"> et un tract (avec un re\u00e7u fiscal pour ceux qui le souhaitent) pour la <\/span><strong><span class=\"tm9\">demande de don annuel <\/span><em><span class=\"tm15\">\u2018\u2019aux \u0153uvres paroissiales\u2019\u2019<\/span><\/em> <\/strong><span class=\"tm8\">du mois de d\u00e9cembre<\/span><\/span><\/p>\n<p class=\"Normal tm6\"><span style=\"color: #000000;\"><strong><span class=\"tm11\">\u00a0<\/span><\/strong><strong><span class=\"tm7\">M\u00e9nage de l\u2019\u00e9glise de Jarville : <br \/><\/span><\/strong><strong><span class=\"tm9\">Le mercredi 22 d\u00e9cembre \u00e0 partir de 9h, <\/span><\/strong><span class=\"tm8\">rendez-vous \u00e0 l\u2019\u00e9glise pour un temps de m\u00e9nage<\/span><span class=\"tm10\">. <\/span><strong><span class=\"tm16\">\u00a0<\/span><\/strong><\/span><\/p>\n<p class=\"Normal\"><span style=\"color: #000000;\"><strong><span class=\"tm17\">Horaires des messes dominicales des 18 et 19 d\u00e9cembre 2021 :<br \/><\/span><\/strong><strong><span class=\"tm9\">Samedi 18 d\u00e9c\u00a0: 18h<\/span><\/strong><span class=\"tm8\">\u00a0\u00e0 Chavigny <\/span><strong><span class=\"tm9\">18h<\/span><\/strong><span class=\"tm8\"> \u00e0 Heillecourt et Laneuveville <\/span><strong><span class=\"tm9\">Dimanche 19 d\u00e9c.: <\/span><\/strong><span class=\"tm8\">1<\/span><strong><span class=\"tm9\">0h30<\/span><\/strong><span class=\"tm8\"> \u00e0 Bainville et Jarville <\/span> <strong> <span class=\"tm21\">11h <\/span><\/strong><span class=\"tm20\">\u00e0 Ludres<\/span><\/span><\/p>\n<p class=\"Normal tm6\"><span style=\"color: #000000;\"><strong><span class=\"tm11\">\u00a0<\/span><\/strong><strong><span class=\"tm7\">Parcours alpha :<br \/><\/span><\/strong><span class=\"tm8\">Un parcours Alpha, s\u00e9rie de 10 rencontres hebdomadaires (repas, suivi d\u2019un expos\u00e9 puis d\u2019un \u00e9change libre) d\u00e9marrera <\/span><strong><span class=\"tm9\">le mardi 11 janvier 2022 \u00e0 Jarville<\/span><\/strong><span class=\"tm8\">. <br \/><\/span><span class=\"tm8\">Ce parcours est <\/span><strong><span class=\"tm9\">ouvert \u00e0 tous<\/span><\/strong><span class=\"tm8\">. Chacun est accueilli de mani\u00e8re d\u00e9contract\u00e9e pour \u00e9changer en petits groupes<\/span><strong><span class=\"tm9\">, d\u00e9couvrir ou red\u00e9couvrir la foi chr\u00e9tienne<\/span><\/strong><span class=\"tm10\">. <\/span><span class=\"tm8\">N\u2019h\u00e9sitez pas \u00e0 en parler autour de vous. <\/span><\/span><\/p>\n<p class=\"Normal tm10\"><span style=\"color: #000000;\"><strong><span class=\"tm12\">Propositions pour l\u2019Avent : <br \/><\/span><\/strong><\/span><\/p>\n<ul>\n<li class=\"Normal tm13 tm10\"><span style=\"color: #000000;\"><strong><span class=\"tm12\">V\u00eapres :<\/span><\/strong><span class=\"tm11\">Pendant la p\u00e9riode de l\u2019Avent les v\u00eapres sont propos\u00e9es <\/span><strong><span class=\"tm14\">le dimanche 19 d\u00e9c. \u00e0 17h \u00e0 Jarville.<\/span><\/strong><\/span><\/li>\n<li><span style=\"color: #000000;\"><strong><span class=\"tm12\">U<\/span><span class=\"tm12\">n temps propice au partage et \u00e0 la solidarit\u00e9 : <\/span><\/strong><span class=\"tm11\">Nous vous sollicitons pour apporter des produits d\u2019hygi\u00e8ne et des articles de pu\u00e9riculture au profit de personnes en grande pr\u00e9carit\u00e9. Les dons sont \u00e0 d\u00e9poser dans les paniers et cartons dispos\u00e9s \u00e0 l\u2019entr\u00e9e de nos \u00e9glises au b\u00e9n\u00e9fice de trois associations : <\/span><em><span class=\"tm17\">\u00ab\u00a0Claire Amiti\u00e9\u00a0\u00bb<\/span><\/em><span class=\"tm11\"> qui accueille en urgence des femmes seules et des mamans avec de jeunes enfants, <\/span><em><span class=\"tm17\">\u00ab\u00a0La Soupe pour les sans-abri\u00a0\u00bb, \u00ab\u00a0Le collectif des amis du Bonsa\u00ef\u00a0\u00bb<\/span><\/em><span class=\"tm11\"> qui aide et accompagne les migrants <\/span><\/span><\/li>\n<li><span style=\"color: #000000;\"><strong><span class=\"tm12\">Chauds les marrons : <\/span><\/strong><strong><span class=\"tm14\">Pendant la p\u00e9riode de l\u2019Avent<\/span><\/strong><span class=\"tm11\">, des animations ont lieu sur les parvis de nos \u00e9glises\u00a0: accueil, musique et chants de No\u00ebl, discussions, marrons chauds et chocolat chaud, g\u00e2teaux, visite de la cr\u00e8che\u00a0: <\/span><strong><span class=\"tm14\">\u00e0 Jarville le mardi 14 d\u00e9cembre de 16h \u00e0 19h et le samedi 18 d\u00e9cembre de 15h \u00e0 18h, \u00e0 Flavigny le samedi 18 d\u00e9cembre \u00e0 16h15 \u00e0 l\u2019\u00e9glise puis \u00e0 17h sur le parvis. <\/span><\/strong><span class=\"tm11\">Pensez \u00e0 proposer ce moment convivial autour de vous.<\/span><\/span><\/li>\n<li><span style=\"color: #000000;\"><strong><span class=\"tm12\">Lecture du livret \u2018\u2019Imiter le Christ\u2019\u2019 : <\/span><\/strong><span class=\"tm11\">Pour la p\u00e9riode de l\u2019Avent il est propos\u00e9 la lecture du livret <\/span><em><span class=\"tm17\">\u2018\u2019Imiter le Christ\u2019\u2019<\/span><\/em><span class=\"tm11\"> avant les messes dominicales\u00a0: <\/span><strong><span class=\"tm14\">\u00e0 17h30 \u00e0 Heillecourt, \u00e0 9h30 \u00e0 Flavigny ou \u00e0 10h30 \u00e0 Ludres, \u00e0 10h Jarville.<\/span><\/strong><\/span><\/li>\n<li><span style=\"color: #000000;\"><strong><span class=\"tm12\">\u00ab\u00a0A No\u00ebl bouge ton c\u0153ur \u2018\u2019 : <\/span><\/strong><strong><span class=\"tm20\">Tous les enfants <\/span><\/strong><span class=\"tm19\">sont invit\u00e9s \u00e0 <\/span><strong><span class=\"tm20\">r\u00e9aliser une jolie carte de No\u00ebl<\/span><\/strong><span class=\"tm19\"> qui fera la joie d\u2019une personne seule. Ces cartes accompagn\u00e9es d\u2019un message fraternel peuvent \u00eatre donn\u00e9es \u00e0 nos paroisses pour \u00eatre redistribu\u00e9es dans nos \u00e9tablissements de personnes \u00e2g\u00e9es ou \u00e0 des personnes seules ou isol\u00e9es. <\/span><\/span><\/li>\n<li><span style=\"color: #000000;\"><strong><span class=\"tm12\">Concours de cr\u00e8ches dans les familles et dans nos \u00e9glises : <\/span><\/strong><span class=\"tm11\">Peut-\u00eatre \u00eates-vous cr\u00e9atifs ? ou peut-\u00eatre pouvez r\u00e9veiller votre cr\u00e9ativit\u00e9 pour faire la cr\u00e8che qui vous ressemble, cette ann\u00e9e ! Vous pourrez la photographier et la transmettre \u00e0 la paroisse ! on pourra les exposer et d\u00e9corer nos sapins des messes de No\u00ebl. <\/span><\/span><\/li>\n<\/ul>\n<p class=\"Corpsdetexte tm21\"><span style=\"color: #000000;\"><strong><span class=\"tm12\">Id\u00e9es de lecture : <br \/><\/span><\/strong><strong><span class=\"tm12\">\u00a0<\/span><\/strong><span class=\"tm11\">\u2018\u2019La vie en bleu\u2019\u2019 de Martin Steffens <br \/>\u00ab\u00a0<\/span><span class=\"tm11\">GPA, la grande manipulation\u00a0\u00bb de Mich\u00e8le LUGA<\/span><\/span><\/p>\n<p class=\"Corpsdetexte tm21\"><span style=\"color: #000000;\"><strong><span class=\"tm12\">\u00a0<\/span><\/strong><strong><span class=\"tm14\">AUTRES ANNONCES : <br \/><\/span><\/strong><strong><span class=\"tm14\">&#8211; Conf\u00e9rence de la formation continue de la foi : Saint Augustin : <\/span><\/strong><strong><span class=\"tm14\">Le mardi 14\/12\/2021<\/span><\/strong> <span class=\"tm11\">Domaine de l&rsquo;Asn\u00e9e, 11 rue de Laxou, Villers-l\u00e8s-Nancy\u00a0 \u00e0 14h30 ou \u00e0 20h30 . Contact Sedifop\u00a0: 03 83 44 27 15<\/span><\/span><\/p>\n<p class=\"Normal_Web_ tm24 tm25\"><span style=\"color: #000000;\"><span class=\"tm26\">\u00a0&#8211; <\/span><strong><em><span class=\"tm28\">\u2018\u2019Je suis \u00e0 la porte et je frappe\u2019\u2019<\/span><\/em><span class=\"tm12\"> Une heure de pri\u00e8re avec une \u0153uvre d&rsquo;art : <\/span><\/strong><strong><span class=\"tm14\">Le lundi 13\/12\/2021<\/span><span class=\"tm14\">\u00a0<\/span><span class=\"tm14\">de 18h00\u00e0 19h00, <\/span><\/strong><span class=\"tm14\">C<\/span><span class=\"tm11\">entre spirituel dioc\u00e9sain, 10 rue du Carmel, Nancy <\/span><\/span><\/p>\n<p><span style=\"color: #000000;\">&#8211;<strong><span class=\"tm12\">March\u00e9s de No\u00ebl :<\/span><\/strong><span class=\"tm12\"><br \/><\/span><span class=\"tm12\">&#8211;\u00a0\u00a0\u00a0 Sanctuaire de S<\/span><span class=\"tm12\">ion du 12\/12\/2021 au 19\/12 \/2021<\/span><strong><span class=\"tm12\">: <\/span><\/strong><span class=\"tm11\">Le 12 d\u00e9cembre, concert de chants de No\u00ebl de Mathieu Grass et l<\/span><span class=\"tm11\">es 18 et 19 d\u00e9cembre march\u00e9 de No\u00ebl de la Colline de Sion.<\/span><\/span><\/p>\n<p><span style=\"color: #000000;\"><span class=\"tm10\">-March\u00e9 de No\u00ebl de l\u2019Arche de Nancy : Cadeaux, d\u00e9corations, gourmandises : <\/span><span class=\"tm10\">12\/12\/2021<\/span><span class=\"tm10\">\u00a0<\/span><span class=\"tm10\">de 15h00 \u00e0 18h00 <\/span><span class=\"tm10\">Salle Les Esp\u00e9lugues de la paroisse Notre-Dame-de-Lourdes, 149 avenue G\u00e9n\u00e9ral Leclerc, Nancy 03 83 31 55 46<\/span><\/span><\/p>\n","protected":false},"excerpt":{"rendered":"<p>Table ouverte : Le dimanche 12 d\u00e9cembre \u00e0 Jarville \u00e0 midi (dans le respect des gestes barri\u00e8res) que vous soyez habitu\u00e9s ou non \u00e0 la paroisse ! Chacun apporte de quoi partager. \u2018\u2018Chauds les marrons\u2019\u2019 : Mardi 14 d\u00e9cembre \u00e0 Jarville \u00e0 16h, samedi 18 d\u00e9cembre \u00e0 15h \u00e0 Jarville et \u00e0 16h15 \u00e0 Flavigny.&hellip; <br \/> <a class=\"read-more\" href=\"https:\/\/paroisses-nancy-sud.fr\/HOME\/annonces-de-saint-francois-de-sales-et-sainte-jeanne-de-chantal-5\/\">Lire la suite<\/a><\/p>\n","protected":false},"author":5,"featured_media":553,"comment_status":"closed","ping_status":"open","sticky":false,"template":"","format":"standard","meta":[],"categories":[7],"tags":[],"acf":[],"_links":{"self":[{"href":"https:\/\/paroisses-nancy-sud.fr\/HOME\/wp-json\/wp\/v2\/posts\/1641"}],"collection":[{"href":"https:\/\/paroisses-nancy-sud.fr\/HOME\/wp-json\/wp\/v2\/posts"}],"about":[{"href":"https:\/\/paroisses-nancy-sud.fr\/HOME\/wp-json\/wp\/v2\/types\/post"}],"author":[{"embeddable":true,"href":"https:\/\/paroisses-nancy-sud.fr\/HOME\/wp-json\/wp\/v2\/users\/5"}],"replies":[{"embeddable":true,"href":"https:\/\/paroisses-nancy-sud.fr\/HOME\/wp-json\/wp\/v2\/comments?post=1641"}],"version-history":[{"count":4,"href":"https:\/\/paroisses-nancy-sud.fr\/HOME\/wp-json\/wp\/v2\/posts\/1641\/revisions"}],"predecessor-version":[{"id":1645,"href":"https:\/\/paroisses-nancy-sud.fr\/HOME\/wp-json\/wp\/v2\/posts\/1641\/revisions\/1645"}],"wp:featuredmedia":[{"embeddable":true,"href":"https:\/\/paroisses-nancy-sud.fr\/HOME\/wp-json\/wp\/v2\/media\/553"}],"wp:attachment":[{"href":"https:\/\/paroisses-nancy-sud.fr\/HOME\/wp-json\/wp\/v2\/media?parent=1641"}],"wp:term":[{"taxonomy":"category","embeddable":true,"href":"https:\/\/paroisses-nancy-sud.fr\/HOME\/wp-json\/wp\/v2\/categories?post=1641"},{"taxonomy":"post_tag","embeddable":true,"href":"https:\/\/paroisses-nancy-sud.fr\/HOME\/wp-json\/wp\/v2\/tags?post=1641"}],"curies":[{"name":"wp","href":"https:\/\/api.w.org\/{rel}","templated":true}]}}