{"id":1748,"date":"2022-01-14T16:57:22","date_gmt":"2022-01-14T15:57:22","guid":{"rendered":"https:\/\/paroisses-nancy-sud.fr\/HOME\/?p=1748"},"modified":"2022-01-14T16:57:22","modified_gmt":"2022-01-14T15:57:22","slug":"annonces-de-saint-francois-de-sales-et-de-sainte-jeanne-de-chantal-du-16-janvier","status":"publish","type":"post","link":"https:\/\/paroisses-nancy-sud.fr\/HOME\/annonces-de-saint-francois-de-sales-et-de-sainte-jeanne-de-chantal-du-16-janvier\/","title":{"rendered":"Annonces de Saint-Fran\u00e7ois-de-Sales et de Sainte-Jeanne-de-Chantal du 16 janvier"},"content":{"rendered":"\n<p class=\"Normal_Web_ tm12 tm13\"><span style=\"color: #000000;\"><strong><span class=\"tm14\">Pr\u00e9paration au mariage :<br \/><\/span><\/strong><strong><span class=\"tm17\">Le samedi 15 janvier \u00e0 Jarville \u00e0 14h et le dimanche 16 janvier \u00e0 9h \u00e0 Jarville<\/span><\/strong><span class=\"tm18\">, <\/span><span class=\"tm16\">rendez-vous pour les jeunes couples qui se pr\u00e9parent au mariage. <br \/><\/span><span class=\"tm16\">R\u00e9jouissons-nous de la d\u00e9marche de ces jeunes couples, accueillons-les dans notre assembl\u00e9e et portons-les dans notre pri\u00e8re. <\/span><\/span><\/p>\n<p class=\"Normal\"><span style=\"color: #000000;\"><strong><span class=\"tm19\">\u00a0<\/span><\/strong><strong><span class=\"tm14\">Messe des familles, accueil et \u00e9tape bapt\u00eame : <br \/><\/span><\/strong><strong><span class=\"tm17\">Ce dimanche 16 janvier, \u00e0 Jarville, \u00e0 10h30, messe des familles <\/span><\/strong><span class=\"tm16\">avec les enfants de notre secteur Nancy-sud, accueil des familles de futurs baptis\u00e9s et \u00e9tape de Kelya vers son bapt\u00eame.<\/span><\/span><\/p>\n<p class=\"Normal tm15\"><span style=\"color: #000000;\"><strong><span class=\"tm19\">\u00a0<\/span><\/strong><strong><span class=\"tm14\">Soir\u00e9e alpha\u00a0 :<br \/><\/span><\/strong><strong><span class=\"tm17\">Ce mardi 18 janvier 2022 \u00e0 Jarville \u00e0 19h30, <\/span><\/strong><span class=\"tm16\">une deuxi\u00e8me soir\u00e9e Alpha avec le th\u00e8me \u2018\u2018<\/span><em><span class=\"tm20\">Qui est J\u00e9sus\u00a0?<\/span><\/em><span class=\"tm16\">.\u2019\u2019 N\u2019h\u00e9sitez pas \u00e0 en parler autour de vous et \u00e0 venir d\u00e9couvrir ces rencontre.<br \/><\/span><strong><span class=\"tm17\">Soir\u00e9e de 19h30 \u00e0 22h,<\/span><\/strong> <strong><span class=\"tm17\">ouverte \u00e0 tous<\/span><\/strong><span class=\"tm16\">.<br \/><\/span><span class=\"tm16\">Chacun est accueilli de mani\u00e8re d\u00e9contract\u00e9e pour<\/span><strong><span class=\"tm17\"> d\u00e9couvrir ou red\u00e9couvrir la foi chr\u00e9tienne<\/span><\/strong><span class=\"tm16\">. <\/span><span class=\"tm16\">Contact\u00a0: Odile Bonmati 06 23 46 74 17<\/span><\/span><\/p>\n<p class=\"Normal_Web_ tm12 tm13\"><span style=\"color: #000000;\"><strong><span class=\"tm21\">\u00a0<\/span><\/strong><strong><span class=\"tm22\">Assembl\u00e9e paroissiale : <br \/><\/span><\/strong><span class=\"tm24\">Notre dioc\u00e8se nous demande \u00e0 tous<\/span><strong><span class=\"tm25\">, de participer au discernement de ce que Dieu veut pour son Eglise.<\/span><\/strong><span class=\"tm24\"> R\u00e9fl\u00e9chir \u00e0 ce <\/span><strong><span class=\"tm25\">qui serait bon pour le Peuple de Dieu, ici, sur notre territoire<\/span><\/strong><span class=\"tm24\">, afin que la mission de l\u2019Eglise (annoncer, c\u00e9l\u00e9brer, servir) se poursuive, et en essayant de tenir ensemble \u2018\u2019h\u00e9ritage\u2019\u2019 et \u2018\u2019audace\u2019\u2019. <br \/><\/span><span class=\"tm24\">Quatre th\u00e8mes sont propos\u00e9es\u00a0\u00e0 la r\u00e9flexion :<br \/><\/span><span class=\"tm24\">&#8211; Les fraternit\u00e9s missionnaires locales\u00a0: faire \u00e9merger des lieux o\u00f9 des chr\u00e9tiens se r\u00e9unissent<br \/><\/span><span class=\"tm24\">&#8211; Des lieux sources avec une \u00e9glise-m\u00e8re et une \u00e9quipe pastorale <br \/><\/span><span class=\"tm24\">&#8211; Le souci de la proximit\u00e9\u00a0!<br \/><\/span><span class=\"tm24\">&#8211; La place des sacrements <br \/><\/span><span class=\"tm24\">Pour que chacun puisse partager ses id\u00e9es <\/span><strong><span class=\"tm25\">nous proposons une assembl\u00e9e paroissiale<\/span><\/strong><span class=\"tm24\">\u00a0: <br \/>&#8211; <\/span><strong><span class=\"tm25\">Le samedi 5 f\u00e9vrier de15h \u00e0 17h \u00e0 Ludres pour Sainte-Jeanne-de-Chantal. <br \/>&#8211; <\/span><\/strong><strong><span class=\"tm25\">Le samedi 26 f\u00e9vrier de 10h \u00e0 midi pour Saint-Fran\u00e7ois-de-Sales <br \/><\/span><\/strong><span class=\"tm24\">Merci de r\u00e9server la date pour consacrer un peu de<\/span> <span class=\"tm24\">temps \u00e0 cette r\u00e9flexion\u00a0!<\/span><\/span><\/p>\n<p class=\"Normal\"><span style=\"color: #000000;\"><strong><span class=\"tm27\">\u00a0<\/span><\/strong><strong><span class=\"tm22\">Participer \u00e0 la consultation sur la synodalit\u00e9 en \u00c9glise : <br \/><\/span><\/strong><span class=\"tm24\">Diff\u00e9rentes \u00e9quipes (EAP, lecture de St Jean, MCR, ACI\u2026.) ont pris une de leurs r\u00e9unions pour <\/span><strong><span class=\"tm25\">dire leur<\/span><\/strong> <strong><span class=\"tm25\">v\u00e9cu puis leurs r\u00eaves et espoirs quant \u00e0 la synodalit\u00e9<\/span><\/strong><span class=\"tm24\"> (\u2018\u2019comment marcher ensemble\u2019\u2019) en \u00c9glise. <\/span><strong><span class=\"tm25\">Chacun, m\u00eame tous ceux qui ne sont pas dans un groupe, est appel\u00e9 \u00e0 participer \u00e0 cette consultation<\/span><\/strong><span class=\"tm24\">.<br \/><\/span><span class=\"tm24\">Les feuillets guides sont toujours au fond des \u00e9glises.<br \/><\/span><strong><span class=\"tm25\">Nous vous proposons de prendre le temps de r\u00e9pondre \u00e0 ces questions simples\u00a0: <br \/><\/span><\/strong><span class=\"tm24\">&#8211; Dans notre v\u00e9cu d\u2019\u00c9glise (en paroisse, en dioc\u00e8se\u2026 ) \u00e0 quelles exp\u00e9riences de \u2018\u2019marcher ensemble \u2018\u2019 pensons-nous ? Des exp\u00e9riences positives ? Des exp\u00e9riences avec des blessures ? <br \/><\/span><span class=\"tm24\">&#8211; Qu\u2019est-ce que l\u2019Esprit est en train de nous demander aujourd\u2019hui\u00a0? quels changements \u00e0 confirmer\u00a0? quels nouveaux pas \u00e0 franchir\u00a0? <br \/><\/span><strong><span class=\"tm25\">Vous trouverez une bo\u00eete au fond de chaque \u00e9glise pour y glisser vos r\u00e9ponses.<br \/><\/span><\/strong><span class=\"tm24\">Vous pouvez toujours envoyer votre contribution au contact dioc\u00e9sain\u00a0: <br \/><\/span><em><span class=\"tm28\">Par mail\u00a0:<\/span><\/em><span class=\"tm24\"><a style=\"color: #000000;\" href=\"mailto:synode2023@catholique-nancy.fr\"> synode2023@catholique-nancy.fr<\/a> <br \/><\/span><em><span class=\"tm28\">Par courrier<\/span><\/em><span class=\"tm24\">\u00a0: Synode 2023 Domaine de l\u2019Asn\u00e9e 11 rue de Laxou CS 10091 54603 VILLERS les Nancy<\/span><\/span><\/p>\n<p class=\"Normal\"><span style=\"color: #000000;\"><strong><span class=\"tm27\">\u00a0<\/span><\/strong><strong><span class=\"tm22\">Horaires des messes dominicales des 22 et 23 janvier 2022 : <br \/><\/span><\/strong><strong><span class=\"tm25\">Samedi 22 janvier<\/span><\/strong><span class=\"tm24\">\u00a0: <\/span><strong><span class=\"tm25\">18h <\/span><\/strong><span class=\"tm24\">Heillecourt, Laneuveville,\u00a0Parey St C\u00e9saire <\/span><strong><span class=\"tm25\">Dimanche 23 janvier <\/span><\/strong><span class=\"tm24\">: <\/span><strong><span class=\"tm25\">10h<\/span><\/strong><span class=\"tm24\"> Flavigny, Fl\u00e9ville <\/span><strong><span class=\"tm25\">10h30 <\/span><\/strong><span class=\"tm24\">Jarville<\/span><strong><span class=\"tm25\">,<\/span><\/strong><span class=\"tm24\"> Neuves -Maisons<\/span><\/span><\/p>\n<p class=\"Normal tm15\"><span style=\"color: #000000;\"><strong><span class=\"tm19\">\u00a0<\/span><\/strong><strong><span class=\"tm14\">Messe de la solennit\u00e9 de Saint Fran\u00e7ois de Sales : <br \/><\/span><\/strong><strong><span class=\"tm17\">Le lundi 24 janvier, \u00e0 18h \u00e0 Jarville, messe de la solennit\u00e9 du saint patron de notre paroisse.<\/span> <\/strong><\/span><\/p>\n<p class=\"Normal tm23\"><span style=\"color: #000000;\"><strong><span class=\"tm31\">Autres<\/span><span class=\"tm32\"> Annonces : <br \/><\/span><\/strong><strong><span class=\"tm16\">\u00a0<\/span><span class=\"tm35\">Semaine de pri\u00e8re pour l\u2019unit\u00e9 des chr\u00e9tiens du 18\/01\/2022 au 25\/01\/2022 : <\/span><\/strong><strong><em><span class=\"tm36\">\u00ab\u00a0Nous avons vu son astre \u00e0 l\u2019Orient et nous sommes venus lui rendre hommage\u00a0\u00bb <br \/><\/span><\/em><\/strong><span class=\"tm37\">Les chr\u00e9tiens du Moyen-Orient sont heureux de proposer ce th\u00e8me pour la semaine de pri\u00e8re pour l\u2019unit\u00e9 des chr\u00e9tiens, conscients que le monde partage une grande partie de leurs souffrances et de leurs difficult\u00e9s et aspire \u00e0 trouver la lumi\u00e8re qui leur montrera la voie vers le Sauveur, lui qui sait comment surmonter les t\u00e9n\u00e8bres.<\/span><\/span><\/p>\n<p class=\"Normal\"><span style=\"color: #000000;\"><span class=\"tm38\">\u00a0<\/span><strong><span class=\"tm17\">400<\/span><sup><span class=\"tm17\">\u00e8me<\/span><\/sup><span class=\"tm17\"> anniversaire de la mort de la bienheureuse Alix LE CLERC : <br \/><\/span><\/strong><strong><span class=\"tm17\">Le 16\/01\/2022<\/span><span class=\"tm17\">\u00a0<\/span><span class=\"tm17\">\u00e0 11h15 <\/span><span class=\"tm17\">Cath\u00e9drale de Nancy une messe pr\u00e9sid\u00e9e par Mgr Papin pour la b<\/span><\/strong><span class=\"tm16\">ienheureuse Alix Le Clerc (1576-1622), religieuse lorraine, a fond\u00e9 la Congr\u00e9gation Notre-Dame (Chanoinesses de Saint-Augustin) et s&rsquo;est consacr\u00e9e \u00e0 l&rsquo;\u00e9ducation des jeunes filles, sous la direction spirituelle de saint Pierre Fourier.) <br \/><\/span><span class=\"tm16\">B\u00e9atifi\u00e9e le 4 mai 1947 par Pie XII, ses reliques ont \u00e9t\u00e9 transf\u00e9r\u00e9es le 14 octobre 2007 \u00e0 la cath\u00e9drale de Nancy, lors d&rsquo;une grande c\u00e9r\u00e9monie en pr\u00e9sence de notre \u00e9v\u00eaque Mgr Papin.<br \/><\/span><span class=\"tm16\">Nous f\u00eatons cette ann\u00e9e les 400 ans de sa mort, le 9 janvier 1622, au monast\u00e8re de Nancy.\u00a0<\/span><strong><span class=\"tm17\">Une messe sera c\u00e9l\u00e9br\u00e9e le dimanche 16 janvier 2022 en la cath\u00e9drale de Nancy, pr\u00e9sid\u00e9e par notre \u00e9v\u00eaque, Mgr Jean-Louis Papin<\/span><\/strong><span class=\"tm16\">.\u00a0<\/span><span class=\"tm41\">\u00a0<\/span><\/span><\/p>\n<p class=\"Normal_Web_ tm12 tm13\"><span style=\"color: #000000;\"><strong><span class=\"tm14\">Journ\u00e9e des \u00e9quipes d\u2019animation pastorale 2022 : \u00ab\u00a0En EAP : marcher ensemble\u00a0\u00bb : <br \/><\/span><\/strong><strong><span class=\"tm17\">Le 22\/01\/2022<\/span><\/strong><span class=\"tm16\">\u00a0: <\/span><span class=\"tm16\">Les membres des EAP se retrouveront autour du \u00a0th\u00e8me \u00ab\u00a0En EAP : marcher ensemble\u2019\u2019. Une journ\u00e9e autour de Mgr Jean-Louis Papin, \u00e9v\u00eaque de Nancy et de Toul, pour regarder comment nous vivons d\u00e9j\u00e0 ce \u00ab\u00a0marcher ensemble\u00a0\u00bb\u00a0mais aussi le(s) pas suppl\u00e9mentaire(s) \u00e0 faire.<\/span><\/span><\/p>\n<p class=\"Normal_Web_ tm12 tm13\"><span style=\"color: #000000;\"><span class=\"tm41\">\u00a0<\/span><strong><span class=\"tm14\">Conf\u00e9rence de l\u2019ADA \u2018\u2019Chine le grand pr\u00e9dateur !\u2019\u2019 : <br \/><\/span><\/strong><strong><span class=\"tm17\">Le jeudi 27 janvier \u00e0 20h30 <\/span><\/strong><span class=\"tm16\">au domaine de l\u2019Asn\u00e9e par Pierre Antoine Donnet, sp\u00e9cialiste de la Chine depuis 30 ans. <\/span><\/span><\/p>\n<p class=\"Normal_Web_ tm12 tm13\"><span style=\"color: #000000;\"><strong><span class=\"tm14\">Journ\u00e9e bible : \u2018\u2019Comment la bible nous aide \u00e0 Imiter le Christ \u2018\u2019 : <br \/><\/span><\/strong><strong><span class=\"tm17\">Samedi 5 f\u00e9vrier de 9h30 \u00e0 16h <\/span><\/strong><span class=\"tm16\">au domaine de l\u2019Asn\u00e9e avec le p\u00e8re <\/span><span class=\"tm42\">Olivier Bourion. <\/span><strong><span class=\"tm43\">\u00a0<\/span><\/strong><\/span><\/p>\n<p class=\"Normal tm12\"><span style=\"color: #000000;\"><strong><span class=\"tm14\">\u2018\u2019L\u2019Imitation de J\u00e9sus-Christ\u2019\u2019, un grand petit livre \u00e0 d\u00e9couvrir : <br \/><\/span><\/strong><strong><span class=\"tm17\">Le 20\/01\/2022<\/span><span class=\"tm17\">\u00a0<\/span><span class=\"tm17\">de 20h00 \u00e0 21h30 au <\/span><span class=\"tm17\">Couvent des dominicains, 4 rue Lacordaire, Nancy, e<\/span><\/strong><span class=\"tm16\">n \u00e9cho \u00e0 la dynamique dioc\u00e9saine <\/span><strong><span class=\"tm17\">Repartir du Christ<\/span><\/strong><span class=\"tm16\">, un cycle de conf\u00e9rences <\/span><strong><span class=\"tm17\">pour d\u00e9couvrir comment imiter le Christ. <\/span><\/strong><span class=\"tm16\"> Une conf\u00e9rence propos\u00e9e par le\u00a0fr. Xavier Loppinet.<\/span><\/span><\/p>\n","protected":false},"excerpt":{"rendered":"<p>Pr\u00e9paration au mariage :Le samedi 15 janvier \u00e0 Jarville \u00e0 14h et le dimanche 16 janvier \u00e0 9h \u00e0 Jarville, rendez-vous pour les jeunes couples qui se pr\u00e9parent au mariage. R\u00e9jouissons-nous de la d\u00e9marche de ces jeunes couples, accueillons-les dans notre assembl\u00e9e et portons-les dans notre pri\u00e8re. \u00a0Messe des familles, accueil et \u00e9tape bapt\u00eame :&hellip; <br \/> <a class=\"read-more\" href=\"https:\/\/paroisses-nancy-sud.fr\/HOME\/annonces-de-saint-francois-de-sales-et-de-sainte-jeanne-de-chantal-du-16-janvier\/\">Lire la suite<\/a><\/p>\n","protected":false},"author":5,"featured_media":553,"comment_status":"closed","ping_status":"open","sticky":false,"template":"","format":"standard","meta":[],"categories":[7],"tags":[],"acf":[],"_links":{"self":[{"href":"https:\/\/paroisses-nancy-sud.fr\/HOME\/wp-json\/wp\/v2\/posts\/1748"}],"collection":[{"href":"https:\/\/paroisses-nancy-sud.fr\/HOME\/wp-json\/wp\/v2\/posts"}],"about":[{"href":"https:\/\/paroisses-nancy-sud.fr\/HOME\/wp-json\/wp\/v2\/types\/post"}],"author":[{"embeddable":true,"href":"https:\/\/paroisses-nancy-sud.fr\/HOME\/wp-json\/wp\/v2\/users\/5"}],"replies":[{"embeddable":true,"href":"https:\/\/paroisses-nancy-sud.fr\/HOME\/wp-json\/wp\/v2\/comments?post=1748"}],"version-history":[{"count":3,"href":"https:\/\/paroisses-nancy-sud.fr\/HOME\/wp-json\/wp\/v2\/posts\/1748\/revisions"}],"predecessor-version":[{"id":1751,"href":"https:\/\/paroisses-nancy-sud.fr\/HOME\/wp-json\/wp\/v2\/posts\/1748\/revisions\/1751"}],"wp:featuredmedia":[{"embeddable":true,"href":"https:\/\/paroisses-nancy-sud.fr\/HOME\/wp-json\/wp\/v2\/media\/553"}],"wp:attachment":[{"href":"https:\/\/paroisses-nancy-sud.fr\/HOME\/wp-json\/wp\/v2\/media?parent=1748"}],"wp:term":[{"taxonomy":"category","embeddable":true,"href":"https:\/\/paroisses-nancy-sud.fr\/HOME\/wp-json\/wp\/v2\/categories?post=1748"},{"taxonomy":"post_tag","embeddable":true,"href":"https:\/\/paroisses-nancy-sud.fr\/HOME\/wp-json\/wp\/v2\/tags?post=1748"}],"curies":[{"name":"wp","href":"https:\/\/api.w.org\/{rel}","templated":true}]}}