{"id":1813,"date":"2022-01-29T18:37:05","date_gmt":"2022-01-29T17:37:05","guid":{"rendered":"https:\/\/paroisses-nancy-sud.fr\/HOME\/?p=1813"},"modified":"2022-01-29T18:51:27","modified_gmt":"2022-01-29T17:51:27","slug":"annonces-de-saint-francois-de-sales-sainte-jeanne-de-chantal-du-29-janvier-2021","status":"publish","type":"post","link":"https:\/\/paroisses-nancy-sud.fr\/HOME\/annonces-de-saint-francois-de-sales-sainte-jeanne-de-chantal-du-29-janvier-2021\/","title":{"rendered":"Annonces de Saint-Fran\u00e7ois-de-Sales, Sainte-Jeanne-de-Chantal du 29 janvier 2022"},"content":{"rendered":"\n<p class=\"Normal_Web_ tm19 tm20\"><span style=\"color: #000000;\"><strong><span class=\"tm21\">69<\/span><sup><span class=\"tm21\">\u00e8me<\/span><\/sup><span class=\"tm21\"> journ\u00e9e mondiale des malades de la l\u00e8pre : <br><\/span><\/strong><strong><span class=\"tm23\">&nbsp;<\/span><\/strong><span class=\"tm24\">Selon <\/span><strong><span class=\"tm25\">l\u2019<\/span><\/strong><span class=\"tm24\">Organisation Mondiale de la Sant\u00e9<\/span><span class=\"tm24\">, en 2015, 175 000 malades dans le monde et plus de 200 000 nouveaux cas d\u00e9pist\u00e9s chaque ann\u00e9e. <\/span><strong><span class=\"tm25\">Une qu\u00eate est organis\u00e9e \u00e0 la sortie de nos \u00e9glises ce week-end <\/span><\/strong><span class=\"tm24\">pour poursuivre la lutte contre ce fl\u00e9au d\u00e9marr\u00e9e par le couple Raoul Follereau.<\/span><\/span><\/p>\n<p class=\"Normal tm26\"><span style=\"color: #000000;\"><strong><span class=\"tm21\">Soir\u00e9e alpha :<br><\/span><\/strong><strong><span class=\"tm28\">Ce mardi 25 janvier 2022 \u00e0 Jarville de 19h30 \u00e0 22h, <\/span><\/strong><span class=\"tm25\">une quatri\u00e8me soir\u00e9e Alpha avec le th\u00e8me \u2018\u2018<\/span><em><span class=\"tm29\">&nbsp;Comment \u00eatre certain de sa foi ? <\/span><\/em><span class=\"tm25\">.\u2019\u2019On peut encore rejoindre le parcours&nbsp;! pour d<\/span><span class=\"tm28\">\u00e9couvrir ou red\u00e9couvrir la foi chr\u00e9tienne.<\/span><span class=\"tm25\"> N\u2019h\u00e9sitez pas \u00e0 en parler autour de vous ou \u00e0 venir tester. Contact : Odile Bonmati 06 23 46 74 17<\/span><\/span><\/p>\n<p class=\"Normal tm27\"><span style=\"color: #000000;\"><strong><span class=\"tm21\">Jeudi 3 f\u00e9vrier, premier jeudi du mois : <br><\/span><\/strong><strong><span class=\"tm28\">17h \u00e0 Jarville <\/span><\/strong><span class=\"tm28\">pri\u00e8re pour les malades et les personnes qui souffrent.<br><\/span><strong><span class=\"tm28\">20h30 \u00e0 Jarville <\/span><\/strong><span class=\"tm28\">\u2018\u2019Heure sainte\u2019\u2019 <\/span><span class=\"tm25\">m\u00e9ditation sur la passion du Christ propos\u00e9e par la communaut\u00e9 de l\u2019Emmanuel. <\/span><\/span><\/p>\n<p class=\"Normal_Web_ tm19 tm31\"><span style=\"color: #000000;\"><strong><span class=\"tm21\">Pr\u00e9paration au mariage:<br><\/span><\/strong><strong><span class=\"tm28\">Le samedi 29 janvier \u00e0 14h et le dimanche 30 janvier \u00e0 9h \u00e0 Ludres<\/span><\/strong><span class=\"tm32\">, <\/span><span class=\"tm25\">rendez-vous pour les jeunes couples qui se pr\u00e9parent au mariage. R\u00e9jouissons-nous de la d\u00e9marche de ces jeunes couples, accueillons-les dans notre assembl\u00e9e et portons-les dans notre pri\u00e8re. <\/span><\/span><\/p>\n<p class=\"Normal tm33\"><span style=\"color: #000000;\"><strong><span class=\"tm34\">Assembl\u00e9e paroissiale : <br><\/span><\/strong><span class=\"tm25\">Notre dioc\u00e8se nous demande \u00e0 tous<\/span><strong><span class=\"tm28\">, <\/span><\/strong><span class=\"tm28\">de participer au discernement de ce que Dieu veut pour son \u00c9glise.<\/span><span class=\"tm25\"> R\u00e9fl\u00e9chir \u00e0 ce <\/span><span class=\"tm28\">qui serait bon pour le Peuple de Dieu, ici, sur notre territoire<\/span><span class=\"tm25\">, afin que la mission de l\u2019\u00c9glise (annoncer, c\u00e9l\u00e9brer, servir) se poursuive, et en essayant de tenir ensemble \u2018\u2019h\u00e9ritage\u2019\u2019 et \u2018\u2019audace\u2019\u2019. <br><\/span><span class=\"tm36\">Quatre th\u00e8mes sont propos\u00e9s&nbsp;\u00e0 la r\u00e9flexion :<br><\/span><span class=\"tm36\">&#8211; Les fraternit\u00e9s missionnaires locales : faire \u00e9merger des lieux o\u00f9 des chr\u00e9tiens se r\u00e9unissent.<br><\/span><span class=\"tm36\">&#8211; Des lieux sources avec une \u00e9glise-m\u00e8re et une \u00e9quipe pastoral.<br><\/span><span class=\"tm36\">&#8211; Le souci de la proximit\u00e9&nbsp;!<br><\/span><span class=\"tm36\">&#8211; La place des sacrements <br><\/span><span class=\"tm36\">Pour que chacun puisse partager ses id\u00e9es rendez-vous&nbsp;:<br><\/span><strong><span class=\"tm38\">&#8211; Le samedi 5 f\u00e9vrier de15h \u00e0 17h \u00e0 Ludres pour Sainte-Jeanne-de-Chantal.<br><\/span><\/strong><span class=\"tm36\">&#8211; Le samedi 26 f\u00e9vrier de 10h \u00e0 12h \u00e0 Jarville pour Saint-Fran\u00e7ois-de-Sales<br><\/span><em><span class=\"tm36\">Merci de r\u00e9server la date pour consacrer un peu de<\/span> <span class=\"tm36\">temps \u00e0 cette r\u00e9flexion&nbsp;!<\/span><\/em><\/span><\/p>\n<p class=\"Normal\"><span style=\"color: #000000;\"><strong><span class=\"tm34\">Qu\u00eate suppl\u00e9mentaire du premier dimanche du mois:<br><\/span><\/strong><span class=\"tm36\">Comme tous les premiers dimanches du mois, <\/span><strong><span class=\"tm38\">le week-end des 5 et 6 f\u00e9vrier<\/span><\/strong><span class=\"tm36\">, une qu\u00eate sera propos\u00e9e \u00e0 la sortie de chaque messe dans nos \u00e9glises. Elle permet de compl\u00e9ter le financement des diff\u00e9rents frais de fonctionnement et pastoraux. Merci. <br><\/span><\/span><\/p>\n<p class=\"Normal\"><span style=\"color: #000000;\"><strong><span class=\"tm34\">Table ouverte du 2<\/span><sup><span class=\"tm34\">\u00e8me<\/span><\/sup><span class=\"tm34\"> dimanche du mois : <br><\/span><\/strong><strong><span class=\"tm38\">Le dimanche 13 f\u00e9vrier \u00e0 Jarville \u00e0 midi, <\/span><\/strong><span class=\"tm36\">table ouverte (avec respect des conditions sanitaires)&nbsp;: repas partag\u00e9 avec ce que chacun apporte (sal\u00e9, pain, fromage, sucr\u00e9, boissons&#8230;) <\/span><\/span><\/p>\n<p class=\"Normal\"><span style=\"color: #000000;\"><strong><span class=\"tm34\">Messe des familles: <br><\/span><\/strong><strong><span class=\"tm38\">Comme chaque dimanche <\/span><\/strong><span class=\"tm36\">les enfants du secteur Nancy-Sud et leurs familles sont invit\u00e9s \u00e0 se retrouver et tout sp\u00e9cialement c<\/span><strong><span class=\"tm38\">e dimanche 6 f\u00e9vrier \u00e0 Jarville \u00e0 10h30 pour la messe des familles. <\/span><\/strong><\/span><\/p>\n<p class=\"Normal tm33\"><span style=\"color: #000000;\"><strong><span class=\"tm34\">Participer \u00e0 la consultation sur la synodalit\u00e9 en \u00c9glise : <br><\/span><\/strong><span class=\"tm38\">Chacun, m\u00eame tous ceux qui ne sont pas dans un groupe, est appel\u00e9 \u00e0 participer \u00e0 cette consultation<\/span><span class=\"tm36\">. <\/span><span class=\"tm36\">Les feuillets guides sont toujours au fond des \u00e9glises.<br><\/span><strong><span class=\"tm38\">Nous vous proposons de prendre le temps de r\u00e9pondre \u00e0 ces questions simples&nbsp;: <br><\/span><\/strong><span class=\"tm36\">&#8211; Dans notre v\u00e9cu d\u2019\u00c9glise (en paroisse, en dioc\u00e8se\u2026) \u00e0 quelles exp\u00e9riences de \u2018\u2019marcher ensemble \u2018\u2019 pensons-nous ? Des exp\u00e9riences positives ? Des exp\u00e9riences avec des blessures ? <br><\/span><span class=\"tm36\">&#8211; Qu\u2019est-ce que l\u2019Esprit est en train de nous demander aujourd\u2019hui&nbsp;? <\/span><span class=\"tm36\">Quels changements \u00e0 confirmer&nbsp;? Quels nouveaux pas \u00e0 franchir&nbsp;? <br><\/span><strong><span class=\"tm38\">Vous trouverez une bo\u00eete au fond de chaque \u00e9glise pour y glisser vos r\u00e9ponses.<br><\/span><\/strong><span class=\"tm36\">Vous pouvez toujours envoyer votre contribution au contact dioc\u00e9sain&nbsp;: <br><\/span><em><span class=\"tm41\">Par mail&nbsp;:<\/span><\/em><span class=\"tm40\"><a style=\"color: #000000;\" href=\"mailto:synode2023@catholique-nancy.fr\"> synode2023@catholique-nancy.fr<\/a> <br><\/span><em><span class=\"tm41\">Par courrier<\/span><\/em><span class=\"tm40\">&nbsp;: Synode 2023 Domaine de l\u2019Asn\u00e9e 11 rue de Laxou CS 10091 54603 VILLERS les Nancy<\/span><\/span><\/p>\n<p class=\"Normal\"><span style=\"color: #000000;\"><strong><span class=\"tm34\">Horaires des messes dominicales des 5 et 6 f\u00e9vrier 2022 : <br><\/span><\/strong><strong><span class=\"tm38\">Samedi 29 janvier<\/span><\/strong><span class=\"tm36\">&nbsp;: <\/span><strong><span class=\"tm38\">18h <\/span><\/strong><span class=\"tm36\">Heillecourt, Laneuveville,&nbsp;Chavigny<br><\/span><strong><span class=\"tm38\">Dimanche 30 janvier <\/span><\/strong><span class=\"tm36\">:&nbsp; <\/span><strong><span class=\"tm38\">10h Xeuilley <br>10h30 Jarville,<\/span><\/strong><span class=\"tm36\"> Neuves -Maisons <br><\/span><strong><span class=\"tm38\">11h<\/span><\/strong><span class=\"tm36\"> Ludres <\/span><\/span><\/p>\n<p class=\"Normal tm44\"><span style=\"color: #000000;\"><strong><span class=\"tm45\">Autres<\/span><span class=\"tm46\"> Annonces : <br><\/span><\/strong><strong><span class=\"tm28\">&#8211;&nbsp;&nbsp; Journ\u00e9e bible : \u00ab\u00a0<\/span><em><span class=\"tm48\">Comment la bible nous aide \u00e0 Imiter le Christ\u00a0\u00bb&nbsp; : <\/span><\/em><\/strong><strong><span class=\"tm28\">Samedi 5 f\u00e9vrier de 9h30 \u00e0 16h <\/span><\/strong><span class=\"tm25\">au domaine de l\u2019Asn\u00e9e avec le p\u00e8re Olivier Bourion. <br>&#8211;&nbsp;&nbsp;&nbsp; <\/span><strong><span class=\"tm28\">\u2018\u2019Vivre le dimanche ensemble\u2019\u2019, proposition de la Pastorale des familles : <\/span><\/strong><span class=\"tm28\">Une fois par mois, partager la messe, un repas, une balade ou des jeux selon la m\u00e9t\u00e9o. <\/span><strong><span class=\"tm28\">Le 06\/02\/2022<\/span><span class=\"tm28\">&nbsp;<\/span><span class=\"tm28\">\u00e0 11h00 <\/span><span class=\"tm28\">\u00e9glise Sainte-Anne<\/span><\/strong><span class=\"tm25\"> 3 rue Guy Ropartz Nancy <\/span><span class=\"tm28\">T\u00e9l\u00e9phone <\/span><span class=\"tm25\">06 83 15 51 30<br><\/span><span class=\"tm49\">Inventons des fa\u00e7ons d&rsquo;\u00eatre ensemble, cr\u00e9atifs, joyeux ! &nbsp;Chacun apporte un plat \u00e0 partager<br>&#8211;&nbsp; <\/span><strong><span class=\"tm28\">Alpha couple : <\/span><\/strong><span class=\"tm28\">Huit d\u00eeners <\/span><span class=\"tm25\">(un lundi sur deux, en soir\u00e9e de f\u00e9vrier \u00e0 mai 2022) en t\u00eate \u00e0 t\u00eate pour prendre soin de notre couple avec des animateurs qui aident \u00e0 ouvrir le dialogue sur diff\u00e9rents th\u00e8mes. <\/span><span class=\"tm28\">Du 21\/02\/2022au 30\/05\/2022<\/span><span class=\"tm28\">&nbsp;\u00e0<\/span><span class=\"tm28\"> 19h30 <\/span><span class=\"tm28\">salle Notre-Dame des Anges <\/span><span class=\"tm25\">(\u00e0 St L\u00e9on)<\/span> <span class=\"tm28\">Contact <\/span><a style=\"color: #000000;\" href=\"mailto:lisethessa@hotmail.com\"><span class=\"tm25\">Anne-Lise P\u00e9lissier<\/span><\/a><span class=\"tm25\">&nbsp;<\/span><span class=\"tm28\">: <\/span><span class=\"tm25\">0671173230 P<\/span><span class=\"tm25\">our<\/span> <span class=\"tm25\">Couples mari\u00e9s ou non&nbsp;<em>: <\/em><\/span><span class=\"tm50\"><em>Th\u00e8mes<\/em>&nbsp;<\/span><span class=\"tm49\">: Poser de bons fondements&nbsp;\/ L\u2019art de la communication\/ La r\u00e9solution des conflits&nbsp;\/ La puissance du pardon&nbsp;\/ L\u2019impact de la famille et de son histoire\/ Une sexualit\u00e9 de couple \u00e9panouie&nbsp;\/ Donner et recevoir de l\u2019amour\/ <br>&#8211;&nbsp; <\/span><strong><span class=\"tm28\">Autre proposition pour les couples : <\/span><\/strong><span class=\"tm28\">Du samedi 12 mars 11h00 au dimanche 13 mars 2022 16h00 au couvent Saint-Jean-de-Bassel (<\/span><strong><span class=\"tm28\">57<\/span><\/strong><span class=\"tm25\">) <\/span><span class=\"tm49\">&nbsp;Un week-end pour d\u00e9couvrir et approfondir la beaut\u00e9 de l&rsquo;amour et du sacrement de mariage, comme don qui fortifie l&rsquo;amour humain. Comment s&rsquo;aimer et s&rsquo;engager pour un amour durable ? Comment s&rsquo;accueillir dans nos diff\u00e9rences ? Qu&rsquo;apporte le sacrement de mariage ?&nbsp; <\/span><span class=\"tm49\">\u00ab\u00a0<\/span><em><span class=\"tm51\">30h pour mieux s&rsquo;aimer\u00a0\u00bb <\/span><\/em><span class=\"tm49\">Avec le p\u00e8re C\u00e9dric Burgun et des couples t\u00e9moins.&nbsp;<br>&#8211; &nbsp; <\/span><strong><span class=\"tm53\">Trouver Dieu dans ma vie&nbsp;: <\/span><\/strong><span class=\"tm53\">Une proposition sur plusieurs dates<\/span><span class=\"tm52\">. <\/span><span class=\"tm28\">Le 26\/02\/2022<\/span><span class=\"tm28\">&nbsp;<\/span><span class=\"tm28\">de 10h00\u00e0 11h30 au <\/span><span class=\"tm28\">Centre spirituel dioc\u00e9sain<\/span><span class=\"tm25\">, 10 rue du Carmel, Nancy. <\/span><span class=\"tm28\">Contact <\/span><a style=\"color: #000000;\" href=\"mailto:alcine54@hotmail.fr\"><span class=\"tm25\">\u00c9quipe dioc\u00e9saine de formation spirituelle<\/span><\/a> <span class=\"tm28\">T\u00e9l\u00e9phone <\/span><span class=\"tm25\">03 83 97 11 32. <\/span><strong><span class=\"tm28\">Cinq rencontres&nbsp;: <\/span><\/strong><span class=\"tm25\">Un partage en groupes de nos d\u00e9couvertes, difficult\u00e9s \/ Des temps de pri\u00e8re ensemble\/ Un apport pour \u00e9clairer notre chemin spirituel\/ Des propositions pour la pri\u00e8re personnelle<\/span><strong><span class=\"tm28\">. <\/span><\/strong><span class=\"tm25\">Des<\/span><span class=\"tm25\"> temps de pri\u00e8re personnelle r\u00e9guliers. Des rencontres avec un accompagnateur<\/span><strong><span class=\"tm28\">&nbsp;: l<\/span><\/strong><span class=\"tm25\">es samedis 26 f\u00e9vrier, 26 mars, 23 avril, 21 mai et 18 juin 2022, de 10h \u00e0 11h30.<\/span><\/span><\/p>\n","protected":false},"excerpt":{"rendered":"<p>69\u00e8me journ\u00e9e mondiale des malades de la l\u00e8pre : &nbsp;Selon l\u2019Organisation Mondiale de la Sant\u00e9, en 2015, 175 000 malades dans le monde et plus de 200 000 nouveaux cas d\u00e9pist\u00e9s chaque ann\u00e9e. Une qu\u00eate est organis\u00e9e \u00e0 la sortie de nos \u00e9glises ce week-end pour poursuivre la lutte contre ce fl\u00e9au d\u00e9marr\u00e9e par le&hellip; <br \/> <a class=\"read-more\" href=\"https:\/\/paroisses-nancy-sud.fr\/HOME\/annonces-de-saint-francois-de-sales-sainte-jeanne-de-chantal-du-29-janvier-2021\/\">Lire la suite<\/a><\/p>\n","protected":false},"author":5,"featured_media":553,"comment_status":"closed","ping_status":"open","sticky":false,"template":"","format":"standard","meta":[],"categories":[7],"tags":[],"acf":[],"_links":{"self":[{"href":"https:\/\/paroisses-nancy-sud.fr\/HOME\/wp-json\/wp\/v2\/posts\/1813"}],"collection":[{"href":"https:\/\/paroisses-nancy-sud.fr\/HOME\/wp-json\/wp\/v2\/posts"}],"about":[{"href":"https:\/\/paroisses-nancy-sud.fr\/HOME\/wp-json\/wp\/v2\/types\/post"}],"author":[{"embeddable":true,"href":"https:\/\/paroisses-nancy-sud.fr\/HOME\/wp-json\/wp\/v2\/users\/5"}],"replies":[{"embeddable":true,"href":"https:\/\/paroisses-nancy-sud.fr\/HOME\/wp-json\/wp\/v2\/comments?post=1813"}],"version-history":[{"count":6,"href":"https:\/\/paroisses-nancy-sud.fr\/HOME\/wp-json\/wp\/v2\/posts\/1813\/revisions"}],"predecessor-version":[{"id":1828,"href":"https:\/\/paroisses-nancy-sud.fr\/HOME\/wp-json\/wp\/v2\/posts\/1813\/revisions\/1828"}],"wp:featuredmedia":[{"embeddable":true,"href":"https:\/\/paroisses-nancy-sud.fr\/HOME\/wp-json\/wp\/v2\/media\/553"}],"wp:attachment":[{"href":"https:\/\/paroisses-nancy-sud.fr\/HOME\/wp-json\/wp\/v2\/media?parent=1813"}],"wp:term":[{"taxonomy":"category","embeddable":true,"href":"https:\/\/paroisses-nancy-sud.fr\/HOME\/wp-json\/wp\/v2\/categories?post=1813"},{"taxonomy":"post_tag","embeddable":true,"href":"https:\/\/paroisses-nancy-sud.fr\/HOME\/wp-json\/wp\/v2\/tags?post=1813"}],"curies":[{"name":"wp","href":"https:\/\/api.w.org\/{rel}","templated":true}]}}