{"id":1819,"date":"2022-01-29T18:50:16","date_gmt":"2022-01-29T17:50:16","guid":{"rendered":"https:\/\/paroisses-nancy-sud.fr\/HOME\/?p=1819"},"modified":"2022-01-29T18:42:46","modified_gmt":"2022-01-29T17:42:46","slug":"consubstantiel-au-pere","status":"publish","type":"post","link":"https:\/\/paroisses-nancy-sud.fr\/HOME\/consubstantiel-au-pere\/","title":{"rendered":"\u00ab\u00a0Consubstantiel au P\u00e8re\u00a0\u00bb"},"content":{"rendered":"\n<p class=\"Standard tm6\"><span style=\"color: #000000;\">Consubstanquoi\u00a0?<\/span><\/p>\n<p class=\"Standard tm6\"><span style=\"color: #000000;\">Cela ne vous aura pas \u00e9chapp\u00e9\u00a0: dans la nouvelle traduction du missel, \u00ab\u00a0Je crois en un seul Seigneur J\u00e9sus-Christ&#8230; <em><span class=\"tm7\">consubstantiel au<\/span><\/em> P\u00e8re&#8230;\u00a0\u00bb a remplac\u00e9 \u00ab\u00a0Je crois en un seul Seigneur J\u00e9sus-Christ&#8230; <em><span class=\"tm7\">de m\u00eame nature<\/span><\/em> que le P\u00e8re&#8230;\u00a0\u00bb Alors, r\u00e9trop\u00e9dalage conservateur\u00a0? Coquetterie m\u00e9taphysique\u00a0?<\/span><\/p>\n<p class=\"Standard tm6\"><span style=\"color: #000000;\">Chaque fois que nous professerons le credo, ce terme \u00e9trange que nous n&#8217;employons qu&rsquo;\u00e0 la messe doit nous rappeler que le myst\u00e8re de Dieu ne se laisse pas circonscrire. L&rsquo;ancienne traduction, en plus d&rsquo;\u00eatre inexacte, nous laissait penser que nous pouvions saisir Dieu avec nos mots de tous les jours, comme <em><span class=\"tm7\">m\u00eame nature<\/span><\/em>. \u00ab\u00a0Tous les chiens sont de m\u00eame nature que leurs p\u00e8res et cette v\u00e9rit\u00e9 de M.\u00a0de la Palisse ne vaut pas la peine d\u2019\u00eatre dite, moins encore d\u2019\u00eatre chant\u00e9e\u00a0\u00bb, temp\u00eatait le philosophe E.\u00a0Gilson.<\/span><\/p>\n<p class=\"Standard tm6\"><span style=\"color: #000000;\">Notre raison, donn\u00e9e par Dieu, doit tout de m\u00eame nous permettre de dire notre foi aussi justement que possible.<\/span><\/p>\n<p class=\"Standard tm6\"><span style=\"color: #000000;\">Il s&rsquo;agit d&rsquo;\u00e9viter deux \u00e9cueils\u00a0: d&rsquo;une part, la confusion des trois personnes de la Sainte Trinit\u00e9 en une d\u00e9it\u00e9 monolithique qui prendrait tant\u00f4t la figure du P\u00e8re, tant\u00f4t celle du Fils, tant\u00f4t celle de l&rsquo;Esprit, d&rsquo;autre part une s\u00e9paration nette qui ferait du P\u00e8re, du Fils et de l&rsquo;Esprit trois dieux, ou bien un dieu et deux entit\u00e9s inf\u00e9rieures.<\/span><\/p>\n<p class=\"Standard tm6\"><span style=\"color: #000000;\">Vous et moi partageons la m\u00eame nature humaine, mais nous ne sommes pas consubstantiels. Dire que le Fils est consubstantiel au P\u00e8re, c&rsquo;est affirmer, \u00e0 la suite des grands docteurs de la foi que furent Saint Athanase d&rsquo;Alexandrie ou Saint Hilaire de Poitiers au IV<sup>e<\/sup> si\u00e8cle, que le P\u00e8re et le Fils \u2013 sans oublier l&rsquo;Esprit-Saint \u2013 sont le m\u00eame Dieu, le m\u00eame \u00eatre.<\/span><\/p>\n<p class=\"Standard tm6\"><span style=\"color: #000000;\">Les lecteurs assidus de l&rsquo;\u00c9vangile de saint Jean savent que J\u00e9sus revendique \u00e0 plusieurs reprises le nom divin, donc l&rsquo;identit\u00e9 divine : \u00ab Je suis. \u00bb Dieu ne nous a pas envoy\u00e9 sa meilleure cr\u00e9ature, mais bien le Fils n\u00e9 de sa substance, \u00ab lui qui est Dieu, lui qui est dans le sein du P\u00e8re, [lui] qui l\u2019a fait conna\u00eetre \u00bb (Jean 1,18). Lui seul, le Fils Unique pouvait nous faire conna\u00eetre le P\u00e8re et nous introduire au c\u0153ur de la vie trinitaire, pour que nous devenions par lui \u00ab participants de la nature divine \u00bb (2 Pierre 1, 4).<\/span><\/p>\n<p class=\"Standard tm6\"><span style=\"color: #000000;\">Chaque fois que nous achopperons sur ce mot barbare, qu&rsquo;il nous rappelle que Dieu n&rsquo;a pas fait semblant de nous aimer.<\/span><\/p>\n<p class=\"Standard tm8\"><span style=\"color: #000000;\">\u00a0<em>Alexandre-Marie pr\u00eatre<\/em><\/span><\/p>\n","protected":false},"excerpt":{"rendered":"<p>Consubstanquoi\u00a0? Cela ne vous aura pas \u00e9chapp\u00e9\u00a0: dans la nouvelle traduction du missel, \u00ab\u00a0Je crois en un seul Seigneur J\u00e9sus-Christ&#8230; consubstantiel au P\u00e8re&#8230;\u00a0\u00bb a remplac\u00e9 \u00ab\u00a0Je crois en un seul Seigneur J\u00e9sus-Christ&#8230; de m\u00eame nature que le P\u00e8re&#8230;\u00a0\u00bb Alors, r\u00e9trop\u00e9dalage conservateur\u00a0? Coquetterie m\u00e9taphysique\u00a0? Chaque fois que nous professerons le credo, ce terme \u00e9trange que nous&hellip; <br \/> <a class=\"read-more\" href=\"https:\/\/paroisses-nancy-sud.fr\/HOME\/consubstantiel-au-pere\/\">Lire la suite<\/a><\/p>\n","protected":false},"author":9,"featured_media":523,"comment_status":"closed","ping_status":"open","sticky":false,"template":"","format":"standard","meta":[],"categories":[6],"tags":[],"acf":[],"_links":{"self":[{"href":"https:\/\/paroisses-nancy-sud.fr\/HOME\/wp-json\/wp\/v2\/posts\/1819"}],"collection":[{"href":"https:\/\/paroisses-nancy-sud.fr\/HOME\/wp-json\/wp\/v2\/posts"}],"about":[{"href":"https:\/\/paroisses-nancy-sud.fr\/HOME\/wp-json\/wp\/v2\/types\/post"}],"author":[{"embeddable":true,"href":"https:\/\/paroisses-nancy-sud.fr\/HOME\/wp-json\/wp\/v2\/users\/9"}],"replies":[{"embeddable":true,"href":"https:\/\/paroisses-nancy-sud.fr\/HOME\/wp-json\/wp\/v2\/comments?post=1819"}],"version-history":[{"count":2,"href":"https:\/\/paroisses-nancy-sud.fr\/HOME\/wp-json\/wp\/v2\/posts\/1819\/revisions"}],"predecessor-version":[{"id":1821,"href":"https:\/\/paroisses-nancy-sud.fr\/HOME\/wp-json\/wp\/v2\/posts\/1819\/revisions\/1821"}],"wp:featuredmedia":[{"embeddable":true,"href":"https:\/\/paroisses-nancy-sud.fr\/HOME\/wp-json\/wp\/v2\/media\/523"}],"wp:attachment":[{"href":"https:\/\/paroisses-nancy-sud.fr\/HOME\/wp-json\/wp\/v2\/media?parent=1819"}],"wp:term":[{"taxonomy":"category","embeddable":true,"href":"https:\/\/paroisses-nancy-sud.fr\/HOME\/wp-json\/wp\/v2\/categories?post=1819"},{"taxonomy":"post_tag","embeddable":true,"href":"https:\/\/paroisses-nancy-sud.fr\/HOME\/wp-json\/wp\/v2\/tags?post=1819"}],"curies":[{"name":"wp","href":"https:\/\/api.w.org\/{rel}","templated":true}]}}