{"id":1839,"date":"2022-02-04T18:00:57","date_gmt":"2022-02-04T17:00:57","guid":{"rendered":"https:\/\/paroisses-nancy-sud.fr\/HOME\/?p=1839"},"modified":"2022-02-04T18:00:57","modified_gmt":"2022-02-04T17:00:57","slug":"annonces-saint-francois-de-sales-et-sainte-jeanne-de-chantal-du-5-fevrier-2022","status":"publish","type":"post","link":"https:\/\/paroisses-nancy-sud.fr\/HOME\/annonces-saint-francois-de-sales-et-sainte-jeanne-de-chantal-du-5-fevrier-2022\/","title":{"rendered":"Annonces Saint-Fran\u00e7ois-de-Sales et Sainte-Jeanne-de-Chantal du 5 f\u00e9vrier 2022"},"content":{"rendered":"\n<p class=\"Normal tm18\"><span style=\"color: #000000;\"><strong><span class=\"tm19\">Messe des familles : <br \/><\/span><\/strong><strong><span class=\"tm20\">Comme chaque dimanche <\/span><\/strong><span class=\"tm21\">les enfants du secteur Nancy-Sud et leurs familles sont invit\u00e9s \u00e0 se retrouver et tout sp\u00e9cialement c<\/span><strong><span class=\"tm20\">e dimanche 6 f\u00e9vrier \u00e0 Jarville \u00e0 10h30 pour la messe des familles. <\/span><\/strong><\/span><\/p>\n<p class=\"Normal\"><span style=\"color: #000000;\"><strong><span class=\"tm19\">Qu\u00eate suppl\u00e9mentaire du premier dimanche du mois : <br \/><\/span><\/strong><span class=\"tm21\">Comme tous les premiers dimanches du mois, <\/span><strong><span class=\"tm20\">ce week-end,<\/span><\/strong><span class=\"tm21\"> une qu\u00eate sera propos\u00e9e \u00e0 la sortie de chaque messe dans nos \u00e9glises. Elle permet de compl\u00e9ter le financement des diff\u00e9rents frais de fonctionnement et pastoraux. Merci. <\/span><\/span><\/p>\n<p class=\"Normal\"><span style=\"color: #000000;\"><strong><span class=\"tm19\">F\u00eate de la bienheureuse Vierge Marie de Lourdes :<br \/><\/span><\/strong><strong><span class=\"tm20\">Vendredi 11 f\u00e9vrier \u00e0 19h, messe \u00e0 Jarville <\/span><\/strong><\/span><\/p>\n<p class=\"Normal\"><span style=\"color: #000000;\"><strong><span class=\"tm19\">Soir\u00e9e chants et louange :<br \/><\/span><\/strong><strong><span class=\"tm20\">Vendredi 11 f\u00e9vrier de 20h30 \u00e0 21h30 \u00e0 Jarville, veill\u00e9e de chants soutenus \u00e0 la guitare. <\/span><\/strong><\/span><\/p>\n<p class=\"Normal\"><span style=\"color: #000000;\"><strong><span class=\"tm19\">Bapt\u00eame : <br \/><\/span><\/strong><strong><span class=\"tm20\">Le samedi 12 f\u00e9vrier<\/span><\/strong><span class=\"tm21\">, \u00e0 Heillecourt<\/span><strong><span class=\"tm20\">, bapt\u00eame de\u00a0<\/span><\/strong><span class=\"tm22\">Kayden NO\u00cbL.<\/span> <span class=\"tm21\">Portons cet enfant et sa famille dans notre pri\u00e8re.<\/span><\/span><\/p>\n<p class=\"Normal\"><span style=\"color: #000000;\"><strong><span class=\"tm23\">Dimanche 13 f\u00e9vrier, dimanche de la Sant\u00e9 : <br \/><\/span><\/strong><span class=\"tm22\">Le <\/span><strong><span class=\"tm24\">Service \u00c9vang\u00e9lique pour les Malades (SEM) <\/span><\/strong><span class=\"tm22\">est un service d\u2019\u00c9glise<\/span><span class=\"tm22\"> destin\u00e9\u00a0aux personnes malades,\u00a0\u00e2g\u00e9es, isol\u00e9es ou handicap\u00e9es \u00e0 domicile ou en Ehpad.<br \/><\/span><span class=\"tm22\">Depuis son origine, l\u2019\u00c9glise, \u00e0 la suite de J\u00e9sus, a le souci des personnes malades, fragiles, exclues. \u00ab\u00a0<\/span><em><span class=\"tm26\">J&rsquo;\u00e9tais\u00a0malade et vous m&rsquo;avez visit\u00e9\u00a0\u00bb<\/span><\/em><span class=\"tm22\"> (Mat &#8211; .25,36).<br \/><\/span><span class=\"tm22\">Autour de nous il y a des personnes fragilis\u00e9es. Ces personnes ne nous font pas signe, c&rsquo;est \u00e0 nous \u00e0 leur faire signe. <\/span><strong><span class=\"tm24\">Comment en \u00c9glise, sommes-nous attentifs \u00e0 elles ? il faut nous poser la question : Quelle place ont les plus fragiles dans ma paroisse ? dans mon existence ? Comment me faire proche ? Qui veille \u00e0 porter la communion \u00e0 ceux qui le d\u00e9sirent et ne peuvent plus participer \u00e0 l&rsquo;eucharistie ? A domicile, comment faire savoir que nous sommes l\u00e0 pour accompagner, \u00e9couter la souffrance, \u00e9viter l&rsquo;isolement ? <br \/><\/span><\/strong><span class=\"tm22\">Ce Service de l\u2019\u00c9vangile pour les Malades existe dans nos paroisses. N&rsquo;h\u00e9sitez pas \u00e0 nous communiquer les coordonn\u00e9es des personnes en attente de visite, soit lors des permanences de nos paroisses ou aupr\u00e8s Odile Bonmati (06 23 46 74 17).<br \/><\/span><span class=\"tm22\">De m\u00eame, si vous vous sentez appel\u00e9s par ce service, contactez-nous,\u00a0nous serons tr\u00e8s\u00a0heureux de vous accueillir au sein de notre \u00e9quipe.\u00a0<\/span><\/span><\/p>\n<p class=\"Normal\"><span style=\"color: #000000;\"><strong><span class=\"tm19\">Table ouverte du 2<\/span><sup><span class=\"tm19\">\u00e8me<\/span><\/sup><span class=\"tm19\"> dimanche du mois : <br \/><\/span><\/strong><strong><span class=\"tm20\">Le dimanche 13 f\u00e9vrier \u00e0 Jarville \u00e0 midi, <\/span><\/strong><span class=\"tm21\">table ouverte (avec respect des conditions sanitaires)\u00a0: repas partag\u00e9 avec ce que chacun apporte (sal\u00e9, pain, fromage, sucr\u00e9, boissons&#8230;) <\/span><\/span><\/p>\n<p class=\"Normal\"><span style=\"color: #000000;\"><strong><span class=\"tm19\">Horaires des messes dominicales des 12 et 13 f\u00e9vrier 2022 :<br \/><\/span><\/strong><strong><span class=\"tm20\">Samedi 12 f\u00e9vrier <\/span><\/strong><span class=\"tm21\">\u00a0: <\/span><strong><span class=\"tm20\">18h <\/span><\/strong><span class=\"tm21\">Heillecourt, Laneuveville,\u00a0Maizi\u00e8res<br \/><\/span><strong><span class=\"tm20\">Dimanche 13 f\u00e9vrier <\/span><\/strong><span class=\"tm21\">:<\/span><strong><span class=\"tm20\">10h <\/span><\/strong><span class=\"tm21\">Fl\u00e9ville, Flavigny<\/span><strong><span class=\"tm20\"> 10h30 Jarville,<\/span><\/strong><span class=\"tm21\"> Neuves -Maisons <\/span><\/span><\/p>\n<p class=\"Normal_Web_ tm29 tm30\"><span style=\"color: #000000;\"><strong><span class=\"tm23\">Parcours \u2018\u2019Alpha Campus\u2019\u2019 \u00e0 Nancy pour les 18-25 ans : <br \/><\/span><\/strong><strong><span class=\"tm24\">Premi\u00e8re soir\u00e9e, lundi 21 f\u00e9vrier de 20h \u00e0 22h, 6 rue de Guise, Nancy <\/span><\/strong><span class=\"tm22\">avec le Service des Jeunes du dioc\u00e8se. Il s&rsquo;adresse \u00e0 toute personne simplement curieuse de conna\u00eetre la foi chr\u00e9tienne. Climat convivial, une pr\u00e9sentation dynamique des \u00ab\u00a0piliers\u00a0\u00bb de la foi chr\u00e9tienne (qui est J\u00e9sus ? pourquoi est-il mort ? comment vivre libre ?), et un temps d&rsquo;\u00e9change en petits groupes.<br \/><\/span><span class=\"tm22\">8 rencontres chaque <\/span><strong><span class=\"tm24\">lundi du 21 f\u00e9vrier au 11 avril <\/span><\/strong><span class=\"tm22\">2022\u00a0<\/span><strong><span class=\"tm24\">de 20h \u00e0 22h<\/span><\/strong><span class=\"tm22\">. N\u2019h\u00e9sitez pas \u00e0 partager autour de vous cette initiative. Inscription\u00a0: \u00a0<\/span><strong><span class=\"tm24\">coursalpha54@hotmail.fr\u00a0ou au 06 95 39 19 74.<\/span><\/strong><span class=\"tm22\">\u00a0<\/span><\/span><\/p>\n<p class=\"Normal tm31\"><span style=\"color: #000000;\"><strong><span class=\"tm19\">\u00a0<\/span><\/strong><strong><span class=\"tm19\">Assembl\u00e9e paroissiale :<br \/><\/span><\/strong><span class=\"tm22\">Notre dioc\u00e8se nous demande \u00e0 tous<\/span><strong><span class=\"tm24\">, de participer au discernement de ce que Dieu veut pour son \u00c9glise.<\/span><\/strong><span class=\"tm22\"> R\u00e9fl\u00e9chir \u00e0 ce <\/span><strong><span class=\"tm24\">qui serait bon pour le Peuple de Dieu, ici, sur notre territoire<\/span><\/strong><span class=\"tm22\">, afin que la mission de l\u2019\u00c9glise (annoncer, c\u00e9l\u00e9brer, servir) se poursuive, et en essayant de tenir ensemble \u2018\u2019h\u00e9ritage\u2019\u2019 et \u2018\u2019audace\u2019\u2019. <\/span><strong><span class=\"tm20\">Quatre th\u00e8mes<\/span><\/strong><span class=\"tm21\"> sont propos\u00e9s\u00a0\u00e0 la r\u00e9flexion :<br \/><\/span><span class=\"tm21\">&#8211; Les fraternit\u00e9s missionnaires locales : faire \u00e9merger des lieux o\u00f9 des chr\u00e9tiens se r\u00e9unissent.<br \/><\/span><span class=\"tm21\">&#8211; Des lieux sources avec une \u00e9glise-m\u00e8re et une \u00e9quipe pastoral.<br \/><\/span><span class=\"tm21\">&#8211; Le souci de la proximit\u00e9\u00a0!<br \/><\/span><span class=\"tm21\">&#8211; La place des sacrements <br \/><\/span><span class=\"tm21\">Pour que chacun puisse partager ses id\u00e9es, rendez-vous\u00a0<br \/><\/span><strong><span class=\"tm20\">Le samedi 26 f\u00e9vrier de 10h \u00e0 12h \u00e0 Jarville pour Saint-Fran\u00e7ois-de-Sales. <br \/><\/span><\/strong><span class=\"tm21\">Merci de r\u00e9server la date pour consacrer un peu de<\/span> <span class=\"tm21\">temps \u00e0 cette r\u00e9flexion\u00a0!<\/span><\/span><\/p>\n<p class=\"Normal tm31\"><span style=\"color: #000000;\"><strong><span class=\"tm19\">Participer \u00e0 la consultation sur la synodalit\u00e9 en \u00c9glise : <br \/><\/span><\/strong><strong><span class=\"tm20\">Chacun est appel\u00e9 \u00e0 participer \u00e0 cette consultation<\/span><\/strong><span class=\"tm21\">. Les feuillets guides sont toujours au fond des \u00e9glises. <\/span><strong><span class=\"tm20\">Nous vous proposons de prendre le temps de r\u00e9pondre \u00e0 ces questions simples\u00a0: <br \/><\/span><\/strong><span class=\"tm21\">&#8211; Dans notre v\u00e9cu d\u2019\u00c9glise (en paroisse, en dioc\u00e8se\u2026) \u00e0 quelles exp\u00e9riences de \u2018\u2019marcher ensemble \u2018\u2019 pensons-nous ? Des exp\u00e9riences positives ? Des exp\u00e9riences avec des blessures ? <br \/><\/span><span class=\"tm21\">&#8211; Qu\u2019est-ce que l\u2019Esprit est en train de nous demander aujourd\u2019hui\u00a0? <br \/><\/span><span class=\"tm21\">Quels changements \u00e0 confirmer\u00a0? Quels nouveaux pas \u00e0 franchir\u00a0? <br \/><\/span><strong><span class=\"tm20\">Vous trouverez une bo\u00eete au fond de chaque \u00e9glise pour y glisser vos r\u00e9ponses. <br \/><\/span><\/strong><span class=\"tm21\">Ou\u00a0: <\/span><em><span class=\"tm36\">Par mail\u00a0:<\/span><\/em><span class=\"tm35\"> synode2023@catholique-nancy.fr <\/span><em><span class=\"tm36\">Par courrier<\/span><\/em><span class=\"tm35\">\u00a0: Synode 2023 Domaine <\/span><span class=\"tm35\">de l\u2019Asn\u00e9e 11 rue de Laxou CS 10091 54603 VILLERS les Nancy<\/span><\/span><\/p>\n<p class=\"Normal\"><span style=\"color: #000000;\"><strong><span class=\"tm37\">\u00a0<\/span><\/strong><strong><span class=\"tm39\">Autres<\/span><span class=\"tm40\"> Annonces : <br \/><\/span><\/strong><strong><span class=\"tm42\"> &#8211; \u2018\u2019Vivre le dimanche ensemble\u2019\u2019, proposition de la Pastorale des familles. <\/span><\/strong><strong><span class=\"tm24\">Une fois par mois, partager la messe, un repas, une balade ou des jeux selon la m\u00e9t\u00e9o. <\/span><\/strong><strong><span class=\"tm24\">Le 06\/02\/2022<\/span><span class=\"tm24\">\u00a0<\/span><span class=\"tm24\">\u00e0 11h00 <\/span><span class=\"tm24\">\u00c9glise Sainte-Anne<\/span><\/strong><span class=\"tm22\"> 3 rue Guy Ropartz Nancy <\/span><strong><span class=\"tm24\">T\u00e9l\u00e9phone <\/span><\/strong><span class=\"tm22\">06 83 15 51 30<\/span><\/span><\/p>\n<p class=\"Normal_Web_ tm29 tm30\"><span style=\"color: #000000;\"><strong><span class=\"tm42\">\u00a0&#8211; Alpha couple : <\/span><\/strong><strong><span class=\"tm24\">Huit d\u00eeners <\/span><\/strong><span class=\"tm22\">(un lundi sur deux, en soir\u00e9e de f\u00e9vrier \u00e0 mai 2022) en t\u00eate \u00e0 t\u00eate pour prendre soin de notre couple avec des animateurs qui aident \u00e0 ouvrir le dialogue sur diff\u00e9rents th\u00e8mes. <br \/><\/span><strong><span class=\"tm24\">Du 21\/02\/2022au 30\/05\/2022<\/span><span class=\"tm24\">\u00a0\u00e0<\/span><span class=\"tm24\"> 19h30 <\/span><span class=\"tm24\">salle Notre-Dame des Anges <\/span><\/strong><span class=\"tm22\">(\u00e0 St L\u00e9on)<\/span><strong> <span class=\"tm24\">Contact <\/span><\/strong><a style=\"color: #000000;\" href=\"mailto:lisethessa@hotmail.com\"><span class=\"tm22\">Anne-Lise P\u00e9lissier<\/span><\/a><span class=\"tm22\">\u00a0<\/span><strong><span class=\"tm24\">: <\/span><\/strong><span class=\"tm22\">0671173230 P<\/span><span class=\"tm22\">our<\/span> <span class=\"tm22\">Couples mari\u00e9s ou non\u00a0: <\/span><strong><span class=\"tm44\">Th\u00e8mes\u00a0<\/span><\/strong><span class=\"tm43\">: Poser de bons fondements\u00a0\/ L\u2019art de la communication\/ La r\u00e9solution des conflits\u00a0\/ La puissance du pardon\u00a0\/ L\u2019impact de la famille et de son histoire\/ Une sexualit\u00e9 de couple \u00e9panouie\u00a0\/ Donner et recevoir de l\u2019amour\/ <\/span><\/span><\/p>\n<p class=\"Normal_Web_ tm29 tm30\"><span style=\"color: #000000;\"><strong><span class=\"tm42\">\u00a0&#8211; Autre proposition pour les couples :<br \/><\/span><\/strong><strong><span class=\"tm24\">Du samedi 12 mars 11h00 au dimanche 13 mars 2022 16h00 au couvent Saint-Jean-de-Bassel (57<\/span><\/strong><span class=\"tm22\">).<\/span><span class=\"tm43\">\u00a0Un week-end pour d\u00e9couvrir et approfondir la beaut\u00e9 de l&rsquo;amour et du sacrement de mariage,. Comment s&rsquo;aimer et s&rsquo;engager pour un amour durable ? Comment s&rsquo;accueillir dans nos diff\u00e9rences ? Qu&rsquo;apporte le sacrement de mariage ? \u00a0Avec le p\u00e8re C\u00e9dric Burgun et des couples t\u00e9moins.\u00a0<\/span><\/span><\/p>\n<p><span style=\"color: #000000;\"><strong><span class=\"tm42\">\u00a0&#8211; Trouver Dieu dans ma vie : Une proposition sur plusieurs dates.<br \/><\/span><\/strong><strong><span class=\"tm24\">Le 26\/02\/2022<\/span><span class=\"tm24\">\u00a0<\/span><span class=\"tm24\">de 10h00\u00e0 11h30 au <\/span><span class=\"tm24\">Centre spirituel dioc\u00e9sain<\/span><\/strong><\/span><span class=\"tm22\"><span style=\"color: #000000;\">, 10 rue du Carmel, Nancy.<\/span> <br \/><\/span><\/p>\n","protected":false},"excerpt":{"rendered":"<p>Messe des familles : Comme chaque dimanche les enfants du secteur Nancy-Sud et leurs familles sont invit\u00e9s \u00e0 se retrouver et tout sp\u00e9cialement ce dimanche 6 f\u00e9vrier \u00e0 Jarville \u00e0 10h30 pour la messe des familles. Qu\u00eate suppl\u00e9mentaire du premier dimanche du mois : Comme tous les premiers dimanches du mois, ce week-end, une qu\u00eate&hellip; <br \/> <a class=\"read-more\" href=\"https:\/\/paroisses-nancy-sud.fr\/HOME\/annonces-saint-francois-de-sales-et-sainte-jeanne-de-chantal-du-5-fevrier-2022\/\">Lire la suite<\/a><\/p>\n","protected":false},"author":5,"featured_media":553,"comment_status":"closed","ping_status":"open","sticky":false,"template":"","format":"standard","meta":[],"categories":[7],"tags":[],"acf":[],"_links":{"self":[{"href":"https:\/\/paroisses-nancy-sud.fr\/HOME\/wp-json\/wp\/v2\/posts\/1839"}],"collection":[{"href":"https:\/\/paroisses-nancy-sud.fr\/HOME\/wp-json\/wp\/v2\/posts"}],"about":[{"href":"https:\/\/paroisses-nancy-sud.fr\/HOME\/wp-json\/wp\/v2\/types\/post"}],"author":[{"embeddable":true,"href":"https:\/\/paroisses-nancy-sud.fr\/HOME\/wp-json\/wp\/v2\/users\/5"}],"replies":[{"embeddable":true,"href":"https:\/\/paroisses-nancy-sud.fr\/HOME\/wp-json\/wp\/v2\/comments?post=1839"}],"version-history":[{"count":3,"href":"https:\/\/paroisses-nancy-sud.fr\/HOME\/wp-json\/wp\/v2\/posts\/1839\/revisions"}],"predecessor-version":[{"id":1842,"href":"https:\/\/paroisses-nancy-sud.fr\/HOME\/wp-json\/wp\/v2\/posts\/1839\/revisions\/1842"}],"wp:featuredmedia":[{"embeddable":true,"href":"https:\/\/paroisses-nancy-sud.fr\/HOME\/wp-json\/wp\/v2\/media\/553"}],"wp:attachment":[{"href":"https:\/\/paroisses-nancy-sud.fr\/HOME\/wp-json\/wp\/v2\/media?parent=1839"}],"wp:term":[{"taxonomy":"category","embeddable":true,"href":"https:\/\/paroisses-nancy-sud.fr\/HOME\/wp-json\/wp\/v2\/categories?post=1839"},{"taxonomy":"post_tag","embeddable":true,"href":"https:\/\/paroisses-nancy-sud.fr\/HOME\/wp-json\/wp\/v2\/tags?post=1839"}],"curies":[{"name":"wp","href":"https:\/\/api.w.org\/{rel}","templated":true}]}}