{"id":1843,"date":"2022-02-04T18:06:48","date_gmt":"2022-02-04T17:06:48","guid":{"rendered":"https:\/\/paroisses-nancy-sud.fr\/HOME\/?p=1843"},"modified":"2022-02-04T18:06:48","modified_gmt":"2022-02-04T17:06:48","slug":"sois-sans-crainte-luc-5-10","status":"publish","type":"post","link":"https:\/\/paroisses-nancy-sud.fr\/HOME\/sois-sans-crainte-luc-5-10\/","title":{"rendered":"\u00ab Sois sans crainte. \u00bb Luc 5, 10"},"content":{"rendered":"\n<p class=\"Normal tm5 tm6\"><span class=\"tm8\" style=\"color: #000000;\">Grande fatigue et d\u00e9ception pour Simon : pas de poissons pris malgr\u00e9 la peine toute la nuit durant. Il est habit\u00e9 s\u00fbrement d\u2019une forte envie de repos. Rat\u00e9 ! Le voil\u00e0 interpell\u00e9 \u00e0 de nombreuses reprises par J\u00e9sus. N\u2019en est-il pas ainsi \u00e9galement pour nous dans nos moments de fatigue, de d\u00e9sesp\u00e9rance ? Et nous fermons la porte \u00e0 J\u00e9sus. Laissons-le monter dans notre barque comme Simon. <\/span><\/p>\n<p class=\"Normal tm5 tm6\"><span class=\"tm8\" style=\"color: #000000;\">De la barque, J\u00e9sus enseigne les foules. De vous \u00e0 moi pourquoi le faire de la barque de Simon ? Mais Simon laisse faire. <\/span><\/p>\n<p class=\"Normal tm5 tm6\"><span class=\"tm8\" style=\"color: #000000;\">Puis vient cette invitation de J\u00e9sus \u00ab Avance au large \u00bb. Bien s\u00fbr, Simon r\u00e9siste, n\u2019en a pas envie mais accepte, sur la parole de J\u00e9sus. <\/span><\/p>\n<p class=\"Normal tm5 tm6\"><span class=\"tm8\" style=\"color: #000000;\">Ce long cheminement est n\u00e9cessaire pour que Simon se d\u00e9place totalement, tombe aux genoux de J\u00e9sus pour le reconna\u00eetre et alors se reconna\u00eetre comme p\u00e9cheur. Mais quelle belle esp\u00e9rance lui donne J\u00e9sus : \u00ab Sois sans crainte. \u00bb Cette esp\u00e9rance est aussi adress\u00e9e \u00e0 nous. Osons cheminer sans crainte \u00e0 la suite de Simon. <\/span><\/p>\n<p class=\"Normal tm5\"><span style=\"color: #000000;\"><span class=\"tm9\">\u00a0\u00a0\u00a0\u00a0\u00a0\u00a0\u00a0\u00a0\u00a0\u00a0\u00a0\u00a0\u00a0\u00a0\u00a0\u00a0\u00a0\u00a0\u00a0\u00a0\u00a0\u00a0\u00a0\u00a0\u00a0\u00a0\u00a0\u00a0\u00a0\u00a0\u00a0\u00a0\u00a0\u00a0\u00a0\u00a0\u00a0\u00a0\u00a0\u00a0\u00a0\u00a0\u00a0\u00a0\u00a0\u00a0\u00a0\u00a0\u00a0\u00a0\u00a0\u00a0\u00a0\u00a0\u00a0\u00a0\u00a0\u00a0\u00a0\u00a0<\/span><em><span class=\"tm10\">Emmanuelle Hugues-Despoint<\/span><span class=\"tm11\"> dans Prie en chemin<\/span><\/em><\/span><\/p>\n<p class=\"Normal\">\u00a0<\/p>\n","protected":false},"excerpt":{"rendered":"<p>Grande fatigue et d\u00e9ception pour Simon : pas de poissons pris malgr\u00e9 la peine toute la nuit durant. Il est habit\u00e9 s\u00fbrement d\u2019une forte envie de repos. Rat\u00e9 ! Le voil\u00e0 interpell\u00e9 \u00e0 de nombreuses reprises par J\u00e9sus. N\u2019en est-il pas ainsi \u00e9galement pour nous dans nos moments de fatigue, de d\u00e9sesp\u00e9rance ? Et nous&hellip; <br \/> <a class=\"read-more\" href=\"https:\/\/paroisses-nancy-sud.fr\/HOME\/sois-sans-crainte-luc-5-10\/\">Lire la suite<\/a><\/p>\n","protected":false},"author":5,"featured_media":523,"comment_status":"closed","ping_status":"open","sticky":false,"template":"","format":"standard","meta":[],"categories":[6],"tags":[],"acf":[],"_links":{"self":[{"href":"https:\/\/paroisses-nancy-sud.fr\/HOME\/wp-json\/wp\/v2\/posts\/1843"}],"collection":[{"href":"https:\/\/paroisses-nancy-sud.fr\/HOME\/wp-json\/wp\/v2\/posts"}],"about":[{"href":"https:\/\/paroisses-nancy-sud.fr\/HOME\/wp-json\/wp\/v2\/types\/post"}],"author":[{"embeddable":true,"href":"https:\/\/paroisses-nancy-sud.fr\/HOME\/wp-json\/wp\/v2\/users\/5"}],"replies":[{"embeddable":true,"href":"https:\/\/paroisses-nancy-sud.fr\/HOME\/wp-json\/wp\/v2\/comments?post=1843"}],"version-history":[{"count":1,"href":"https:\/\/paroisses-nancy-sud.fr\/HOME\/wp-json\/wp\/v2\/posts\/1843\/revisions"}],"predecessor-version":[{"id":1844,"href":"https:\/\/paroisses-nancy-sud.fr\/HOME\/wp-json\/wp\/v2\/posts\/1843\/revisions\/1844"}],"wp:featuredmedia":[{"embeddable":true,"href":"https:\/\/paroisses-nancy-sud.fr\/HOME\/wp-json\/wp\/v2\/media\/523"}],"wp:attachment":[{"href":"https:\/\/paroisses-nancy-sud.fr\/HOME\/wp-json\/wp\/v2\/media?parent=1843"}],"wp:term":[{"taxonomy":"category","embeddable":true,"href":"https:\/\/paroisses-nancy-sud.fr\/HOME\/wp-json\/wp\/v2\/categories?post=1843"},{"taxonomy":"post_tag","embeddable":true,"href":"https:\/\/paroisses-nancy-sud.fr\/HOME\/wp-json\/wp\/v2\/tags?post=1843"}],"curies":[{"name":"wp","href":"https:\/\/api.w.org\/{rel}","templated":true}]}}