{"id":1850,"date":"2022-02-06T15:47:29","date_gmt":"2022-02-06T14:47:29","guid":{"rendered":"https:\/\/paroisses-nancy-sud.fr\/HOME\/?p=1850"},"modified":"2022-02-06T15:50:55","modified_gmt":"2022-02-06T14:50:55","slug":"je-suis-un-pecheur-sur-lequel-le-seigneur-a-pose-son-regard","status":"publish","type":"post","link":"https:\/\/paroisses-nancy-sud.fr\/HOME\/je-suis-un-pecheur-sur-lequel-le-seigneur-a-pose-son-regard\/","title":{"rendered":"\u00ab\u00a0Je suis un p\u00e9cheur sur lequel le Seigneur a pos\u00e9 son regard\u00a0\u00bb"},"content":{"rendered":"\n<p><span style=\"color: #000000;\">\u00ab\u00a0Eloigne-toi de moi, Seigneur, car je suis un homme p\u00e9cheur.\u00a0\u00bb Que s&rsquo;est-il pass\u00e9 dans la t\u00eate de Simon \u00e0 ce moment-l\u00e0\u00a0? Il n&rsquo;\u00e9tait sans doute pas tr\u00e8s diff\u00e9rent de nous\u00a0: avait-il r\u00e2l\u00e9 contre Dieu \u00e0 cause de cette nuit de travail inutile\u00a0? En avait-il profit\u00e9, tant qu&rsquo;il \u00e9tait au large, pour crier tous les jurons qu&rsquo;il connaissait\u00a0? Peut-\u00eatre \u00e9tait-il tout simplement un homme ni pire ni meilleur que les autres, quelqu&rsquo;un pour qui Dieu n&rsquo;est qu&rsquo;un mot de quatre lettres.<\/span><\/p>\n<p><span style=\"color: #000000;\">Et tout \u00e0 coup, Dieu devient quelqu&rsquo;un pour lui. Soudain le Dieu saint est l\u00e0, celui dont le proph\u00e8te Isa\u00efe a eu la vision grandiose\u00a0: \u00ab\u00a0Saint\u00a0! Saint\u00a0! Saint le Seigneur Dieu de l&rsquo;univers\u00a0!\u00a0\u00bb et Simon tombe \u00e0 genoux\u00a0: \u00ab\u00a0Eloigne-toi de moi, Seigneur, car je suis un homme p\u00e9cheur.\u00a0\u00bb C&rsquo;\u00e9tait la premi\u00e8re rencontre entre J\u00e9sus et celui dont il allait faire la pierre de fondation de son Eglise.<\/span><\/p>\n<p><span style=\"color: #000000;\">Chers fr\u00e8res et s\u0153urs, et si, pour nous comme pour Simon-Pierre, commencer par nous reconna\u00eetre p\u00e9cheurs \u00e9tait le secret d&rsquo;une relation vraie, profonde et fructueuse avec J\u00e9sus\u00a0?<\/span><\/p>\n<p><span style=\"color: #000000;\">Lors d&rsquo;un de ses tout premiers entretiens officiels, le pape Fran\u00e7ois s&rsquo;est pr\u00e9sent\u00e9 ainsi\u00a0: \u00ab\u00a0Je suis un p\u00e9cheur sur lequel le Seigneur a pos\u00e9 son regard.\u00a0\u00bb Et nous, chaque fois que nous venons devant le Seigneur pour \u00e9couter sa parole et recevoir son eucharistie, nous commen\u00e7ons par reconna\u00eetre que nous avons p\u00e9ch\u00e9. Il ne s&rsquo;agit surtout pas de nous accabler, encore moins de nous enfermer dans l\u2019auto-apitoiement. Il s&rsquo;agit de v\u00e9rit\u00e9.<\/span><\/p>\n<p><span style=\"color: #000000;\">Un jour, quelque part, un homme cherchait son chemin. Il appelle un passant et lui demande\u00a0: \u00ab\u00a0Vous pourriez m&rsquo;indiquer comme aller \u00e0 tel endroit\u00a0?\u00a0_ D\u00e9j\u00e0, si j&rsquo;\u00e9tais vous, je ne partirais pas d&rsquo;ici.\u00a0\u00bb<\/span><\/p>\n<p><span style=\"color: #000000;\">Il en est de m\u00eame pour nous\u00a0: nous voulons parvenir \u00e0 Dieu, mais nous n&rsquo;avons pas d&rsquo;autre choix que de partir d&rsquo;o\u00f9 nous sommes, de nous reconna\u00eetre tels que nous sommes. Imaginez un chr\u00e9tien qui d\u00e9buterait la messe en disant\u00a0: \u00ab Je confesse \u00e0 Dieu tout-puissant, je reconnais devant vous, fr\u00e8res et s\u0153urs, que je n&rsquo;ai absolument rien \u00e0 me reprocher&#8230;\u00a0\u00bb ou encore \u00ab\u00a0Seigneur, comme je suis bien digne de te recevoir&#8230;\u00a0\u00bb Que peut faire le Seigneur devant un c\u0153ur qui n&rsquo;a pas soif de son salut\u00a0?<\/span><\/p>\n<p><span style=\"color: #000000;\">Au contraire, se reconna\u00eetre p\u00e9cheur, c&rsquo;est dire de quel bois nous sommes faits. Le bois est moins dur que le fer, c&rsquo;est vrai, moins brillant que l&rsquo;argent, moins pr\u00e9cieux que l&rsquo;or, mais il br\u00fble et, en br\u00fblant, il \u00e9claire et r\u00e9chauffe.<\/span><\/p>\n<p><span style=\"color: #000000;\">C&rsquo;est l&rsquo;exp\u00e9rience que saint Paul a faite\u00a0: lui qui se croyait dur et inoxydable se d\u00e9couvre fait de bois fragile, un bois qui pourra prendre au feu de l&rsquo;amour de Dieu et communiquer le feu \u00e0 tant et tant d&rsquo;hommes et de femmes au cours de ses voyages. \u00ab\u00a0Fr\u00e8res, je vous rappelle la Bonne Nouvelle que je vous ai annonc\u00e9e&#8230; avant tout, je vous ai transmis ceci, que j&rsquo;ai moi-m\u00eame re\u00e7u\u00a0: le Christ est mort pour nos p\u00e9ch\u00e9s&#8230; il est ressuscit\u00e9 selon les Ecritures.\u00a0\u00bb, ce qui signifie\u00a0: \u00ab\u00a0Dieu a aim\u00e9 le monde au point de livrer son Fils et gr\u00e2ce \u00e0 lui, la mort est vaincue.\u00a0\u00bb<\/span><\/p>\n<p><span style=\"color: #000000;\">Un d\u00e9tail encore, mais qui a son importance\u00a0: l&rsquo;Evangile n&rsquo;est pas juste une information, un simple message que l&rsquo;on pourrait se transmettre. N&rsquo;importe qui, m\u00eame un pr\u00eatre ou un cat\u00e9chiste ou un parent peu convaincu, m\u00eame un pa\u00efen, peut prononcer ces mots\u00a0: \u00ab\u00a0J\u00e9sus est mort et ressuscit\u00e9.\u00a0\u00bb Le v\u00e9ritable ap\u00f4tre \u2013 Pierre, Paul, moi, chacun d&rsquo;entre nous \u2013 peut affirmer que la gr\u00e2ce de Dieu en lui n&rsquo;a pas \u00e9t\u00e9 st\u00e9rile, parce que lui-m\u00eame aura os\u00e9 dire\u00a0: \u00ab\u00a0Alors que j&rsquo;ai \u00e9t\u00e9 pers\u00e9cuteur des chr\u00e9tiens \u2013 ou quoi que ce soit d&rsquo;autre \u2013, le Christ est mort pour MES p\u00e9ch\u00e9s et puisqu&rsquo;il est ressuscit\u00e9, JE n&rsquo;ai plus \u00e0 craindre la mort.\u00a0\u00bb<\/span><\/p>\n<p><span style=\"color: #000000;\">J&rsquo;ai p\u00e9ch\u00e9, pourtant le Seigneur pose son regard sur moi.<\/span><\/p>\n<p><span style=\"color: #000000;\">J&rsquo;ai p\u00e9ch\u00e9, pourtant le Seigneur s&rsquo;adresse \u00e0 moi comme \u00e0 un ami.<\/span><\/p>\n<p><span style=\"color: #000000;\">J&rsquo;ai p\u00e9ch\u00e9, pourtant le Seigneur me pardonne, me r\u00e9concilie et se donne \u00e0 moi dans l&rsquo;eucharistie.<\/span><\/p>\n<p><span style=\"color: #000000;\">J&rsquo;ai p\u00e9ch\u00e9, pourtant le Seigneur m&rsquo;appelle \u00e0 coop\u00e9rer avec lui en tant qu&rsquo;ap\u00f4tre, comme Pierre et Paul, en tant que pape, comme le pape Fran\u00e7ois, en tant que pr\u00eatre, cat\u00e9chiste, parent, grand-parent, chef scout, etc.<\/span><\/p>\n<p><span style=\"color: #000000;\">Nous avons tous vu cette image du pape Fran\u00e7ois. Au d\u00e9but d&rsquo;une c\u00e9l\u00e9bration p\u00e9nitentielle \u00e0 Saint-Pierre-de-Rome, avant de s&rsquo;installer pour entendre les confessions des fid\u00e8les, il s&rsquo;est lui-m\u00eame agenouill\u00e9 pr\u00e8s d&rsquo;un pr\u00eatre pour se confesser. Quel bel exemple\u00a0! Quel bel exemple lorsque les fid\u00e8les savent que leurs pr\u00eatres se confessent, lorsque les enfants savent que leurs parents se confessent.<\/span><\/p>\n<p><span style=\"color: #000000;\">Nous sommes tous faits du m\u00eame bois. Celui qui se croit juste devant Dieu sera toujours tortur\u00e9 par cette question\u00a0: Suis-je assez juste\u00a0? Au moins, suis-je plus juste que la moyenne\u00a0? Celui qui se sait p\u00e9cheur n&rsquo;a plus ce souci\u00a0: il sait qu&rsquo;il n&rsquo;a rien m\u00e9rit\u00e9, mais que tout lui est donn\u00e9 par gr\u00e2ce de Dieu.<\/span><\/p>\n<p><span style=\"color: #000000;\">Alors, fr\u00e8res et s\u0153urs, demandons la gr\u00e2ce d&rsquo;un regard simple, clair et honn\u00eate sur nos vies. Mettons des mots sur ce qui en nous s&rsquo;oppose encore \u00e0 la volont\u00e9 de Dieu. Si n\u00e9cessaire, osons l&rsquo;avouer en confession et recevoir le pardon du Seigneur. Quelle joie sera la n\u00f4tre de pouvoir dire en v\u00e9rit\u00e9 ces mots\u00a0: \u00ab\u00a0Je suis un p\u00e9cheur sur lequel le Seigneur a pos\u00e9 son regard.\u00a0\u00bb<\/span><\/p>\n<p style=\"text-align: right;\"><span style=\"color: #000000;\">Alexandre-Marie Valder\u00a0<\/span><\/p>\n","protected":false},"excerpt":{"rendered":"<p>\u00ab\u00a0Eloigne-toi de moi, Seigneur, car je suis un homme p\u00e9cheur.\u00a0\u00bb Que s&rsquo;est-il pass\u00e9 dans la t\u00eate de Simon \u00e0 ce moment-l\u00e0\u00a0? Il n&rsquo;\u00e9tait sans doute pas tr\u00e8s diff\u00e9rent de nous\u00a0: avait-il r\u00e2l\u00e9 contre Dieu \u00e0 cause de cette nuit de travail inutile\u00a0? En avait-il profit\u00e9, tant qu&rsquo;il \u00e9tait au large, pour crier tous les jurons&hellip; <br \/> <a class=\"read-more\" href=\"https:\/\/paroisses-nancy-sud.fr\/HOME\/je-suis-un-pecheur-sur-lequel-le-seigneur-a-pose-son-regard\/\">Lire la suite<\/a><\/p>\n","protected":false},"author":9,"featured_media":290,"comment_status":"closed","ping_status":"open","sticky":false,"template":"","format":"standard","meta":[],"categories":[9],"tags":[],"acf":[],"_links":{"self":[{"href":"https:\/\/paroisses-nancy-sud.fr\/HOME\/wp-json\/wp\/v2\/posts\/1850"}],"collection":[{"href":"https:\/\/paroisses-nancy-sud.fr\/HOME\/wp-json\/wp\/v2\/posts"}],"about":[{"href":"https:\/\/paroisses-nancy-sud.fr\/HOME\/wp-json\/wp\/v2\/types\/post"}],"author":[{"embeddable":true,"href":"https:\/\/paroisses-nancy-sud.fr\/HOME\/wp-json\/wp\/v2\/users\/9"}],"replies":[{"embeddable":true,"href":"https:\/\/paroisses-nancy-sud.fr\/HOME\/wp-json\/wp\/v2\/comments?post=1850"}],"version-history":[{"count":3,"href":"https:\/\/paroisses-nancy-sud.fr\/HOME\/wp-json\/wp\/v2\/posts\/1850\/revisions"}],"predecessor-version":[{"id":1853,"href":"https:\/\/paroisses-nancy-sud.fr\/HOME\/wp-json\/wp\/v2\/posts\/1850\/revisions\/1853"}],"wp:featuredmedia":[{"embeddable":true,"href":"https:\/\/paroisses-nancy-sud.fr\/HOME\/wp-json\/wp\/v2\/media\/290"}],"wp:attachment":[{"href":"https:\/\/paroisses-nancy-sud.fr\/HOME\/wp-json\/wp\/v2\/media?parent=1850"}],"wp:term":[{"taxonomy":"category","embeddable":true,"href":"https:\/\/paroisses-nancy-sud.fr\/HOME\/wp-json\/wp\/v2\/categories?post=1850"},{"taxonomy":"post_tag","embeddable":true,"href":"https:\/\/paroisses-nancy-sud.fr\/HOME\/wp-json\/wp\/v2\/tags?post=1850"}],"curies":[{"name":"wp","href":"https:\/\/api.w.org\/{rel}","templated":true}]}}