{"id":1884,"date":"2022-02-19T16:37:00","date_gmt":"2022-02-19T15:37:00","guid":{"rendered":"https:\/\/paroisses-nancy-sud.fr\/HOME\/?p=1884"},"modified":"2022-02-19T16:46:09","modified_gmt":"2022-02-19T15:46:09","slug":"annonces-des-paroisses-saint-francois-de-sales-et-sainte-jeanne-de-chantal-du-19-fevrier","status":"publish","type":"post","link":"https:\/\/paroisses-nancy-sud.fr\/HOME\/annonces-des-paroisses-saint-francois-de-sales-et-sainte-jeanne-de-chantal-du-19-fevrier\/","title":{"rendered":"Annonces des paroisses Saint-Fran\u00e7ois-de-Sales et Sainte-Jeanne-de-Chantal du 19 f\u00e9vrier"},"content":{"rendered":"\n<p><strong>\u00a0<\/strong><span style=\"color: #000000;\"><strong>Pastorale des jeunes\u00a0AJC Nancy-Sud : dimanche 20 f\u00e9vrier<\/strong>, les jeunes se retrouvent \u00e0 Ludres l\u2019apr\u00e8s-midi.\u00a0<strong>Le dioc\u00e8se propose un WE \u00e0 Paray le Monial pour les 4<sup>\u00e8mes<\/sup>-3<sup>\u00e8mes<\/sup> et les lyc\u00e9ens -du 11 au 13mars.<\/strong><\/span><\/p>\n<p><span style=\"color: #000000;\"><strong>\u00a0<\/strong><strong>R\u00e9union des EAP de nos paroisses\u00a0: Le jeudi 24 f\u00e9vrier se r\u00e9unit l\u2019EAP de Ste-Jeanne-de-Chantal \u00e0 Ludres \u00e0 14h30 et le jeudi 25 f\u00e9vrier se r\u00e9unit l\u2019EAP de St-Fran\u00e7ois-de-Sales \u00e0 10h \u00e0 Jarville. <\/strong>Car\u00eame, assembl\u00e9e paroissiale, semaine missionnaire seront \u00e0 l\u2019ordre du jour.\u00a0\u00a0<\/span><\/p>\n<p><span style=\"color: #000000;\"><strong>\u00a0<\/strong><strong>Pr\u00e9paration au mariage\u00a0: samedi 26 f\u00e9vrier \u00e0 Ludres \u00e0 14h <\/strong>derni\u00e8re rencontre pour les couples du premier cycle de pr\u00e9paration au mariage<\/span><\/p>\n<p><span style=\"color: #000000;\"><strong>Mercredi des cendres\u00a0: Mercredi 2 mars, mercredi des cendres\u00a0: <\/strong>Messes \u00e0 9h \u00e0 Ludres, 10h \u00e0 Maizi\u00e8res, 18h \u00e0 Heillecourt, 18h30 \u00e0 Neuves-Maisons et 19h \u00e0 Jarville.<\/span><\/p>\n<p><span style=\"color: #000000;\"><strong>R\u00e9collection avant appel d\u00e9cisif\u00a0: Le 26\/02\/2022\u00a0de 09h15 \u00e0 16h00<\/strong> au Centre spirituel dioc\u00e9sain, 10 rue du Carmel, Nancy<\/span><\/p>\n<p><span style=\"color: #000000;\">Un temps de rencontre\u00a0des cat\u00e9chum\u00e8nes adultes et adolescents avant l&rsquo;appel d\u00e9cisif, et un temps d&rsquo;\u00e9change avec notre \u00e9v\u00eaque,\u00a0Monseigneur Jean-Louis Papin : deux adultes Claude et Anna\u00eblle de nos paroisses et Kelya une ado y participeront.<\/span><\/p>\n<p><span style=\"color: #000000;\"><strong>Messe des familles, temps fort cat\u00e9 et \u2018\u2019cat\u00e9 parents\u2019\u2019\u00a0: Le dimanche 6 mars, \u00e0 Neuves-Maisons <\/strong>messe des familles suivie d\u2019un temps fort cat\u00e9. <strong>Il est propos\u00e9 aux parents de venir de 15h \u00e0 16h pour un temps sp\u00e9cialement pour eux\u00a0: <\/strong>un temps d\u00e9contract\u00e9 pour \u00e9changer sur les fondamentaux de notre foi, temps anim\u00e9 par un de nos pr\u00eatres.<\/span><\/p>\n<p><span style=\"color: #000000;\"><strong>Assembl\u00e9e paroissiale\u00a0: <\/strong>Notre dioc\u00e8se nous demande \u00e0 tous<strong>, de participer au discernement de ce que Dieu veut pour son Eglise.<\/strong> R\u00e9fl\u00e9chir \u00e0 ce <strong>qui serait bon pour le Peuple de Dieu, ici, sur notre territoire<\/strong>, afin que la mission de l\u2019Eglise (annoncer, c\u00e9l\u00e9brer, servir) se poursuive, et en essayant de tenir ensemble \u2018\u2019h\u00e9ritage\u2019\u2019 et \u2018\u2019audace\u2019\u2019.<\/span><\/p>\n<p style=\"text-align: left;\"><span style=\"color: #000000;\"><strong>Quatre th\u00e8mes<\/strong> sont propos\u00e9s\u00a0\u00e0 la r\u00e9flexion :<\/span><\/p>\n<ul>\n<li style=\"text-align: left;\"><span style=\"color: #000000;\">Les fraternit\u00e9s missionnaires locales\u00a0: faire \u00e9merger des lieux o\u00f9 des chr\u00e9tiens se r\u00e9unissent<\/span><\/li>\n<li style=\"text-align: left;\"><span style=\"color: #000000;\">Des lieux sources avec une \u00e9glise-m\u00e8re et une \u00e9quipe pastorale<\/span><\/li>\n<li style=\"text-align: left;\"><span style=\"color: #000000;\">Le souci de la proximit\u00e9\u00a0!<\/span><\/li>\n<li style=\"text-align: left;\"><span style=\"color: #000000;\">La place des sacrements<\/span><\/li>\n<\/ul>\n<p><span style=\"color: #000000;\">Pour que chacun puisse partager ses id\u00e9es, rendez-vous\u00a0<strong>: Le samedi 26 f\u00e9vrier de 10h \u00e0 12h \u00e0 Jarville pour Saint-Fran\u00e7ois-de-Sales. <\/strong>Merci de r\u00e9server la date pour consacrer un peu de temps \u00e0 cette r\u00e9flexion\u00a0!<\/span><\/p>\n<p><span style=\"color: #000000;\"><strong>Participer \u00e0 la consultation sur la synodalit\u00e9 en Eglise\u00a0: <\/strong><strong>Chacun est appel\u00e9 \u00e0 participer \u00e0 cette consultation<\/strong>. Il reste encore quelques semaines pour le faire. Vous trouvez toujours des feuillets guides au fond des \u00e9glises et v<strong>ous trouverez une bo\u00eete au fond de chaque \u00e9glise pour y glisser vos r\u00e9ponses. <\/strong>ou\u00a0: p<em>ar mail\u00a0:<\/em> synode2023@catholique-nancy.fr ou p<em>ar courrier<\/em>\u00a0: Synode 2023 Domaine de l\u2019Asn\u00e9e 11 rue de Laxou CS 10091 54603 VILLERS les Nancy<\/span><\/p>\n<p><span style=\"color: #000000;\"><strong>Nous vous proposons de prendre le temps de r\u00e9pondre \u00e0 ces questions simples\u00a0: <\/strong><\/span><\/p>\n<ul>\n<li><span style=\"color: #000000;\">Dans notre v\u00e9cu d\u2019Eglise (en paroisse, en dioc\u00e8se\u2026) \u00e0 quelles exp\u00e9riences de \u2018\u2019marcher ensemble \u2018\u2019 pensons-nous\u00a0? Des exp\u00e9riences positives\u00a0? Des exp\u00e9riences avec des blessures\u00a0?<\/span><\/li>\n<li><span style=\"color: #000000;\">Qu\u2019est-ce que l\u2019Esprit est en train de nous demander aujourd\u2019hui\u00a0?<\/span><\/li>\n<li><span style=\"color: #000000;\">Quels changements \u00e0 confirmer\u00a0? Quels nouveaux pas \u00e0 franchir\u00a0?<\/span><\/li>\n<li>\u00a0<\/li>\n<li><span style=\"color: #000000;\"><strong>Horaires des messes dominicales des 26 et 27 f\u00e9vrier 2022\u00a0:<\/strong><\/span><\/li>\n<li><span style=\"color: #000000;\"><strong>Samedi 26 f\u00e9vrier<\/strong>: <strong>18h <\/strong>Heillecourt, Laneuveville,\u00a0Bainville<\/span><\/li>\n<li><span style=\"color: #000000;\"><strong>Dimanche 27 f\u00e9vrier <\/strong>:<strong>10h <\/strong>Flavigny, Fl\u00e9ville\u00a0;<strong> 10h30 <\/strong>Jarville<strong>,<\/strong> Neuves -Maisons<\/span><\/li>\n<\/ul>\n<p><span style=\"color: #000000;\"><strong>\u00a0<\/strong><strong>Autres<\/strong><strong> Annonces<\/strong><\/span><\/p>\n<p><span style=\"color: #000000;\"><strong>Parcours \u2018\u2019Alpha Campus\u2019\u2019 \u00e0 Nancy pour les 18-25 ans\u00a0: Premi\u00e8re soir\u00e9e, lundi 21 f\u00e9vrier de 20h \u00e0 22h, 6 rue de Guise, Nancy <\/strong>avec le Service des Jeunes du dioc\u00e8se. Il s&rsquo;adresse \u00e0 toute personne simplement curieuse de conna\u00eetre la foi chr\u00e9tienne. Climat convivial, une pr\u00e9sentation dynamique des \u00ab\u00a0piliers\u00a0\u00bb de la foi chr\u00e9tienne (qui est J\u00e9sus ? pourquoi est-il mort ? comment vivre libre ?), et un temps d&rsquo;\u00e9change en petits groupes. Huit \u00a0rencontres chaque <strong>lundi du 21 f\u00e9vrier au 11 avril <\/strong>2022\u00a0<strong>de 20h \u00e0 22h<\/strong>. N\u2019h\u00e9sitez pas \u00e0 partager autour de vous cette initiative. Inscription\u00a0: \u00a0<strong>coursalpha54@hotmail.fr\u00a0ou au 06 95 39 19 74.<\/strong>\u00a0<\/span><\/p>\n<p><span style=\"color: #000000;\"><strong>\u00a0<\/strong><strong>Alpha couple\u00a0: Huit diners <\/strong>(un lundi sur deux, en soir\u00e9e de f\u00e9vrier \u00e0 mai\u00a02022) en t\u00eate \u00e0 t\u00eate pour prendre soin de notre couple avec des animateurs qui aident \u00e0 ouvrir le dialogue sur diff\u00e9rents th\u00e8mes <strong>Du 21\/02\/2022au 30\/05\/2022<\/strong><strong>\u00a0\u00e0<\/strong><strong> 19h30 <\/strong><strong>salle Notre-Dame des Anges <\/strong>(\u00e0 St L\u00e9on)<strong> Contact <\/strong><a style=\"color: #000000;\" href=\"mailto:lisethessa@hotmail.com\">Anne-Lise P\u00e9lissier<\/a>\u00a0<strong>: <\/strong>0671173230 Pour Couples mari\u00e9s ou non\u00a0: <strong>Th\u00e8mes\u00a0<\/strong>: Poser de bons fondements\u00a0\/ L\u2019art de la communication\/ La r\u00e9solution des conflits\u00a0\/ La puissance du pardon\u00a0\/ L\u2019impact de la famille et de son histoire\/ Une sexualit\u00e9 de couple \u00e9panouie\u00a0\/ Donner et recevoir de l\u2019amour\/<\/span><\/p>\n<p><span style=\"color: #000000;\"><strong>\u00a0<\/strong><strong>Trouver Dieu dans ma vie\u00a0: Une proposition sur plusieurs dates\u00a0: Le 26\/02\/2022\u00a0de 10h00\u00e0 11h30 au Centre spirituel dioc\u00e9sain<\/strong>, 10 rue du Carmel, Nancy <strong>T\u00e9l\u00e9phone <\/strong>03 83 97 11 32. <strong>Cinq rencontres\u00a0: <\/strong>Des<strong> temps de pri\u00e8re personnelle r\u00e9guliers. Des rencontres avec un a<\/strong><strong>ccompagnateur\u00a0\u00e0 partir du <\/strong>samedis 26 f\u00e9vrier (1 fois par mois)<\/span><\/p>\n<p><span style=\"color: #000000;\"><strong>\u00a0<\/strong><strong>Concerts lectures \u00e0 l&rsquo;\u00e9glise Saint-Pierre de Nancy.:\u00a0<\/strong><strong>Les dimanches 20 et 27 f\u00e9vrier 2022 \u00e0 16h30<\/strong> \u00e0 \u00c9glise Saint-Pierre, Nancy\u00a0: ouvert \u00e0 tous.<\/span><\/p>\n<p><span style=\"color: #000000;\"><strong>\u00a0<\/strong><strong>Marche des vocations\u00a0: Le samedi 5 mars\u00a0:<\/strong> p\u00e8lerinage du secteur pastoral de Nancy <strong>pour demander des pr\u00eatres dont notre dioc\u00e8se a besoin<\/strong>\u00a0: d\u00e9part \u00e0 la cath\u00e9drale de Nancy \u00e0 13h et retour en bus \u00e0 St Nicolas \u00e0 17h30. S\u2019inscrire aupr\u00e8s de David Vaimbois 6 rue des loups \u00e0 Nancy.<\/span><\/p>\n<p><span style=\"color: #000000;\"><strong>Journ\u00e9e de pri\u00e8re pour les victimes de violence, d\u2019agressions sexuelles et d\u2019abus. : <\/strong>Mise en place l\u2019ann\u00e9e derni\u00e8re en mars 2021 par les \u00e9v\u00eaques fran\u00e7ais, la Journ\u00e9e de Pri\u00e8re consacr\u00e9e aux victimes de violences et agressions sexuelles et d\u2019abus de pouvoir et de conscience se <strong>d\u00e9roulera le vendredi 18 mars 2022 dans les dioc\u00e8ses de France.\u00a0<\/strong><\/span><\/p>\n<p><span style=\"color: #000000;\"><strong>Une cellule d&rsquo;\u00e9coute dioc\u00e9saine est ouverte<\/strong>\u00a0pour toutes les personnes victimes d\u2019abus sexuels commis par des membres de l\u2019\u00c9glise catholique en Meurthe-et-Moselle. Compos\u00e9e de cinq membres (dont une psychiatre, un juriste et un m\u00e9decin), elle est orient\u00e9e vers l&rsquo;accompagnement et l&rsquo;\u00e9coute des personnes victimes et de leurs proches, dans la bienveillance et la confidentialit\u00e9. Elle a \u00e9t\u00e9 mise en place en novembre 2016.<\/span><\/p>\n<p><span style=\"color: #000000;\">Si vous \u00eates une personne victime ou un proche, vous pouvez prendre contact avec cette cellule :<\/span><\/p>\n<p><span style=\"color: #000000;\">Par\u00a0mail\u00a0:\u00a0<a style=\"color: #000000;\" href=\"mailto:cellule.ecoute@catholique-nancy.fr\">cellule.ecoute@catholique-nancy.fr<\/a><strong> o<\/strong>u par\u00a0courrier postal\u00a0:\u00a0<strong>Cellule d&rsquo;\u00e9coute du dioc\u00e8se de Nancy et de Toul, 6 rue Girardet 5400<\/strong><\/span><\/p>\n","protected":false},"excerpt":{"rendered":"<p>\u00a0Pastorale des jeunes\u00a0AJC Nancy-Sud : dimanche 20 f\u00e9vrier, les jeunes se retrouvent \u00e0 Ludres l\u2019apr\u00e8s-midi.\u00a0Le dioc\u00e8se propose un WE \u00e0 Paray le Monial pour les 4\u00e8mes-3\u00e8mes et les lyc\u00e9ens -du 11 au 13mars. \u00a0R\u00e9union des EAP de nos paroisses\u00a0: Le jeudi 24 f\u00e9vrier se r\u00e9unit l\u2019EAP de Ste-Jeanne-de-Chantal \u00e0 Ludres \u00e0 14h30 et le jeudi&hellip; <br \/> <a class=\"read-more\" href=\"https:\/\/paroisses-nancy-sud.fr\/HOME\/annonces-des-paroisses-saint-francois-de-sales-et-sainte-jeanne-de-chantal-du-19-fevrier\/\">Lire la suite<\/a><\/p>\n","protected":false},"author":6,"featured_media":553,"comment_status":"closed","ping_status":"open","sticky":false,"template":"","format":"standard","meta":[],"categories":[7],"tags":[],"acf":[],"_links":{"self":[{"href":"https:\/\/paroisses-nancy-sud.fr\/HOME\/wp-json\/wp\/v2\/posts\/1884"}],"collection":[{"href":"https:\/\/paroisses-nancy-sud.fr\/HOME\/wp-json\/wp\/v2\/posts"}],"about":[{"href":"https:\/\/paroisses-nancy-sud.fr\/HOME\/wp-json\/wp\/v2\/types\/post"}],"author":[{"embeddable":true,"href":"https:\/\/paroisses-nancy-sud.fr\/HOME\/wp-json\/wp\/v2\/users\/6"}],"replies":[{"embeddable":true,"href":"https:\/\/paroisses-nancy-sud.fr\/HOME\/wp-json\/wp\/v2\/comments?post=1884"}],"version-history":[{"count":1,"href":"https:\/\/paroisses-nancy-sud.fr\/HOME\/wp-json\/wp\/v2\/posts\/1884\/revisions"}],"predecessor-version":[{"id":1885,"href":"https:\/\/paroisses-nancy-sud.fr\/HOME\/wp-json\/wp\/v2\/posts\/1884\/revisions\/1885"}],"wp:featuredmedia":[{"embeddable":true,"href":"https:\/\/paroisses-nancy-sud.fr\/HOME\/wp-json\/wp\/v2\/media\/553"}],"wp:attachment":[{"href":"https:\/\/paroisses-nancy-sud.fr\/HOME\/wp-json\/wp\/v2\/media?parent=1884"}],"wp:term":[{"taxonomy":"category","embeddable":true,"href":"https:\/\/paroisses-nancy-sud.fr\/HOME\/wp-json\/wp\/v2\/categories?post=1884"},{"taxonomy":"post_tag","embeddable":true,"href":"https:\/\/paroisses-nancy-sud.fr\/HOME\/wp-json\/wp\/v2\/tags?post=1884"}],"curies":[{"name":"wp","href":"https:\/\/api.w.org\/{rel}","templated":true}]}}