{"id":1896,"date":"2022-02-22T11:26:09","date_gmt":"2022-02-22T10:26:09","guid":{"rendered":"https:\/\/paroisses-nancy-sud.fr\/HOME\/?p=1896"},"modified":"2022-02-22T11:26:09","modified_gmt":"2022-02-22T10:26:09","slug":"se-convertir-changer-de-tournure-desprit-de-referentiel-vivre-selon-la-loi-du-royaume-des-cieux","status":"publish","type":"post","link":"https:\/\/paroisses-nancy-sud.fr\/HOME\/se-convertir-changer-de-tournure-desprit-de-referentiel-vivre-selon-la-loi-du-royaume-des-cieux\/","title":{"rendered":"Se convertir, changer de tournure d&rsquo;esprit, de r\u00e9f\u00e9rentiel, vivre selon la loi du royaume des cieux.\u00a0"},"content":{"rendered":"\n<p><span style=\"color: #000000;\">Comme chaque dimanche, l&rsquo;Evangile et la premi\u00e8re lecture consonent. David, pourtant loyal serviteur du roi Sa\u00fcl et ami du prince Jonathan, doit s&rsquo;enfuir et se cacher car le roi Sa\u00fcl le poursuit d&rsquo;une haine jalouse. Et voil\u00e0 que, providentiellement, Sa\u00fcl est \u00e0 la merci de David, qui pourrait d&rsquo;un geste tuer son pers\u00e9cuteur et devenir roi \u00e0 sa place. Abisha\u00ef, le lieutenant de David, se fait\u00a0 la voix de la justice et de la raison\u00a0: Sa\u00fcl en veut \u00e0 ta vie, et le voil\u00e0 \u00e0 ta merci, saisis cette chance\u00a0!<\/span><\/p>\n<p><span style=\"color: #000000;\">David, lui, discerne au contraire une occasion d&rsquo;aller plus loin. \u00ab\u00a0Soyez mis\u00e9ricordieux comme votre P\u00e8re est mis\u00e9ricordieux\u00a0\u00bb, dira J\u00e9sus mille ans plus tard. A d&rsquo;autres moments de sa vie, David aura de nouvelles occasions d&rsquo;agir selon la logique de Dieu\u00a0: il en saisira certaines et en manquera d&rsquo;autres.<\/span><\/p>\n<p><span style=\"color: #000000;\">3000 ans apr\u00e8s David, il en est de m\u00eame pour nous\u00a0: n&rsquo;est-il pas vrai que nos journ\u00e9es sont sem\u00e9es d&rsquo;occasions d&rsquo;entrer ou non dans la logique de Dieu\u00a0? C&rsquo;est parfois une alternative entre le mal et le bien, mais plus fondamentalement entre le bien et le mieux, entre le terrestre et le c\u00e9leste, entre la logique d&rsquo;Abisha\u00ef et la logique du P\u00e8re.<\/span><\/p>\n<p><span style=\"color: #000000;\">Abisha\u00ef n&rsquo;est pas un homme mauvais. Il a simplement l&rsquo;esprit limit\u00e9 \u00e0 des calculs humains. Aujourd&rsquo;hui, il conseille \u00e0 David de se d\u00e9barrasser de son rival pour prendre le pouvoir. Dans quelques ann\u00e9es, il voudra passer au fil de l&rsquo;\u00e9p\u00e9e le d\u00e9nomm\u00e9 Shime\u00ef qui insulte et maudit David alors qu&rsquo;il passe devant chez lui.<\/span><\/p>\n<p><span style=\"color: #000000;\">Cette logique d&rsquo;Abisha\u00ef, logique humaine, sera celle des Pharisiens qui reprocheront \u00e0 J\u00e9sus de gu\u00e9rir le jour du sabbat alors qu&rsquo;il pourrait faire patienter un infirme jusqu&rsquo;au lendemain. Ce sera la logique de Ca\u00efphe\u00a0: \u00ab\u00a0Il vaut mieux qu\u2019un seul homme meure pour le peuple, et que l\u2019ensemble de la nation ne p\u00e9risse pas.\u00a0\u00bb Ce sera encore la logique de Pierre qui refuse que J\u00e9sus souffre la passion, et aussi celle de Judas qui reproche \u00e0 Marie de g\u00e2cher du parfum.<\/span><\/p>\n<p><span style=\"color: #000000;\">Et nous\u00a0? Combien de fois nous arrive-t-il de juger avec \u00e9troitesse et pusillanimit\u00e9\u00a0? C&rsquo;est bien beau l&rsquo;Evangile, mais je ne vais quand m\u00eame pas me laisser faire\u00a0! Les affaires sont les affaires\u00a0! Ce n&rsquo;est pas un mensonge, juste une autre mani\u00e8re d&rsquo;aborder les faits. Je pardonne, mais je n&rsquo;oublie rien. \u00ab\u00a0Si je suis trop doux, on pensera que je suis stupide, que je suis idiot ou faible.\u00a0\u00bb Ou enfin ces quelques mots qui faisaient fulminer L\u00e9on Bloy \u2013 il est vrai qu&rsquo;il en fallait peu pour faire fulminer L\u00e9on Bloy \u2013\u00a0: \u00ab\u00a0Dieu n&rsquo;en demande pas tant\u00a0!\u00a0\u00bb<\/span><\/p>\n<p><span style=\"color: #000000;\">Je vais vous choquer. Le Ciel n&rsquo;est pas pour les gens honn\u00eates, pour les gens gentils, lisses et dans les clous. Le Ciel n&rsquo;est pas pour ceux qui enterrent leur talent mais pour ceux qui le risquent\u00a0: \u00ab\u00a0Je pr\u00e9f\u00e8re, \u00e9crivait d\u00e9j\u00e0 le pape Fran\u00e7ois en 2013, une \u00c9glise accident\u00e9e, bless\u00e9e et sale pour \u00eatre sortie par les chemins, plut\u00f4t qu\u2019une \u00c9glise malade de la fermeture et du confort de s\u2019accrocher \u00e0 ses propres s\u00e9curit\u00e9s. [\u2026] Plus que la peur de se tromper j\u2019esp\u00e8re que nous anime la peur de nous renfermer.\u00a0\u00bb<\/span><\/p>\n<p><span style=\"color: #000000;\">J\u00e9sus nous bouscule\u00a0: \u00ab\u00a0Si vous aimez ceux qui vous aiment, quelle reconnaissance m\u00e9ritez-vous\u00a0? M\u00eame les p\u00e9cheurs aiment ceux qui les aiment.\u00a0\u00bb Combien de fois ai-je entendu cela\u00a0! \u00ab\u00a0Oui, les chr\u00e9tiens font telle chose, mais je connais des incroyants qui en font autant et m\u00eame plus, alors franchement, \u00e0 quoi \u00e7a sert de croire en Dieu\u00a0?\u00a0\u00bb ou encore \u00ab\u00a0Quand on voit ce que fait Untel, c&rsquo;est bien la peine qu&rsquo;il aille \u00e0 la messe\u00a0!\u00a0\u00bb Si la diff\u00e9rence avec les pa\u00efens est si t\u00e9nue, sommes-nous encore disciples de J\u00e9sus\u00a0? Je ne suis pas en reste\u00a0: un jour que je me r\u00e9jouissais de profiter d&rsquo;une journ\u00e9e de repos apr\u00e8s avoir fait telle et telle chose dans la paroisse, je me suis entendu r\u00e9pondre que c&rsquo;\u00e9tait plus digne d&rsquo;un employ\u00e9 de mairie que d&rsquo;un p\u00e8re de famille.<\/span><\/p>\n<p><span style=\"color: #000000;\">Voil\u00e0 pour la logique d&rsquo;Abisha\u00ef. Et la logique du P\u00e8re alors\u00a0?<\/span><\/p>\n<p><span style=\"color: #000000;\">C&rsquo;est celle que nous d\u00e9crit J\u00e9sus dans l&rsquo;Evangile\u00a0: se convertir, changer de tournure d&rsquo;esprit, de r\u00e9f\u00e9rentiel, vivre selon la loi du royaume des cieux.\u00a0 Devant Dieu, nous ne sommes ni des soumis, ni des insoumis, mais des amis. \u00ab\u00a0Je vous appelle mes amis, nous dit J\u00e9sus, car tout ce que j\u2019ai entendu de mon P\u00e8re, je vous l\u2019ai fait conna\u00eetre.\u00a0\u00bb<\/span><\/p>\n<p><span style=\"color: #000000;\">Qu&rsquo;est-ce que l&rsquo;amiti\u00e9 vraie\u00a0? Une sentence latine le dit joliment\u00a0: \u00ab\u00a0<em>idem velle, idem nolle<\/em>\u00a0: s&rsquo;accorder dans ce que l&rsquo;on veut et dans ce que l&rsquo;on r\u00e9prouve\u00a0\u00bb C&rsquo;est en nous attachant \u00e0 vouloir ce que Dieu veut et \u00e0 r\u00e9prouver ce qu&rsquo;il r\u00e9prouve que nous deviendrons de plus en plus semblables \u00e0 lui, quittant la logique terrestre d&rsquo;Abisha\u00ef pour la logique c\u00e9leste\u00a0: \u00ab\u00a0De m\u00eame, dit saint Paul, que nous aurons \u00e9t\u00e9 \u00e0 l&rsquo;image de celui qui est fait d&rsquo;argile, de m\u00eame nous serons \u00e0 l&rsquo;image de celui qui vient du ciel.\u00a0\u00bb<\/span><\/p>\n<p><span style=\"color: #000000;\">\u00ab\u00a0Aimez vos ennemis, faites du bien et pr\u00eatez sans rien esp\u00e9rer en retour.\u00a0\u00bb En ce d\u00e9but de XXI<sup>e <\/sup>si\u00e8cle, nous \u00e9prouvons douloureusement la disjonction croissante entre la logique du monde et la logique de Dieu. Ce qui est sens\u00e9 selon Dieu est absurde aux yeux du monde. Ceux que le monde regarde comme faibles et fous sont pr\u00e9cis\u00e9ment ceux que Dieu a choisis. Ce qui est intol\u00e9rable aux yeux du monde \u2013 d\u00e9fendre les enfants \u00e0 na\u00eetre, les infirmes, les migrants, promouvoir le silence, la sobri\u00e9t\u00e9 de vie, l&rsquo;humilit\u00e9 \u2013 est indispensable pour entrer dans le Royaume.<\/span><\/p>\n<p><span style=\"color: #000000;\">Le bon grain du Royaume et l&rsquo;ivraie sem\u00e9e par le mauvais poussent ensemble, et le contraste entre eux est chaque jour plus accus\u00e9. Que cela ne nous d\u00e9courage pas\u00a0! Prions au contraire pour tous ceux \u2013 dont nous sommes \u2013 qui sont encore prisonniers de cette logique \u00e9troite, afin que leurs yeux s&rsquo;ouvrent, qu&rsquo;ils voient dans quelle impasse ils s&rsquo;enferrent et entrent \u00e0 leur tour dans la logique du P\u00e8re.<\/span><\/p>\n<p style=\"text-align: right;\"><span style=\"color: #000000;\">Alexandre-Marie,pr\u00eatre<\/span><\/p>\n","protected":false},"excerpt":{"rendered":"<p>Comme chaque dimanche, l&rsquo;Evangile et la premi\u00e8re lecture consonent. David, pourtant loyal serviteur du roi Sa\u00fcl et ami du prince Jonathan, doit s&rsquo;enfuir et se cacher car le roi Sa\u00fcl le poursuit d&rsquo;une haine jalouse. Et voil\u00e0 que, providentiellement, Sa\u00fcl est \u00e0 la merci de David, qui pourrait d&rsquo;un geste tuer son pers\u00e9cuteur et devenir&hellip; <br \/> <a class=\"read-more\" href=\"https:\/\/paroisses-nancy-sud.fr\/HOME\/se-convertir-changer-de-tournure-desprit-de-referentiel-vivre-selon-la-loi-du-royaume-des-cieux\/\">Lire la suite<\/a><\/p>\n","protected":false},"author":9,"featured_media":290,"comment_status":"closed","ping_status":"open","sticky":false,"template":"","format":"standard","meta":[],"categories":[9],"tags":[],"acf":[],"_links":{"self":[{"href":"https:\/\/paroisses-nancy-sud.fr\/HOME\/wp-json\/wp\/v2\/posts\/1896"}],"collection":[{"href":"https:\/\/paroisses-nancy-sud.fr\/HOME\/wp-json\/wp\/v2\/posts"}],"about":[{"href":"https:\/\/paroisses-nancy-sud.fr\/HOME\/wp-json\/wp\/v2\/types\/post"}],"author":[{"embeddable":true,"href":"https:\/\/paroisses-nancy-sud.fr\/HOME\/wp-json\/wp\/v2\/users\/9"}],"replies":[{"embeddable":true,"href":"https:\/\/paroisses-nancy-sud.fr\/HOME\/wp-json\/wp\/v2\/comments?post=1896"}],"version-history":[{"count":1,"href":"https:\/\/paroisses-nancy-sud.fr\/HOME\/wp-json\/wp\/v2\/posts\/1896\/revisions"}],"predecessor-version":[{"id":1897,"href":"https:\/\/paroisses-nancy-sud.fr\/HOME\/wp-json\/wp\/v2\/posts\/1896\/revisions\/1897"}],"wp:featuredmedia":[{"embeddable":true,"href":"https:\/\/paroisses-nancy-sud.fr\/HOME\/wp-json\/wp\/v2\/media\/290"}],"wp:attachment":[{"href":"https:\/\/paroisses-nancy-sud.fr\/HOME\/wp-json\/wp\/v2\/media?parent=1896"}],"wp:term":[{"taxonomy":"category","embeddable":true,"href":"https:\/\/paroisses-nancy-sud.fr\/HOME\/wp-json\/wp\/v2\/categories?post=1896"},{"taxonomy":"post_tag","embeddable":true,"href":"https:\/\/paroisses-nancy-sud.fr\/HOME\/wp-json\/wp\/v2\/tags?post=1896"}],"curies":[{"name":"wp","href":"https:\/\/api.w.org\/{rel}","templated":true}]}}