{"id":1901,"date":"2022-02-26T19:03:38","date_gmt":"2022-02-26T18:03:38","guid":{"rendered":"https:\/\/paroisses-nancy-sud.fr\/HOME\/?p=1901"},"modified":"2022-02-26T19:03:38","modified_gmt":"2022-02-26T18:03:38","slug":"annonces-des-paroisses-saint-francois-de-sales-et-sainte-jeanne-de-chantal-du-26-fevrier","status":"publish","type":"post","link":"https:\/\/paroisses-nancy-sud.fr\/HOME\/annonces-des-paroisses-saint-francois-de-sales-et-sainte-jeanne-de-chantal-du-26-fevrier\/","title":{"rendered":"Annonces des paroisses Saint-Fran\u00e7ois-de-Sales et Sainte-Jeanne-de-Chantal du 26 f\u00e9vrier"},"content":{"rendered":"\n<p class=\"Normal tm22\"><span style=\"color: #000000;\"><strong><span class=\"tm23\">R\u00e9collection avant appel d\u00e9cisif, scrutin : <br \/><\/span><\/strong><strong><span class=\"tm26\">Le 26\/02\/2022<\/span><span class=\"tm26\">\u00a0<\/span><span class=\"tm26\">de 09h15 \u00e0 16h00<\/span><\/strong><span class=\"tm25\"> au <\/span><span class=\"tm25\">Centre spirituel dioc\u00e9sain, 10 rue du Carmel, Nancy. <\/span><span class=\"tm25\">Un temps de rencontre\u00a0des cat\u00e9chum\u00e8nes adultes et adolescents avant l&rsquo;appel d\u00e9cisif, et un temps d&rsquo;\u00e9change avec notre \u00e9v\u00eaque,\u00a0Monseigneur Jean-Louis Papin : deux adultes Claude et Anna\u00eblle de nos paroisses y participeront. <br \/><\/span><span class=\"tm25\">Kelya\u00a0vivra l\u2019\u00e9tape du \u2018\u2019<\/span><strong><span class=\"tm26\">scrutin\u2019\u2019 le dimanche 6 mars \u00e0 Jarville.<\/span><\/strong><\/span><\/p>\n<p class=\"Normal\"><span style=\"color: #000000;\"><strong><span class=\"tm28\">Mercredi des cendres : <\/span><\/strong><strong><span class=\"tm30\">Mercredi 2 mars,<\/span> <\/strong><span class=\"tm29\">Messes \u00e0 9h \u00e0 Ludres, 10h \u00e0 Maizi\u00e8res, 18h \u00e0 Heillecourt, 18h30 \u00e0 Neuves-Maisons et 19h \u00e0 Jarville.<\/span><\/span><\/p>\n<p class=\"Normal\"><span style=\"color: #000000;\"><strong><span class=\"tm28\">Propositions pour le car\u00eame:\u00a0<br \/><\/span><\/strong><span class=\"tm32\">\u00a0\u00a0 &#8211; <\/span><strong><span class=\"tm30\">\u00ab Caf\u00e9-\u00c9vangile- \u00e9change \u00bb :<br \/><\/span><\/strong><strong><span class=\"tm30\">Et si j\u2019osais faire d\u00e9couvrir l\u2019\u00c9vangile l\u00e0 o\u00f9 je suis<\/span><\/strong><span class=\"tm29\"> ? Dans mon r\u00e9seau de connaissances, dans mon quartier, dans ma famille\u00a0? Sous la forme qui me semble la meilleure, avec l\u2019\u00c9vangile du jour ou du dimanche qui suit. Pourquoi pas chaque semaine de ce temps de car\u00eame\u00a0? <br \/><\/span><span class=\"tm29\">Lancez-vous, parlez-en autour de vous, dites-nous o\u00f9 vous en \u00eates, par exemple aux coordinatrices ou aux pr\u00eatres de la paroisse. <\/span><\/span><\/p>\n<p class=\"Paragraphedeliste tm31\"><span style=\"color: #000000;\"><span class=\"tm32\">\u00a0&#8211;\u00a0 <\/span><strong><span class=\"tm30\">Chemin de croix \u00e0 Heillecourt \u00e0 15h<\/span><\/strong><span class=\"tm29\"> tous les vendredis de car\u00eame d\u00e8s le <\/span><strong><span class=\"tm30\">4 mars <\/span><\/strong><\/span><\/p>\n<p class=\"Paragraphedeliste tm31\"><span style=\"color: #000000;\"><span class=\"tm32\">\u00a0&#8211;\u00a0 <\/span><strong><span class=\"tm30\">L\u2019\u00e9quipe CCFD organise <\/span><\/strong><span class=\"tm29\">des soir\u00e9es autour du th\u00e8me \u2018<\/span><em><span class=\"tm35\">\u2019Nous habitons tous la m\u00eame maison\u2019\u2019<\/span><\/em><span class=\"tm29\"> les mardis <\/span><strong><span class=\"tm30\">8, 15, 22 et 29 mars \u00e0 20h30 \u00e0 Ludres<\/span><\/strong><span class=\"tm29\"> et propose le livret sur le m\u00eame th\u00e8me.<\/span><\/span><\/p>\n<p class=\"Paragraphedeliste tm31\"><span style=\"color: #000000;\"><strong><span class=\"tm36\">\u00a0&#8211;\u00a0 <\/span><span class=\"tm30\">Solidarit\u00e9\u00a0:<br \/><\/span><\/strong><span class=\"tm38\">o <\/span><span class=\"tm29\">Collecte au fond de nos \u00e9glises,<\/span><strong><span class=\"tm30\"> produits d\u2019hygi\u00e8ne et d\u2019alimentation.<br \/><\/span><\/strong><span class=\"tm39\">o <\/span><span class=\"tm29\">Vente des <\/span><strong><span class=\"tm30\">\u0153ufs de P\u00e2ques<\/span><\/strong><span class=\"tm29\"> pour l\u2019association dioc\u00e9saine : \u00e0 Jarville, Laneuveville et Fl\u00e9ville le 27 mars. A Sainte-Jeanne-de-Chantal prendre contact avec Marie-Th\u00e9r\u00e8se St\u00e9venin \u00e0 Heillecourt ou Odette Prado \u00e0 Flavigny. Les b\u00e9n\u00e9fices de cette vente servent \u00e0 indemniser les aum\u00f4niers des mouvements et \u00e0 subvenir \u00e0 leurs frais de fonction. Une partie est aussi vers\u00e9e \u00e0 l\u2019Association dioc\u00e9saine de Nancy. <\/span><\/span><\/p>\n<p class=\"Paragraphedeliste tm33 tm31\"><span style=\"color: #000000;\"><span class=\"tm32\">\u00a0&#8211;\u00a0 <\/span><strong><span class=\"tm30\">Joie du pardon : le samedi 9 avril \u00e0 l\u2019\u00e9glise de Jarville de 14h \u00e0 17h00 <\/span><\/strong><span class=\"tm29\">une apr\u00e8s-midi sur la joie du pardon pour les adultes, les jeunes et les enfants\u00a0: vid\u00e9o, partage, puis \u00e0 16h c\u00e9l\u00e9bration du pardon, moment convivial. <\/span><\/span><\/p>\n<p class=\"paragraphedeliste tm40\"><span style=\"color: #000000;\"><span class=\"tm42\">\u00a0&#8211;\u00a0 <\/span><strong><span class=\"tm26\">Et aussi des propositions de retraite par mail ou sur internet : <br \/><\/span><\/strong><span class=\"tm45\">o <\/span><span class=\"tm25\">Pour les plus jeunes\u00a0: <\/span><span class=\"tm25\">avec Th\u00e9obule :\u00a0<\/span><u><a style=\"color: #000000;\" href=\"https:\/\/www.theobule.org\/careme-et-semaine-sainte\"><span class=\"tm46\">theobule.org<\/span><\/a><\/u><\/span><\/p>\n<p class=\"normal tm43\"><span style=\"color: #000000;\"><span class=\"tm45\">o <\/span><span class=\"tm25\">Pour les adultes : <br \/><\/span><span class=\"tm48\">\u00a7 <\/span><em><span class=\"tm49\">Avec les Carmes<\/span><\/em> <span class=\"tm25\">:\u00a0<\/span><span class=\"tm25\"><a style=\"color: #000000;\" href=\"https:\/\/retraites.carmes-paris.org\/\">carmes-paris.org<\/a><br \/><\/span><span class=\"tm48\">\u00a7 <\/span><em><span class=\"tm49\">Avec Prions<\/span><\/em><span class=\"tm25\">\u00a0: <a style=\"color: #000000;\" href=\"https:\/\/www.prionseneglise.fr\/careme\">prionseneglise.fr\/careme <\/a><br \/><\/span><span class=\"tm48\">\u00a7 <\/span><em><span class=\"tm49\">Avec les J\u00e9suites<\/span><\/em><span class=\"tm25\"> : <a style=\"color: #000000;\" href=\"https:\/\/www.ndweb.org\/retraites-en-ligne\/retraites-de-lavent-de-careme\/\">ndweb.org \/caremeretraite<\/a> <br \/><\/span><span class=\"tm48\">\u00a7 <\/span><span class=\"tm25\">\u00a0<\/span><em><span class=\"tm49\">Et les dominicains<\/span><\/em><span class=\"tm25\"> :\u00a0<\/span><u><a style=\"color: #000000;\" href=\"https:\/\/careme.retraitedanslaville.org\"><span class=\"tm25\">retraitedanslaville.org<\/span><\/a><\/u><\/span><\/p>\n<p class=\"normal tm50\"><span style=\"color: #000000;\"><span class=\"tm44\">\u00a0<\/span><strong><span class=\"tm28\">Jeudi 3 mars : premier jeudi du mois : <br \/><\/span><\/strong><span class=\"tm29\">\u00a0&#8211; 17h \u00e0 Jarville pri\u00e8re pour les malades et les personnes qui souffrent.<br \/>\u00a0 <\/span><span class=\"tm29\">&#8211; 20h30 Heure sainte (m\u00e9ditation de la passion du Christ) \u00e0 Jarville, \u00e0 la crypt.<\/span><\/span><\/p>\n<p class=\"Normal tm51\"><span style=\"color: #000000;\"><strong><span class=\"tm28\">Parcours alpha : <\/span><\/strong><strong><span class=\"tm28\">Le samedi 5 mars et le dimanche 6 mars<\/span><\/strong><span class=\"tm29\">, les participants au parcours alpha se retrouvent pour un temps sur l\u2019Esprit Saint au centre spirituel dioc\u00e9sain. <\/span><\/span><\/p>\n<p class=\"Normal\"><span style=\"color: #000000;\"><strong><span class=\"tm28\">Messe des familles, temps fort cat\u00e9 et \u2018\u2019cat\u00e9 parents\u2019\u2019 :<br \/><\/span><\/strong><strong><span class=\"tm30\">Le dimanche 6 mars, \u00e0 Neuves-Maisons <\/span><\/strong><span class=\"tm29\">messe des familles suivie d\u2019un temps fort cat\u00e9 pour les enfants et les parents\u00a0!<br \/><\/span><strong><span class=\"tm26\">NOUVEAU !! <br \/><\/span><\/strong><em><span class=\"tm49\">\u2018\u2019J\u00e9sus Christ t\u2019aime, il a donn\u00e9 sa vie pour te sauver, et maintenant il est vivant \u00e0 tes c\u00f4t\u00e9s chaque jour pour t\u2019\u00e9clairer, te fortifier, te lib\u00e9rer\u2019\u2019<\/span><\/em><span class=\"tm25\"> Pape Fran\u00e7ois dans la joie de l\u2019\u00c9vangile. <br \/><\/span><strong><span class=\"tm26\">Un petit temps pour soi<\/span><\/strong><span class=\"tm25\">, pour se poser, recevoir cette bonne nouvelle de l\u2019\u00c9vangile, poser ses questions\u2026pendant que les enfants suivent leur cat\u00e9ch\u00e8se avec les animateurs cat\u00e9 habituels. <\/span><span class=\"tm25\">L\u2019\u00e9quipe des pr\u00eatres et les EAP de nos paroisses vous proposent <\/span><strong><span class=\"tm26\">ce petit temps (1h) <\/span><\/strong><span class=\"tm25\">(juste pour vous, parents\u00a0!)<\/span><strong><span class=\"tm26\"> \u00e0 chacun des temps forts cat\u00e9 de cette ann\u00e9e (6mars, 9 avril et 26 mai). <br \/><\/span><\/strong><strong><span class=\"tm26\">Rendez-vous le dimanche 6 mars \u00e0 15h \u00e0 Neuves-Maisons <\/span><\/strong><span class=\"tm25\">autour de <\/span><strong><em><span class=\"tm55\">\u2018\u2019J\u00e9sus-Christ t\u2019aime\u2019\u2019<\/span><\/em><\/strong><span class=\"tm25\">\u00a0: J\u00e9sus\u00a0? Christ\u00a0? et qui suis-je pour qu\u2019il m\u2019aime\u00a0?<br \/><\/span><span class=\"tm25\">Osez essayer\u00a0!! <\/span><\/span><\/p>\n<p class=\"Normal\"><span style=\"color: #000000;\"><strong><span class=\"tm28\">Pr\u00e9paration au mariage : <br \/><\/span><\/strong><strong><span class=\"tm30\">\u00a0&#8211; Le samedi 26 f\u00e9vrier, l\u2019apr\u00e8s-midi<\/span><span class=\"tm28\">,<\/span><\/strong><span class=\"tm29\"> les couples du premier cycle de pr\u00e9paration terminent leur parcours. <br \/>\u00a0&#8211; <\/span><span class=\"tm29\">Le samedi 5 mars les couples du deuxi\u00e9me cycle se retrouveront pour d\u00e9buter leur pr\u00e9paration.<\/span><\/span><\/p>\n<p class=\"Normal tm51\"><span style=\"color: #000000;\"><strong><span class=\"tm28\">Qu\u00eate de s ortie du premier dimanche du mois : <br \/><\/span><\/strong><span class=\"tm29\">Le Week-end du 5 et 6 mars aura lieu la qu\u00eate de sortie apr\u00e8s les diff\u00e9rentes messes de nos paroisses. Merci ! <\/span><\/span><\/p>\n<p class=\"Normal tm51\"><span style=\"color: #000000;\"><span class=\"tm56\">\u00a0<\/span><strong><span class=\"tm28\">Horaires des messes dominicales des 5 et 6 mars 2022 : <br \/><\/span><\/strong><strong><span class=\"tm30\">Samedi 5 mars <\/span><\/strong><span class=\"tm29\">: <\/span><strong><span class=\"tm30\">18h <\/span><\/strong><span class=\"tm29\">Heillecourt, Laneuveville,\u00a0 Pont-St-Vincent <br \/><\/span><strong><span class=\"tm30\">Dimanche 6 mars <\/span><\/strong><span class=\"tm29\">:<\/span><strong><span class=\"tm30\">10h <\/span><\/strong><span class=\"tm29\">Xeuilley<\/span><strong><span class=\"tm30\"> 10h30 <\/span><\/strong><span class=\"tm29\">Jarville<\/span><strong><span class=\"tm30\">, Neuves -Maisons<\/span><\/strong> <strong><span class=\"tm30\">11h Ludres<\/span><\/strong><\/span><\/p>\n<p class=\"Normal\"><span style=\"color: #000000;\"><strong><span class=\"tm59\">\u00a0<\/span><\/strong><strong><span class=\"tm60\">Autres<\/span><span class=\"tm28\"> Annonces :\u00a0<\/span> <\/strong><\/span><\/p>\n<ul>\n<li><span style=\"color: #000000;\"><strong><span class=\"tm64\">Conf\u00e9rences \u00e0 Notre-dame-de-Lourdes<br \/><\/span><\/strong><strong><span class=\"tm65\">Conf\u00e9rences de car\u00eame : Choisis la Vie .<\/span><\/strong><span class=\"tm66\">\u00a0A Notre Dame de Lourdes Salle Jean Paul II <\/span><strong><span class=\"tm65\">\u00e0 20h30 : <br \/><\/span><\/strong><strong><span class=\"tm65\">Mercredi 9 mars<\/span><\/strong><span class=\"tm66\"> : la crise dans la crise: souffrance psychique et crise sanitaire par le docteur Vincent Lapr\u00e9vote, psychiatre. <\/span><strong><span class=\"tm65\">Mercredi 16 mars<\/span><\/strong><span class=\"tm66\"> : Et l&rsquo;homme devint un \u00eatre vivant . Gn2,7 par le P\u00e8re Arnaud Mansuy, oratorien bibliste. <\/span><strong><span class=\"tm65\">Mercredi 23 mars<\/span><\/strong><span class=\"tm66\">: Choisis la vie, toute la vie. par le docteur Beno\u00eet Leheup, m\u00e9decin sp\u00e9cialis\u00e9 en soins palliatifs. <\/span><strong><span class=\"tm65\">Mercredi 30 mars<\/span><\/strong><span class=\"tm66\"> : Une divine surprise. Regard de la philosophie sur la vision b\u00e9atifique par Monsieur Josef Riewer, professeur de philosophie.<\/span><\/span><\/li>\n<li><span style=\"color: #000000;\"><strong><span class=\"tm23\">Marche des vocations\u00a0 :<\/span><\/strong><strong><span class=\"tm26\">Le samedi 5 mars :<\/span><\/strong><span class=\"tm25\"> p\u00e8lerinage du secteur pastoral de Nancy <\/span><strong><span class=\"tm26\">pour demander des pr\u00eatres dont notre dioc\u00e8se a besoin<\/span><\/strong><\/span><span class=\"tm25\"><span style=\"color: #000000;\">\u00a0: d\u00e9part \u00e0 la cath\u00e9drale de Nancy \u00e0 13h et retour en bus \u00e0 St Nicolas \u00e0 17h30. S\u2019inscrire aupr\u00e8s de David Vaimbois 6 rue des loups \u00e0 Nancy.<\/span> <\/span><\/li>\n<\/ul>\n","protected":false},"excerpt":{"rendered":"<p>R\u00e9collection avant appel d\u00e9cisif, scrutin : Le 26\/02\/2022\u00a0de 09h15 \u00e0 16h00 au Centre spirituel dioc\u00e9sain, 10 rue du Carmel, Nancy. Un temps de rencontre\u00a0des cat\u00e9chum\u00e8nes adultes et adolescents avant l&rsquo;appel d\u00e9cisif, et un temps d&rsquo;\u00e9change avec notre \u00e9v\u00eaque,\u00a0Monseigneur Jean-Louis Papin : deux adultes Claude et Anna\u00eblle de nos paroisses y participeront. Kelya\u00a0vivra l\u2019\u00e9tape du \u2018\u2019scrutin\u2019\u2019&hellip; <br \/> <a class=\"read-more\" href=\"https:\/\/paroisses-nancy-sud.fr\/HOME\/annonces-des-paroisses-saint-francois-de-sales-et-sainte-jeanne-de-chantal-du-26-fevrier\/\">Lire la suite<\/a><\/p>\n","protected":false},"author":5,"featured_media":553,"comment_status":"closed","ping_status":"open","sticky":false,"template":"","format":"standard","meta":[],"categories":[7],"tags":[],"acf":[],"_links":{"self":[{"href":"https:\/\/paroisses-nancy-sud.fr\/HOME\/wp-json\/wp\/v2\/posts\/1901"}],"collection":[{"href":"https:\/\/paroisses-nancy-sud.fr\/HOME\/wp-json\/wp\/v2\/posts"}],"about":[{"href":"https:\/\/paroisses-nancy-sud.fr\/HOME\/wp-json\/wp\/v2\/types\/post"}],"author":[{"embeddable":true,"href":"https:\/\/paroisses-nancy-sud.fr\/HOME\/wp-json\/wp\/v2\/users\/5"}],"replies":[{"embeddable":true,"href":"https:\/\/paroisses-nancy-sud.fr\/HOME\/wp-json\/wp\/v2\/comments?post=1901"}],"version-history":[{"count":5,"href":"https:\/\/paroisses-nancy-sud.fr\/HOME\/wp-json\/wp\/v2\/posts\/1901\/revisions"}],"predecessor-version":[{"id":1906,"href":"https:\/\/paroisses-nancy-sud.fr\/HOME\/wp-json\/wp\/v2\/posts\/1901\/revisions\/1906"}],"wp:featuredmedia":[{"embeddable":true,"href":"https:\/\/paroisses-nancy-sud.fr\/HOME\/wp-json\/wp\/v2\/media\/553"}],"wp:attachment":[{"href":"https:\/\/paroisses-nancy-sud.fr\/HOME\/wp-json\/wp\/v2\/media?parent=1901"}],"wp:term":[{"taxonomy":"category","embeddable":true,"href":"https:\/\/paroisses-nancy-sud.fr\/HOME\/wp-json\/wp\/v2\/categories?post=1901"},{"taxonomy":"post_tag","embeddable":true,"href":"https:\/\/paroisses-nancy-sud.fr\/HOME\/wp-json\/wp\/v2\/tags?post=1901"}],"curies":[{"name":"wp","href":"https:\/\/api.w.org\/{rel}","templated":true}]}}