{"id":1917,"date":"2022-03-04T12:21:17","date_gmt":"2022-03-04T11:21:17","guid":{"rendered":"https:\/\/paroisses-nancy-sud.fr\/HOME\/?p=1917"},"modified":"2022-03-04T12:21:17","modified_gmt":"2022-03-04T11:21:17","slug":"mercredi-des-cendres","status":"publish","type":"post","link":"https:\/\/paroisses-nancy-sud.fr\/HOME\/mercredi-des-cendres\/","title":{"rendered":"Mercredi des Cendres"},"content":{"rendered":"\n<p class=\"Normal\"><span style=\"color: #000000;\"><span class=\"tm5\">Le mercredi des cendres marque le d\u00e9but du car\u00eame, cette p\u00e9riode de 40 jours qui nous s\u00e9pare de la semaine sainte et de P\u00e2ques. <\/span><span class=\"tm5\">Il est caract\u00e9ris\u00e9, comme le dit son nom, par l\u2019imposition des cendres sur le front de chaque chr\u00e9tien.<\/span><span class=\"tm5\">\u00a0<br \/><\/span><span class=\"tm5\">Dans la bible, les cendres sont le signe qui exprime la fragilit\u00e9 et la tristesse de l\u2019homme devant le malheur.<\/span><span class=\"tm5\">\u00a0<\/span><span class=\"tm5\">Les cendres symbolisent ainsi le n\u00e9ant de l\u2019homme en face de l\u2019absolue transcendance de notre cr\u00e9ateur, Dieu tout puissant.<\/span><span class=\"tm5\">\u00a0<br \/><\/span><span class=\"tm5\">\u00c9videmment, le mercredi des cendres est un jour de p\u00e9nitence qui implique une prise de conscience pour tout chr\u00e9tien et en appelle \u00e0 un changement de comportement vis-\u00e0-vis du Seigneur Dieu et des autres.<\/span><span class=\"tm5\">\u00a0<\/span><\/span><\/p>\n<p class=\"Normal\"><span style=\"color: #000000;\"><span class=\"tm5\">La p\u00e9nitence pour ce temps fort de car\u00eame peut se r\u00e9sumer traditionnellement par les trois axes suivants <\/span><span class=\"tm5\">:<\/span><span class=\"tm5\"> la pri\u00e8re, l\u2019aum\u00f4ne et le jeune. <\/span><span class=\"tm5\">Le but est de se pr\u00e9parer \u00e0 la f\u00eate de P\u00e2ques, c\u2019est une mani\u00e8re concr\u00e8te pour tout chr\u00e9tien de s\u2019unir \u00e0 J\u00e9sus-Christ.<\/span><span class=\"tm5\">\u00a0<\/span><\/span><\/p>\n<p class=\"Normal\"><span style=\"color: #000000;\"><span class=\"tm5\">Le premier pilier du car\u00eame, c\u2019est <strong>la pri\u00e8re<\/strong>\u00a0: celle-ci est un acte, une pratique qui nous relie \u00e0 Dieu.<\/span><span class=\"tm5\">En tant que membres de l\u2019\u00c9glise et donc du corps du Christ, les chr\u00e9tiens sont r\u00e9guli\u00e8rement appel\u00e9s \u00e0 se mettre \u00e0 l\u2019\u00e9coute du Seigneur et \u00e0 entrer en relation avec lui. <\/span><span class=\"tm5\">Donc la pri\u00e8re est la capacit\u00e9 de communier avec l\u2019\u00catre Absolu.<\/span><span class=\"tm5\">\u00a0<\/span><\/span><\/p>\n<p class=\"Normal\"><span style=\"color: #000000;\"><span class=\"tm5\">Le deuxi\u00e8me pilier du car\u00eame\u00a0est <strong>l\u2019aum\u00f4ne\u00a0<\/strong>: elle se d\u00e9finit explicitement comme un geste d\u2019amour, un \u00e9lan gratuit qui vient du c\u0153ur et qui, comme le Christ, nous invite \u00e0 prendre soin les uns des autres, \u00e0 ne pas rester indiff\u00e9rent \u00e0 la souffrance d\u2019autrui. <\/span><span class=\"tm5\">Bref, c\u2019est l\u2019amour du prochain mis en action.<\/span><span class=\"tm5\">\u00a0<\/span><\/span><\/p>\n<p class=\"Normal\"><span style=\"color: #000000;\"><span class=\"tm5\">Enfin, le troisi\u00e8me pilier est <strong>le je\u00fbne<\/strong> : en tant que pratique religieuse, la privation permet de laisser plus de place \u00e0 Dieu dans notre vie. <\/span><span class=\"tm5\">Se priver, c\u2019est faire en nous le vide que Dieu viendra combler. <\/span><span class=\"tm5\">Ensuite en je\u00fbnant, nous communions avec ceux qui n\u2019ont pas beaucoup pour vivre. <\/span><span class=\"tm5\">Ceci dit, dans le contexte actuel, nous pouvons affirmer qu\u2019il peut y-avoir diff\u00e9rentes formes de je\u00fbne qui s\u2019offrent \u00e0 nous. <\/span><span class=\"tm5\">Je\u00fbne de nourriture bien s\u00fbr, mais aussi de jugements et de paroles inutiles, de m\u00e9chancet\u00e9 et de bruit, de r\u00e9seaux sociaux, d\u2019ordinateur et de t\u00e9l\u00e9vision.<\/span><span class=\"tm5\">\u00a0<\/span><\/span><\/p>\n<p class=\"Normal\"><span style=\"color: #000000;\"><span class=\"tm5\">Demandons tous ensemble la gr\u00e2ce du Saint Esprit ; qu\u2019il nous accompagne au d\u00e9sert, comme le Christ pendant 40 jours, afin de nous d\u00e9tourner de nos fautes, renoncer \u00e0 nos petitesses et orienter nos regards vers la passion, la mort et la r\u00e9surrection.<br \/><\/span><span class=\"tm5\">Bonne entr\u00e9e en car\u00eame et bonne route vers P\u00e2ques.<\/span><\/span><\/p>\n<p class=\"Normal\" style=\"text-align: right;\"><span class=\"tm5\"><span style=\"color: #000000;\">P\u00e8re Guy<\/span> <\/span><\/p>\n<p class=\"Normal\"><span class=\"tm5\">\u00a0 <\/span><\/p>\n","protected":false},"excerpt":{"rendered":"<p>Le mercredi des cendres marque le d\u00e9but du car\u00eame, cette p\u00e9riode de 40 jours qui nous s\u00e9pare de la semaine sainte et de P\u00e2ques. Il est caract\u00e9ris\u00e9, comme le dit son nom, par l\u2019imposition des cendres sur le front de chaque chr\u00e9tien.\u00a0Dans la bible, les cendres sont le signe qui exprime la fragilit\u00e9 et la&hellip; <br \/> <a class=\"read-more\" href=\"https:\/\/paroisses-nancy-sud.fr\/HOME\/mercredi-des-cendres\/\">Lire la suite<\/a><\/p>\n","protected":false},"author":10,"featured_media":523,"comment_status":"closed","ping_status":"open","sticky":false,"template":"","format":"standard","meta":[],"categories":[6],"tags":[],"acf":[],"_links":{"self":[{"href":"https:\/\/paroisses-nancy-sud.fr\/HOME\/wp-json\/wp\/v2\/posts\/1917"}],"collection":[{"href":"https:\/\/paroisses-nancy-sud.fr\/HOME\/wp-json\/wp\/v2\/posts"}],"about":[{"href":"https:\/\/paroisses-nancy-sud.fr\/HOME\/wp-json\/wp\/v2\/types\/post"}],"author":[{"embeddable":true,"href":"https:\/\/paroisses-nancy-sud.fr\/HOME\/wp-json\/wp\/v2\/users\/10"}],"replies":[{"embeddable":true,"href":"https:\/\/paroisses-nancy-sud.fr\/HOME\/wp-json\/wp\/v2\/comments?post=1917"}],"version-history":[{"count":2,"href":"https:\/\/paroisses-nancy-sud.fr\/HOME\/wp-json\/wp\/v2\/posts\/1917\/revisions"}],"predecessor-version":[{"id":1919,"href":"https:\/\/paroisses-nancy-sud.fr\/HOME\/wp-json\/wp\/v2\/posts\/1917\/revisions\/1919"}],"wp:featuredmedia":[{"embeddable":true,"href":"https:\/\/paroisses-nancy-sud.fr\/HOME\/wp-json\/wp\/v2\/media\/523"}],"wp:attachment":[{"href":"https:\/\/paroisses-nancy-sud.fr\/HOME\/wp-json\/wp\/v2\/media?parent=1917"}],"wp:term":[{"taxonomy":"category","embeddable":true,"href":"https:\/\/paroisses-nancy-sud.fr\/HOME\/wp-json\/wp\/v2\/categories?post=1917"},{"taxonomy":"post_tag","embeddable":true,"href":"https:\/\/paroisses-nancy-sud.fr\/HOME\/wp-json\/wp\/v2\/tags?post=1917"}],"curies":[{"name":"wp","href":"https:\/\/api.w.org\/{rel}","templated":true}]}}