{"id":1925,"date":"2022-03-07T09:26:00","date_gmt":"2022-03-07T08:26:00","guid":{"rendered":"https:\/\/paroisses-nancy-sud.fr\/HOME\/?p=1925"},"modified":"2022-03-07T09:26:00","modified_gmt":"2022-03-07T08:26:00","slug":"annonces-de-saint-francois-de-sales-et-sainte-jeanne-de-chantal-6","status":"publish","type":"post","link":"https:\/\/paroisses-nancy-sud.fr\/HOME\/annonces-de-saint-francois-de-sales-et-sainte-jeanne-de-chantal-6\/","title":{"rendered":"Annonces de Saint-Fran\u00e7ois-de-Sales et Sainte-Jeanne-de-Chantal"},"content":{"rendered":"\n<p class=\"Normal_Web_ tm19 tm20\"><span style=\"color: #000000;\"><span class=\"tm21\">Kelya, qui se pr\u00e9pare au bapt\u00eame,\u00a0vivra l\u2019\u00e9tape du \u2018\u2019<\/span><strong><span class=\"tm22\">scrutin\u2019\u2019 ce dimanche 6 mars \u00e0 Jarville.<\/span><\/strong><span class=\"tm21\"> Claude vivra l\u2019\u00e9tape \u00ab\u00a0appel d\u00e9cisif\u00a0\u00bb \u00e0 la cath\u00e9drale \u00e0 11h15. R\u00e9jouissons-nous de leurs d\u00e9marches et portons-les dans notre pri\u00e8re.<\/span><\/span><\/p>\n<p class=\"Normal_Web_ tm19 tm20\"><span style=\"color: #000000;\"><strong><span class=\"tm22\">Le samedi 12 mars matin \u00e0 Jarville<\/span><\/strong><span class=\"tm21\">, pas de pr\u00e9sence de pr\u00eatre, ni de messe \u00e0 11h30.<\/span><\/span><\/p>\n<p class=\"Normal_Web_ tm19 tm20\"><span style=\"color: #000000;\"><strong><span class=\"tm23\">Propositions pour le car\u00eame :\u00a0<\/span><\/strong><\/span><\/p>\n<ul>\n<li class=\"Normal_Web_ tm19 tm20\"><span style=\"color: #000000;\"><strong><span class=\"tm27\"> Caf\u00e9-\u00c9vangile- \u00e9change \u00bb :<\/span><\/strong><strong><span class=\"tm27\">Et si j\u2019osais faire d\u00e9couvrir l\u2019\u00c9vangile l\u00e0 o\u00f9 je suis<\/span><\/strong><span class=\"tm25\"> ? Dans mon r\u00e9seau de connaissances, dans mon quartier, dans ma famille\u00a0? Sous la forme qui me semble la meilleure, avec l\u2019<strong><span class=\"tm27\">\u00c9<\/span><\/strong>vangile du jour ou du dimanche qui suit. Pourquoi pas chaque semaine de ce temps de car\u00eame\u00a0?<br \/><\/span><em><span class=\"tm30\">Lancez-vous, parlez-en autour de vous, dites-nous o\u00f9 vous en \u00eates, par exemple aux coordinatrices ou aux pr\u00eatres de la paroisse.<\/span><\/em><\/span><\/li>\n<li class=\"Normal_Web_ tm19 tm20\"><span style=\"color: #000000;\"><strong><span class=\"tm27\">Chemin de croix \u00e0 Heillecourt \u00e0 15h<\/span><\/strong><span class=\"tm25\"> tous les vendredis de car\u00eame<\/span><\/span><\/li>\n<li class=\"Normal_Web_ tm19 tm20\"><span style=\"color: #000000;\"><strong><span class=\"tm25\">L\u2019\u00e9quipe CCFD organise des soir\u00e9es \u00e0 20h30 \u00e0 Ludres autour du th\u00e8me \u2018<\/span><\/strong><em><span class=\"tm32\">\u2019Nous habitons tous la m\u00eame maison\u2019\u2019:<br \/><\/span><\/em><strong><span class=\"tm25\">le mardi 8 mars : <\/span><\/strong><em><span class=\"tm32\">T<\/span><span class=\"tm33\">emps de pri\u00e8re partag\u00e9e avec nos sens,<br \/><\/span><\/em><span class=\"tm33\">le<\/span><strong><span class=\"tm25\">15\u00a0mars : <\/span><\/strong><em><span class=\"tm32\">F<\/span><span class=\"tm33\">resque du climat,<br \/><\/span><\/em><span class=\"tm33\">l<\/span><strong><span class=\"tm25\">es 22 et 29 mars,u<\/span><\/strong><strong><span class=\"tm25\">n livret sur le m\u00eame th\u00e8me vous sera propos\u00e9 ce WE \u00e0 Sainte-Jeanne-de-Chantal .<\/span><\/strong><\/span><\/li>\n<li class=\"Normal_Web_ tm19 tm20\"><span style=\"color: #000000;\"><strong><span class=\"tm27\">Solidarit\u00e9\u00a0:<br \/><\/span><\/strong><strong><span class=\"tm36\">&#8211;\u00a0 <\/span><\/strong><span class=\"tm25\">Collecte au fond de nos \u00e9glises,<\/span><strong><span class=\"tm27\"> produits d\u2019hygi\u00e8ne et d\u2019alimentation.<br \/><\/span><\/strong><em><span class=\"tm38\">&#8211;\u00a0 <\/span><\/em><span class=\"tm25\">Projet Liban\u00a0: parrainage de l\u2019Ecole Saint Antoine de Padoue \u00e0 Tripoli (Liban)\u00a0<\/span><span class=\"tm39\">: <\/span><em><span class=\"tm37\">La situation s\u2019aggrave de jour en jour l\u00e0-bas .. la livre libanaise perd de sa valeur de plus en plus, les cas de Covid augmentent, le nombre d\u2019\u00e9l\u00e8ves augmente \u00e0 cause des difficult\u00e9 de la soci\u00e9t\u00e9 , une pression mentale tr\u00e8s forte (voir site du dioc\u00e8se)<br \/>&#8211;\u00a0<\/span><\/em> <span class=\"tm25\">Vente des <\/span><strong><span class=\"tm27\">\u0153ufs de P\u00e2ques<\/span><\/strong><span class=\"tm25\"> pour l\u2019association dioc\u00e9saine\u00a0: \u00e0 Jarville, Laneuveville et Fl\u00e9ville le 27 mars. A Sainte-Jeanne-de-Chantal prendre contact avec Marie-Th\u00e9r\u00e8se St\u00e9venin \u00e0 Heillecourt ou Odette Prado \u00e0 Flavigny. Les b\u00e9n\u00e9fices de cette vente servent \u00e0 indemniser les aum\u00f4niers des mouvements et \u00e0 subvenir \u00e0 leurs frais de fonction. Une partie est aussi vers\u00e9e \u00e0 l\u2019Association dioc\u00e9saine de Nancy<\/span><\/span><\/li>\n<li class=\"Normal_Web_ tm19 tm20\"><span style=\"color: #000000;\"><strong><span class=\"tm27\">Joie du pardon :<\/span><\/strong><strong><span class=\"tm27\">Le samedi 9 avril \u00e0 l\u2019\u00e9glise de Jarville de 14h \u00e0 17h00 <\/span><\/strong><span class=\"tm25\">une apr\u00e8s-midi sur la joie du pardon pour les adultes, les jeunes et les enfants\u00a0: vid\u00e9o de t\u00e9moignages, partage, puis \u00e0 16h c\u00e9l\u00e9bration du pardon. <\/span><\/span><\/li>\n<\/ul>\n<p class=\"Normal tm41\"><span style=\"color: #000000;\"><strong><span class=\"tm23\">Parcours alpha : <\/span><\/strong><strong><span class=\"tm27\">Le samedi 5 mars et le dimanche 6 mars<\/span><\/strong><span class=\"tm25\">, les participants du parcours alpha se retrouvent pour un temps sur l\u2019Esprit Saint au centre spirituel dioc\u00e9sain. Portons ces personnes qui d\u00e9couvrent ou red\u00e9couvrent la foi dans nos pri\u00e8res.<\/span><\/span><\/p>\n<p class=\"Normal\"><span style=\"color: #000000;\"><strong><span class=\"tm23\">Pr\u00e9paration au mariage : <\/span><\/strong><strong><span class=\"tm27\">Le samedi 5 mars<\/span><\/strong><span class=\"tm25\"> les couples du deuxi\u00e8me cycle se retrouvent \u00e0 Ludres \u00e0 14h pour d\u00e9buter leur pr\u00e9paration. <\/span><\/span><\/p>\n<p class=\"Normal tm41\"><span style=\"color: #000000;\"><strong><span class=\"tm23\">Qu\u00eate de sortie du premier dimanche du mois : <\/span><\/strong><strong><span class=\"tm27\">Ce Week-end des 5 et 6 mars<\/span><\/strong><span class=\"tm25\"> a lieu la qu\u00eate de sortie apr\u00e8s les diff\u00e9rentes messes de nos paroisses\u00a0: une chaudi\u00e8re \u00e0 r\u00e9parer, un appartement de pr\u00eatre \u00e0 r\u00e9nover. Merci\u00a0! <\/span><\/span><\/p>\n<p class=\"Normal tm41\"><span style=\"color: #000000;\"><strong><span class=\"tm23\">Soir\u00e9e chants et louange \u00e0 Jarville : <\/span><\/strong><strong><span class=\"tm27\">Le vendredi 11 mars \u00e0 la crypte de l\u2019\u00e9glise de Jarville <\/span><\/strong><span class=\"tm25\">chants accompagn\u00e9s \u00e0 la guitare.<\/span><\/span><\/p>\n<p class=\"Normal\"><span style=\"color: #000000;\"><strong><span class=\"tm23\">Messe des familles, temps fort cat\u00e9 et \u2018\u2019cat\u00e9 parents\u2019\u2019 : <\/span><\/strong><strong><span class=\"tm27\">Le dimanche 6 mars, \u00e0 Neuves-Maisons <\/span><\/strong><span class=\"tm25\">messe des familles suivie d\u2019un temps fort cat\u00e9 pour les enfants et les parents\u00a0!<br \/><\/span><strong><span class=\"tm22\">NOUVEAU !! : <\/span><\/strong><em><span class=\"tm43\">\u2018\u2019J\u00e9sus Christ t\u2019aime, il a donn\u00e9 sa vie pour te sauver, et maintenant il est vivant \u00e0 tes c\u00f4t\u00e9s chaque jour pour t\u2019\u00e9clairer, te fortifier, te lib\u00e9rer\u2019\u2019<\/span><\/em><span class=\"tm21\"> Pape Fran\u00e7ois dans la joie de l\u2019\u00c9vangile. <br \/><\/span><strong><span class=\"tm22\">Un petit temps pour vous les parents,<\/span><\/strong><span class=\"tm21\"> pour se poser, recevoir cette bonne nouvelle de l\u2019\u00c9vangile, poser ses questions\u2026pendant que vos enfants suivent leur cat\u00e9ch\u00e8se avec les animateurs cat\u00e9 habituels. <br \/><\/span><span class=\"tm21\">L\u2019\u00e9quipe des pr\u00eatres et les EAP de nos paroisses vous proposent, \u00e0 vous, parents, <\/span><strong><span class=\"tm22\">ce temps (1h) \u00e0 chacun des temps forts cat\u00e9 de cette ann\u00e9e (6 mars, 9 avril et 26 mai)\u00a0: rendez-vous le dimanche 6 mars \u00e0 14h30 \u00e0 Neuves-Maisons <\/span><\/strong><span class=\"tm21\">autour de <\/span><strong><em><span class=\"tm44\">\u2018\u2019J\u00e9sus-Christ t\u2019aime\u2019\u2019<\/span><\/em><\/strong><span class=\"tm21\">\u00a0: J\u00e9sus\u00a0? Christ\u00a0? et qui suis-je pour qu\u2019il m\u2019aime\u00a0? Osez essayer\u00a0!! <\/span><\/span><\/p>\n<p class=\"Normal tm42\"><span style=\"color: #000000;\"><span class=\"tm45\">\u00a0<\/span><strong><span class=\"tm27\">Mini ADO pour le secteur Nancy-sud : <\/span><\/strong><strong><span class=\"tm27\">Samedi 12 mars<\/span><\/strong><span class=\"tm25\">, des d\u00e9l\u00e9gu\u00e9s de nos 3 paroisses du secteur Nancy-Sud se retrouveront \u00e0 Neuves-Maisons pour r\u00e9fl\u00e9chir \u00e0 l\u2019\u00c9glise sur notre territoire dans les ann\u00e9es \u00e0 venir. <br \/><\/span><strong><em><span class=\"tm48\">\u00a0<\/span><\/em><\/strong><em><span class=\"tm33\">\u2018\u2019Notre dioc\u00e8se nous demande \u00e0 tous, de participer au discernement de ce que Dieu veut pour son \u00c9glise. R\u00e9fl\u00e9chir \u00e0 ce qui serait bon pour le Peuple de Dieu, ici, sur notre territoire, afin que la mission de l\u2019\u00c9glise (annoncer, c\u00e9l\u00e9brer, servir) se poursuive, et en essayant de tenir ensemble \u2018\u2019h\u00e9ritage\u2019\u2019 et \u2018\u2019audace\u2019\u2019<\/span><strong><span class=\"tm48\">.<\/span><\/strong><\/em><strong><span class=\"tm21\">\u00a0<\/span><\/strong><span class=\"tm33\">Tous les secteurs du dioc\u00e8se, \u00e0 la demande de notre \u00e9v\u00eaque, se r\u00e9unissent ce m\u00eame jour.<\/span><\/span><\/p>\n<p class=\"Normal tm41\"><span style=\"color: #000000;\"><strong><span class=\"tm23\">Horaires des messes dominicales des 12 et 13 mars 2022 : <br \/><\/span><\/strong><strong><span class=\"tm27\">Samedi 12 mars <\/span><\/strong><span class=\"tm25\">: <\/span><strong><span class=\"tm27\">18h <\/span><\/strong><span class=\"tm25\">Heillecourt, Laneuveville,\u00a0Pierreville <br \/><\/span><strong><span class=\"tm27\">Dimanche 13 mars <\/span><\/strong><span class=\"tm25\">:<\/span><strong><span class=\"tm27\">10h <\/span><\/strong><span class=\"tm25\">Flavigny, Fl\u00e9ville<\/span><strong><span class=\"tm27\"> 10h30 <\/span><\/strong><span class=\"tm25\">Jarville<\/span><strong><span class=\"tm27\">, <\/span><\/strong><span class=\"tm25\">Neuves -Maisons <\/span><\/span><\/p>\n<p class=\"Normal tm41\"><span style=\"color: #000000;\"><span class=\"tm52\">\u00a0<\/span><strong><span class=\"tm53\">Et aussi des propositions de retraite de car\u00eame par mail ou sur internet : <br \/><\/span><\/strong><span class=\"tm56\">o <\/span><span class=\"tm57\">Pour les plus jeunes\u00a0: <\/span><span class=\"tm57\">avec Th\u00e9obule :\u00a0<\/span><u><a style=\"color: #000000;\" href=\"https:\/\/www.theobule.org\/careme-et-semaine-sainte\"><span class=\"tm57\">theobule.org<\/span><\/a><br \/><\/u><span class=\"tm56\">o <\/span><span class=\"tm57\">Pour les adultes :<\/span> <em><span class=\"tm58\">Avec les Carmes<\/span><\/em> <span class=\"tm57\">:\u00a0<\/span><span class=\"tm57\">carmes-paris.org<br \/><\/span><em><span class=\"tm58\">Avec Prions<\/span><\/em><span class=\"tm57\">\u00a0: prionseneglise.fr\/careme<br \/><\/span><em><span class=\"tm58\">Avec les J\u00e9suites<\/span><\/em><span class=\"tm57\">\u00a0: ndweb.org \/careme <br \/><\/span><em><span class=\"tm58\">Et les dominicains<\/span><\/em><span class=\"tm57\"> :\u00a0<\/span><a style=\"color: #000000;\" href=\"https:\/\/careme.retraitedanslaville.org\"><span class=\"tm57\">retraitedanslaville.org<\/span><\/a><\/span><\/p>\n<p class=\"Normal tm41\"><span style=\"color: #000000;\"><span class=\"tm52\">\u00a0<\/span> <strong><span class=\"tm53\">Film<\/span><\/strong><span class=\"tm57\">\u00a0:\u2019\u2019The Chosen\u2018\u2019\u00a0: une s\u00e9rie sur la vie de J\u00e9sus <\/span><\/span><\/p>\n<p class=\"Normal tm28\"><span style=\"color: #000000;\"><strong><span class=\"tm62\">Autres<\/span><span class=\"tm23\"> Annonces : <br \/><\/span><\/strong><strong><span class=\"tm53\">Conf\u00e9rences \u00e0 Notre-Dame-de-Lourdes : <\/span><\/strong><strong><span class=\"tm64\">Conf\u00e9rences de car\u00eame : Choisis la Vie .<\/span><\/strong><span class=\"tm39\">\u00a0A Notre Dame de Lourdes Salle Jean Paul II <\/span><strong><span class=\"tm64\">\u00e0 20h30. <br \/><\/span><\/strong><strong><span class=\"tm64\">Mercredi 9 mars<\/span><\/strong><span class=\"tm39\"> : la crise dans la crise: souffrance psychique et crise sanitaire par le docteur Vincent Lapr\u00e9vote, psychiatre<br \/><\/span><strong><span class=\"tm64\">Mercredi 16 mars<\/span><\/strong><span class=\"tm39\"> : Et l&rsquo;homme devint un \u00eatre vivant . Gn2,7 par le P\u00e8re Arnaud Mansuy, oratorien bibliste<br \/><\/span><strong><span class=\"tm64\">Mercredi 23 mars<\/span><\/strong><span class=\"tm39\">: Choisis la vie, toute la vie. par le docteur Beno\u00eet Leheup, m\u00e9decin sp\u00e9cialis\u00e9 en soins palliatifs<br \/><\/span><strong><span class=\"tm64\">Mercredi 30 mars<\/span><\/strong><span class=\"tm39\"> : Une divine surprise. Regard de la philosophie sur la vision b\u00e9atifique par Monsieur Josef Riewer, professeur de philosophie.<\/span><\/span><\/p>\n","protected":false},"excerpt":{"rendered":"<p>Kelya, qui se pr\u00e9pare au bapt\u00eame,\u00a0vivra l\u2019\u00e9tape du \u2018\u2019scrutin\u2019\u2019 ce dimanche 6 mars \u00e0 Jarville. Claude vivra l\u2019\u00e9tape \u00ab\u00a0appel d\u00e9cisif\u00a0\u00bb \u00e0 la cath\u00e9drale \u00e0 11h15. R\u00e9jouissons-nous de leurs d\u00e9marches et portons-les dans notre pri\u00e8re. Le samedi 12 mars matin \u00e0 Jarville, pas de pr\u00e9sence de pr\u00eatre, ni de messe \u00e0 11h30. Propositions pour le car\u00eame&hellip; <br \/> <a class=\"read-more\" href=\"https:\/\/paroisses-nancy-sud.fr\/HOME\/annonces-de-saint-francois-de-sales-et-sainte-jeanne-de-chantal-6\/\">Lire la suite<\/a><\/p>\n","protected":false},"author":5,"featured_media":553,"comment_status":"closed","ping_status":"open","sticky":false,"template":"","format":"standard","meta":[],"categories":[7],"tags":[],"acf":[],"_links":{"self":[{"href":"https:\/\/paroisses-nancy-sud.fr\/HOME\/wp-json\/wp\/v2\/posts\/1925"}],"collection":[{"href":"https:\/\/paroisses-nancy-sud.fr\/HOME\/wp-json\/wp\/v2\/posts"}],"about":[{"href":"https:\/\/paroisses-nancy-sud.fr\/HOME\/wp-json\/wp\/v2\/types\/post"}],"author":[{"embeddable":true,"href":"https:\/\/paroisses-nancy-sud.fr\/HOME\/wp-json\/wp\/v2\/users\/5"}],"replies":[{"embeddable":true,"href":"https:\/\/paroisses-nancy-sud.fr\/HOME\/wp-json\/wp\/v2\/comments?post=1925"}],"version-history":[{"count":4,"href":"https:\/\/paroisses-nancy-sud.fr\/HOME\/wp-json\/wp\/v2\/posts\/1925\/revisions"}],"predecessor-version":[{"id":1929,"href":"https:\/\/paroisses-nancy-sud.fr\/HOME\/wp-json\/wp\/v2\/posts\/1925\/revisions\/1929"}],"wp:featuredmedia":[{"embeddable":true,"href":"https:\/\/paroisses-nancy-sud.fr\/HOME\/wp-json\/wp\/v2\/media\/553"}],"wp:attachment":[{"href":"https:\/\/paroisses-nancy-sud.fr\/HOME\/wp-json\/wp\/v2\/media?parent=1925"}],"wp:term":[{"taxonomy":"category","embeddable":true,"href":"https:\/\/paroisses-nancy-sud.fr\/HOME\/wp-json\/wp\/v2\/categories?post=1925"},{"taxonomy":"post_tag","embeddable":true,"href":"https:\/\/paroisses-nancy-sud.fr\/HOME\/wp-json\/wp\/v2\/tags?post=1925"}],"curies":[{"name":"wp","href":"https:\/\/api.w.org\/{rel}","templated":true}]}}