{"id":1973,"date":"2022-03-27T15:03:16","date_gmt":"2022-03-27T13:03:16","guid":{"rendered":"https:\/\/paroisses-nancy-sud.fr\/HOME\/?p=1973"},"modified":"2022-03-27T15:22:18","modified_gmt":"2022-03-27T13:22:18","slug":"annonces-de-saint-francois-de-sales-et-sainte-jeanne-de-chantal-du-27-mars","status":"publish","type":"post","link":"https:\/\/paroisses-nancy-sud.fr\/HOME\/annonces-de-saint-francois-de-sales-et-sainte-jeanne-de-chantal-du-27-mars\/","title":{"rendered":"Annonces de Saint-Fran\u00e7ois-de-Sales et Sainte-Jeanne-de-Chantal du 27 mars"},"content":{"rendered":"\n<p><\/p>\n<p class=\"Normal tm9\"><span style=\"color: #000000;\"><strong><span class=\"tm10\"><span style=\"text-decoration: underline;\">Deuxi\u00e8me scrutin, Bapt\u00eames :<\/span><br \/><\/span><\/strong><strong><span class=\"tm12\">Ce dimanche 27 mars, <\/span><\/strong><span class=\"tm13\">Claude, \u00e0 l\u2019\u00e9glise de Jarville, vivra l\u2019\u00e9tape du deuxi\u00e8me scrutin pour les futurs baptis\u00e9s. <br \/><\/span><span class=\"tm13\">Ce dimanche 27 mars <\/span><strong><span class=\"tm12\">\u00e0 Fl\u00e9ville, bapt\u00eame<\/span><\/strong><span class=\"tm13\"> de Valentine HACQUIN et dimanche prochain \u00e0 Ludres, bapt\u00eame de Thomas POIROT.<br \/><\/span><span class=\"tm13\">Accompagnons-les par notre pri\u00e8re dans leur d\u00e9marche vers le bapt\u00eame.<\/span><\/span><\/p>\n<p class=\"Normal tm9\"><span style=\"color: #000000;\"><strong><span class=\"tm10\"><span style=\"text-decoration: underline;\">Propositions pour le car\u00eame<\/span> : <br \/><\/span><\/strong><strong><span class=\"tm12\">\u00a0\u00a0\u00a0\u00a0 &#8211; \u00ab Evangile- \u00e9change \u2013 ap\u00e9ro \u00bb : <\/span><\/strong><strong><span class=\"tm12\">Et si j\u2019osais faire d\u00e9couvrir l\u2019\u00c9vangile ? <\/span><\/strong><span class=\"tm13\">Un moment de convivialit\u00e9 et de partage de la Parole\u00a0:<br \/><\/span><span class=\"tm13\">&#8212; <\/span><strong><span class=\"tm12\">le lundi 28 mars \u00e0 Richardm\u00e9nil <\/span><\/strong><span class=\"tm13\">\u00e0 l\u2019\u00e9glise, avec de 18h \u00e0 19h avec l\u2019\u00e9vangile de la femme adult\u00e8re.<br \/><\/span><strong><em><span class=\"tm16\">Venez et invitez un ami, un voisin !<\/span><\/em><\/strong><\/span><\/p>\n<p class=\"Normal tm14\"><span style=\"color: #000000;\"><strong><span class=\"tm12\">\u00a0\u00a0\u00a0\u00a0 &#8211; Chemin de croix : <br \/><\/span><\/strong><strong><span class=\"tm12\">A Heillecourt, \u00e0 15h, <\/span><\/strong><span class=\"tm13\">tous les vendredis de car\u00eame. <br \/><\/span><\/span><\/p>\n<p class=\"Normal tm14\"><span style=\"color: #000000;\"><strong><span class=\"tm13\">\u00a0\u00a0\u00a0\u00a0 &#8211; L\u2019\u00e9quipe CCFD invite : <\/span><\/strong><strong><span class=\"tm13\">Mardi 29 mars, \u00e0 20h30 <\/span><\/strong><span class=\"tm21\">\u00e0 d\u00e9couvrir le th\u00e8me<\/span><strong><span class=\"tm13\"> : \u2018\u2019 <\/span><\/strong><em><span class=\"tm20\">Une fraternit\u00e9 nouvelle\u00a0? Quel pacifiste sommes-nous\u00a0?\u2019\u2019<\/span><\/em><\/span><\/p>\n<p class=\"Normal tm14 tm22\"><span style=\"color: #000000;\"><strong><span class=\"tm12\">\u00a0\u00a0\u00a0\u00a0 &#8211; Solidarit\u00e9\u00a0 :<br \/><\/span><\/strong><span class=\"tm24\">o <\/span><span class=\"tm13\">Collecte au fond de nos \u00e9glises,<\/span><strong><span class=\"tm12\"> produits d\u2019hygi\u00e8ne et d\u2019alimentation, <\/span><\/strong><span class=\"tm13\">pour les r\u00e9fugi\u00e9s de l\u2019Ukraine.<br \/><\/span><em><span class=\"tm24\">o <\/span><\/em><span class=\"tm13\">Projet Liban\u00a0: parrainage de l\u2019Ecole Saint Antoine de Padoue \u00e0 Tripoli (Liban)\u00a0<\/span><em><span class=\"tm27\"> (voir site du dioc\u00e8se) <br \/><\/span><\/em><em><span class=\"tm24\">o <\/span><\/em><span class=\"tm13\">Vente des <\/span><strong><span class=\"tm12\">\u0153ufs de P\u00e2ques<\/span><\/strong><span class=\"tm13\"> pour l\u2019association dioc\u00e9saine,\u00a0au profit des aum\u00f4niers des mouvements\u00a0: le 27 mars \u00e0 Flavigny, Fl\u00e9ville, Jarville, Laneuveville et 3 avril \u00e0 Ludres. <\/span><\/span><\/p>\n<p class=\"Normal tm14 tm22\"><span style=\"color: #000000;\"><strong><span class=\"tm12\">\u00a0\u00a0\u00a0\u00a0 &#8211; Joie du pardon : <br \/><\/span><\/strong><strong><span class=\"tm12\">Le samedi 9 avril \u00e0 l\u2019\u00e9glise de Jarville\u00a0: <br \/><\/span><\/strong><strong><span class=\"tm12\">&#8211; de 14h \u00e0 16h00 <\/span><\/strong><span class=\"tm13\">vid\u00e9o de t\u00e9moignages sur la joie du pardon, partage<br \/><\/span><strong><span class=\"tm12\">&#8211; A<\/span><\/strong> <strong><span class=\"tm12\">16h c\u00e9l\u00e9bration du pardon a<\/span><\/strong><span class=\"tm13\">vec confessions (voir tract) <\/span><\/span><\/p>\n<p class=\"Normal tm14\"><span style=\"color: #000000;\"><strong><span class=\"tm12\">Le lundi 11 avril\u00a0, <\/span><\/strong><span class=\"tm13\">c\u00e9l\u00e9bration avec confessions\u00a0: <br \/><\/span><strong><span class=\"tm12\">&#8211; 14h \u00e0 Neuves-Maisons<br \/><\/span><\/strong><strong><span class=\"tm12\">&#8211; 16h \u00e0 Heillecourt <br \/><\/span><\/strong><strong><span class=\"tm12\">&#8211; 19h \u00e0 Jarville<\/span><\/strong><\/span><\/p>\n<p class=\"Normal2 tm28\"><span style=\"color: #000000;\"><strong><span class=\"tm29\">\u00a0<\/span><\/strong><strong><span class=\"tm13\">\u00a0<\/span><span class=\"tm11\"><span style=\"text-decoration: underline;\">Horaires des messes dominicales des 2 et 3 avril 2022 :<\/span> <br \/><\/span><\/strong><strong><span class=\"tm12\">Samedi 2 avril <\/span><\/strong><span class=\"tm13\">: <\/span><strong><span class=\"tm12\">18h <\/span><\/strong><span class=\"tm13\">Heillecourt, Laneuveville, Pont Saint Vincent <br \/><\/span><strong><span class=\"tm12\">Dimanche 3 avril <\/span><\/strong><span class=\"tm13\">:<\/span><strong><span class=\"tm12\">10h <\/span><\/strong><span class=\"tm13\">Xeuilley <\/span><strong><span class=\"tm12\"> 10h30 <\/span><\/strong><span class=\"tm13\">Jarville<\/span><strong><span class=\"tm12\">, <\/span><\/strong><span class=\"tm13\">Neuves -Maisons <\/span><strong><span class=\"tm12\">11h <\/span><\/strong><span class=\"tm13\">Ludres<\/span><\/span><\/p>\n<p class=\"Normal\"><span style=\"color: #000000;\"><strong><span class=\"tm32\">\u00a0<\/span><\/strong><strong><span class=\"tm10\"><span style=\"text-decoration: underline;\">Qu\u00eate du premier dimanche du mois :<\/span> <br \/><\/span><\/strong><strong><span class=\"tm12\">Le week-end du 2-3 avril<\/span><\/strong><span class=\"tm13\"> aura lieu la qu\u00eate de sortie apr\u00e8s les diff\u00e9rentes messes de nos paroisses. Elle permet de compl\u00e9ter le financement des diff\u00e9rents frais de fonctionnement et pastoraux. <\/span><strong><span class=\"tm10\">\u00a0<\/span><\/strong><\/span><\/p>\n<p class=\"Normal\"><span style=\"color: #000000;\"><strong><span class=\"tm10\"><span style=\"text-decoration: underline;\">March\u00e9 de P\u00e2ques :<\/span> <br \/><\/span><\/strong><strong><span class=\"tm12\">Le samedi 9 avril de 17h \u00e0 19h30 \u00e0 Laneuveville et le dimanche 10 avril de 10h \u00e0 13h \u00e0 Jarville, <\/span><\/strong><span class=\"tm13\">les \u2018\u2019abeilles\u2019\u2019 du mardi proposent des d\u00e9corations de P\u00e2ques devant les \u00e9glises. Des stands avec fruits, l\u00e9gumes, charcuterie pour votre march\u00e9\u00a0! <\/span><strong><span class=\"tm10\">\u00a0<\/span><\/strong><\/span><\/p>\n<p class=\"Normal tm5\"><strong><span class=\"tm6\"><span style=\"text-decoration: underline;\">Conf\u00e9rence d\u00e9couverte : L\u2019\u00e9glise de Jarville, histoire et origine :<\/span> <br \/><\/span><\/strong><strong><span class=\"tm8\">Le samedi 30 avril 2022 de 16h \u00e0 17h30\u00a0: L\u2019\u00e9dification de l\u2019\u00e9glise, la cr\u00e9ation de la paroisse\u00a0: <\/span><\/strong><span class=\"tm9\">Venez d\u00e9couvrir l\u2019histoire de l\u2019\u00e9glise\u00a0; un pass\u00e9 riche, des anecdotes, des tr\u00e9sors cach\u00e9s, des photos anciennes . Contribution volontaire en soutien au patrimoine local paroissial \u00e0 partir de 5 euros <\/span><\/p>\n<p class=\"Normal\"><span style=\"text-decoration: underline;\"><span style=\"color: #000000; text-decoration: underline;\"><strong><span class=\"tm33\">Semaine sainte du 9 au 17 avril 2022.\u00a0 <\/span><\/strong><strong><span class=\"tm33\">SECTEUR Nancy-Sud<\/span><\/strong><\/span><\/span><\/p>\n<table class=\"Normal tm6 tm7 tm8\" style=\"height: 37px; width: 110.173%; border-style: solid;\" border=\"0\" rules=\"all\">\n<tbody class=\"tm9\">\n<tr style=\"height: 10px;\">\n<td class=\"tm10 tm11 tm12\" style=\"border-style: solid; width: 26.2069%; height: 10px;\">\n<p class=\"Contenudetableau\"><span class=\"tm13\" style=\"color: #000000;\">\u00a0<\/span><\/p>\n<\/td>\n<td class=\"tm10 tm11 tm14\" style=\"border-style: solid; width: 28.154%; height: 10px;\">\n<p class=\"Contenudetableau tm15\"><span style=\"color: #000000;\"><strong><span class=\"tm16\">Visitation<\/span><\/strong><\/span><\/p>\n<\/td>\n<td class=\"tm10 tm11 tm17\" style=\"border-style: solid; width: 21.5009%; height: 10px;\">\n<p class=\"Contenudetableau tm15\"><span style=\"color: #000000;\"><strong><span class=\"tm16\">Sainte-Jeanne-de-Chantal<\/span><\/strong><\/span><\/p>\n<\/td>\n<td class=\"tm10 tm11 tm14\" style=\"border-style: solid; width: 63.8622%; height: 10px;\">\n<p class=\"Contenudetableau tm15\"><span style=\"color: #000000;\"><strong><span class=\"tm16\">Saint-Fran\u00e7ois-de-Sales<\/span><\/strong><\/span><\/p>\n<\/td>\n<\/tr>\n<tr style=\"height: 3px;\">\n<td class=\"tm10 tm11 tm12\" style=\"border-style: solid; width: 26.2069%; height: 3px;\">\n<p class=\"Contenudetableau\"><span style=\"color: #000000;\"><strong><span class=\"tm19\">\u00a0<\/span><\/strong><strong><span class=\"tm16\">Joie du pardon <\/span><\/strong><\/span><\/p>\n<p class=\"Contenudetableau\"><span style=\"color: #000000;\"><strong><span class=\"tm16\">\u00a0<\/span><\/strong><\/span><\/p>\n<p class=\"Contenudetableau\"><span style=\"color: #000000;\"><strong><span class=\"tm16\">\u00a0<\/span><\/strong><\/span><\/p>\n<p class=\"Contenudetableau\"><span style=\"color: #000000;\"><strong><span class=\"tm16\">\u00a0<\/span><\/strong><strong><span class=\"tm16\">C\u00e9l\u00e9brations du pardon <\/span><\/strong><\/span><\/p>\n<\/td>\n<td class=\"tm10 tm11 tm14\" style=\"border-style: solid; width: 28.154%; height: 3px;\">\n<p class=\"Contenudetableau tm20\"><span class=\"tm21\" style=\"color: #000000;\">Samedi 9 avril\u00a0de 9h \u00e0 midi \u00e0 Neuves-Maisons<\/span><\/p>\n<p class=\"Contenudetableau tm20\"><span class=\"tm22\" style=\"color: #000000;\">\u00a0<\/span><\/p>\n<p class=\"Contenudetableau tm20\"><span class=\"tm22\" style=\"color: #000000;\">\u00a0<\/span><\/p>\n<p class=\"Contenudetableau tm20\"><span style=\"color: #000000;\"><span class=\"tm22\">\u00a0Lu<\/span><span class=\"tm21\">ndi 11 avril \u00e0 14h <\/span><span class=\"tm21\">\u00e0 Neuves-Maisons<\/span><\/span><\/p>\n<\/td>\n<td class=\"tm10 tm11 tm17\" style=\"border-style: solid; width: 21.5009%; height: 3px;\">\n<p class=\"Contenudetableau tm20\"><span style=\"color: #000000;\"><span class=\"tm21\">Samedi 9 avril \u00e0 <\/span><span class=\"tm21\">Jarville : <\/span><span class=\"tm21\">-T\u00e9moignages de 14h \u00e0 16h <\/span><span class=\"tm22\">&#8211; <\/span><span class=\"tm21\">C\u00e9l\u00e9bration \u00e0 16h <\/span><\/span><\/p>\n<p class=\"Contenudetableau tm20\"><span class=\"tm21\" style=\"color: #000000;\">Lundi 11 avril \u00e0 16h \u00e0 Heillecourt<\/span><\/p>\n<\/td>\n<td class=\"tm10 tm11 tm14\" style=\"border-style: solid; width: 63.8622%; height: 3px;\">\n<p class=\"Contenudetableau tm24\"><span style=\"color: #000000;\"><span class=\"tm21\">Samedi 9 avril \u00e0 Jarville :\u00a0 -T\u00e9moignages de 14h \u00e0 16h\u00a0<\/span><span class=\"tm21\"> C\u00e9l\u00e9bration \u00e0 16h <\/span><\/span><\/p>\n<p class=\"Contenudetableau tm20\"><span style=\"color: #000000;\"><span class=\"tm22\">\u00a0<\/span><span class=\"tm21\">Lundi 11 avril \u00e0 19h \u00e0 Jarville <\/span><\/span><\/p>\n<\/td>\n<\/tr>\n<tr style=\"height: 3px;\">\n<td class=\"tm10 tm11 tm12\" style=\"border-style: solid; width: 26.2069%; height: 3px;\">\n<p class=\"Contenudetableau\"><span style=\"color: #000000;\"><span class=\"tm13\">\u00a0 <\/span><strong><span class=\"tm16\">Samedi 9 avril <\/span><\/strong><\/span><\/p>\n<p class=\"Contenudetableau\"><span style=\"color: #000000;\"><strong><span class=\"tm16\">\u00a0<\/span><\/strong><span class=\"tm21\">Messe anticip\u00e9e <br \/>Dimanche des Rameaux<\/span><\/span><\/p>\n<\/td>\n<td class=\"tm10 tm11 tm14\" style=\"border-style: solid; width: 28.154%; height: 3px;\">\n<p class=\"Contenudetableau tm20\"><span class=\"tm21\" style=\"color: #000000;\">18h Viterne<\/span><\/p>\n<\/td>\n<td class=\"tm10 tm11 tm17\" style=\"border-style: solid; width: 21.5009%; height: 3px;\">\n<p class=\"Contenudetableau tm20\"><span class=\"tm21\" style=\"color: #000000;\">18h00 Heillecourt<\/span><\/p>\n<\/td>\n<td class=\"tm10 tm11 tm14\" style=\"border-style: solid; width: 63.8622%; height: 3px;\">\n<p class=\"Contenudetableau tm20\"><span class=\"tm21\" style=\"color: #000000;\">18h00 Laneuveville<\/span><\/p>\n<\/td>\n<\/tr>\n<tr style=\"height: 3px;\">\n<td class=\"tm10 tm11 tm12\" style=\"border-style: solid; width: 26.2069%; height: 3px;\">\n<p class=\"Contenudetableau tm15\"><span style=\"color: #000000;\"><strong><span class=\"tm16\">Dimanche 10 avril <\/span><\/strong><span class=\"tm21\">Dimanche des Rameaux<\/span><\/span><\/p>\n<\/td>\n<td class=\"tm10 tm11 tm14\" style=\"border-style: solid; width: 28.154%; height: 3px;\">\n<p class=\"Contenudetableau tm20\"><span class=\"tm21\" style=\"color: #000000;\">10h30 Neuves -Maisons<\/span><\/p>\n<\/td>\n<td class=\"tm10 tm11 tm17\" style=\"border-style: solid; width: 21.5009%; height: 3px;\">\n<p class=\"Contenudetableau tm20\"><span class=\"tm21\" style=\"color: #000000;\">10h\u00a0Flavigny<\/span><\/p>\n<\/td>\n<td class=\"tm10 tm11 tm14\" style=\"border-style: solid; width: 63.8622%; height: 3px;\">\n<p class=\"Contenudetableau tm20\"><span class=\"tm21\" style=\"color: #000000;\">10h\u00a0Fl\u00e9ville<\/span><\/p>\n<p class=\"Contenudetableau tm20\"><span class=\"tm21\" style=\"color: #000000;\">10h30\u00a0Jarville, messe des familles <\/span><\/p>\n<\/td>\n<\/tr>\n<tr style=\"height: 3px;\">\n<td class=\"tm10 tm11 tm12\" style=\"border-style: solid; width: 26.2069%; height: 3px;\">\n<p class=\"Contenudetableau tm15\"><span style=\"color: #000000;\"><strong><span class=\"tm16\">Mardi 12 avril <\/span><\/strong><\/span><\/p>\n<p class=\"Contenudetableau tm15\"><span class=\"tm21\" style=\"color: #000000;\">Messe Chrismale\u00a0<\/span><\/p>\n<\/td>\n<td class=\"tm10 tm11 tm14\" style=\"border-style: solid; width: 28.154%; height: 3px;\">\n<p class=\"Contenudetableau tm20\"><span class=\"tm21\" style=\"color: #000000;\">15h \u00e0 la cath\u00e9drale de Nancy<\/span><\/p>\n<\/td>\n<td class=\"tm10 tm11 tm17\" style=\"border-style: solid; width: 21.5009%; height: 3px;\">\n<p class=\"Contenudetableau tm20\"><span class=\"tm21\" style=\"color: #000000;\">15h \u00e0 la cath\u00e9drale de Nancy<\/span><\/p>\n<\/td>\n<td class=\"tm10 tm11 tm14\" style=\"border-style: solid; width: 63.8622%; height: 3px;\">\n<p class=\"Contenudetableau tm20\"><span class=\"tm21\" style=\"color: #000000;\">15h \u00e0 la cath\u00e9drale de Nancy<\/span><\/p>\n<\/td>\n<\/tr>\n<tr style=\"height: 3px;\">\n<td class=\"tm10 tm11 tm12\" style=\"border-style: solid; width: 26.2069%; height: 3px;\">\n<p class=\"Contenudetableau tm15\"><span style=\"color: #000000;\"><strong><span class=\"tm16\">Jeudi 14<\/span> <span class=\"tm16\">avril<\/span><\/strong><\/span><\/p>\n<p class=\"Contenudetableau tm15\"><span style=\"color: #000000;\"><strong><span class=\"tm16\">Jeudi Saint <\/span><\/strong><\/span><\/p>\n<p class=\"Contenudetableau tm15\"><span class=\"tm21\" style=\"color: #000000;\">Messe de la C\u00e8ne<\/span><\/p>\n<\/td>\n<td class=\"tm10 tm11 tm14\" style=\"border-style: solid; width: 28.154%; height: 3px;\">\n<p class=\"Contenudetableau tm20\"><span class=\"tm21\" style=\"color: #000000;\">18h30 \u00e0 Bainville <\/span><\/p>\n<\/td>\n<td class=\"tm10 tm11 tm17\" style=\"border-style: solid; width: 21.5009%; height: 3px;\">\n<p class=\"Contenudetableau tm20\"><span class=\"tm21\" style=\"color: #000000;\">18h00 \u00e0 Heillecourt <\/span><\/p>\n<\/td>\n<td class=\"tm10 tm11 tm14\" style=\"border-style: solid; width: 63.8622%; height: 3px;\">\n<p class=\"Contenudetableau tm20\"><span class=\"tm21\" style=\"color: #000000;\">19h00 \u00e0 Jarville<\/span><\/p>\n<\/td>\n<\/tr>\n<tr style=\"height: 3px;\">\n<td class=\"tm10 tm11 tm12\" style=\"border-style: solid; width: 26.2069%; height: 3px;\">\n<p class=\"Contenudetableau tm15\"><span style=\"color: #000000;\"><strong><span class=\"tm16\">Vendredi 15 avril<\/span><\/strong><\/span><\/p>\n<p class=\"Contenudetableau tm15\"><span style=\"color: #000000;\"><strong><span class=\"tm16\">Vendredi Saint<\/span><\/strong><\/span><\/p>\n<p class=\"Contenudetableau tm15\"><span class=\"tm21\" style=\"color: #000000;\">Chemin de croix <\/span><\/p>\n<\/td>\n<td class=\"tm10 tm11 tm14\" style=\"border-style: solid; width: 28.154%; height: 3px;\">\n<p class=\"Contenudetableau tm20\"><span class=\"tm21\" style=\"color: #000000;\">15h \u00e0 Neuves-Maisons <\/span><\/p>\n<p class=\"Contenudetableau tm20\"><span class=\"tm21\" style=\"color: #000000;\">\u00a0<\/span><\/p>\n<\/td>\n<td class=\"tm10 tm11 tm17\" style=\"border-style: solid; width: 21.5009%; height: 3px;\">\n<p class=\"Contenudetableau tm20\"><span class=\"tm21\" style=\"color: #000000;\">15h \u00e0 Heillecourt<\/span><\/p>\n<p class=\"Contenudetableau tm20\"><span class=\"tm21\" style=\"color: #000000;\">15h \u00e0 Ludres<\/span><\/p>\n<p class=\"Contenudetableau tm20\"><span class=\"tm21\" style=\"color: #000000;\">Confessions possibles apr\u00e8s le chemin de croix <\/span><\/p>\n<p class=\"Contenudetableau tm20\"><span class=\"tm21\" style=\"color: #000000;\">\u00a0<\/span><\/p>\n<\/td>\n<td class=\"tm10 tm11 tm14\" style=\"border-style: solid; width: 63.8622%; height: 3px;\">\n<p class=\"Contenudetableau tm20\"><span class=\"tm21\" style=\"color: #000000;\">15h \u00e0 Laneuveville<\/span><\/p>\n<p class=\"Contenudetableau tm20\"><span class=\"tm21\" style=\"color: #000000;\">\u00a0<\/span><\/p>\n<p class=\"Contenudetableau tm20\"><span class=\"tm21\" style=\"color: #000000;\">Confessions possibles apr\u00e8s le chemin de croix <\/span><\/p>\n<\/td>\n<\/tr>\n<tr style=\"height: 3px;\">\n<td class=\"tm10 tm11 tm12\" style=\"border-style: solid; width: 26.2069%; height: 3px;\">\n<p class=\"Contenudetableau tm15\"><span style=\"color: #000000;\"><strong><span class=\"tm16\">Vendredi 15 avril<\/span><\/strong><\/span><\/p>\n<p class=\"Contenudetableau tm15\"><span class=\"tm21\" style=\"color: #000000;\">Office de la Croix<\/span><\/p>\n<\/td>\n<td class=\"tm10 tm11 tm14\" style=\"border-style: solid; width: 28.154%; height: 3px;\">\n<p class=\"Contenudetableau tm20\"><span class=\"tm21\" style=\"color: #000000;\">18h 30 \u00e0 Bainville<\/span><\/p>\n<\/td>\n<td class=\"tm10 tm11 tm17\" style=\"border-style: solid; width: 21.5009%; height: 3px;\">\n<p class=\"Contenudetableau tm20\"><span class=\"tm21\" style=\"color: #000000;\">18h00 \u00e0 Heillecourt<\/span><\/p>\n<\/td>\n<td class=\"tm10 tm11 tm14\" style=\"border-style: solid; width: 63.8622%; height: 3px;\">\n<p class=\"Contenudetableau tm20\"><span class=\"tm21\" style=\"color: #000000;\">19h00 \u00e0 Jarville<\/span><\/p>\n<\/td>\n<\/tr>\n<tr style=\"height: 3px;\">\n<td class=\"tm10 tm11 tm12\" style=\"border-style: solid; width: 26.2069%; height: 3px;\">\n<p class=\"Contenudetableau tm15\"><span style=\"color: #000000;\"><strong><span class=\"tm16\">Samedi 16 avril<\/span><\/strong><\/span><\/p>\n<p class=\"Contenudetableau tm15\"><span class=\"tm21\" style=\"color: #000000;\">Vigile de la nuit de P\u00e2ques <\/span><\/p>\n<\/td>\n<td class=\"tm10 tm11 tm14\" style=\"border-style: solid; width: 28.154%; height: 3px;\">\n<p class=\"Contenudetableau tm20\"><span class=\"tm21\" style=\"color: #000000;\">21h \u00e0 Maizi\u00e8res<\/span><\/p>\n<\/td>\n<td class=\"tm10 tm11 tm17\" style=\"border-style: solid; width: 21.5009%; height: 3px;\">\n<p class=\"Contenudetableau tm20\"><span class=\"tm21\" style=\"color: #000000;\">21h \u00e0 Heillecourt<\/span><\/p>\n<\/td>\n<td class=\"tm10 tm11 tm14\" style=\"border-style: solid; width: 63.8622%; height: 3px;\">\n<p class=\"Contenudetableau tm20\"><span class=\"tm21\" style=\"color: #000000;\">21h \u00e0 Jarville<\/span><\/p>\n<\/td>\n<\/tr>\n<tr style=\"height: 3px;\">\n<td class=\"tm10 tm11 tm12\" style=\"border-style: solid; width: 26.2069%; height: 3px;\">\n<p class=\"Contenudetableau tm15\"><span style=\"color: #000000;\"><strong><span class=\"tm16\">Dimanche 17 avril <\/span><\/strong><span class=\"tm21\">Messe du dimanche de P\u00e2ques<\/span><\/span><\/p>\n<\/td>\n<td class=\"tm10 tm11 tm14\" style=\"border-style: solid; width: 28.154%; height: 3px;\">\n<p class=\"Contenudetableau tm28\"><span class=\"tm21\" style=\"color: #000000;\">10h Frolois<\/span><\/p>\n<p class=\"Contenudetableau tm28\"><span class=\"tm21\" style=\"color: #000000;\">10h30 \u00e0 Neuves-Maisons<\/span><\/p>\n<\/td>\n<td class=\"tm10 tm11 tm17\" style=\"border-style: solid; width: 21.5009%; height: 3px;\">\n<p class=\"Contenudetableau tm15\"><span class=\"tm21\" style=\"color: #000000;\">11h \u00e0 Ludres<\/span><\/p>\n<\/td>\n<td class=\"tm10 tm11 tm14\" style=\"border-style: solid; width: 63.8622%; height: 3px;\">\n<p class=\"Contenudetableau tm28\"><span class=\"tm21\" style=\"color: #000000;\">10h \u00e0 Fl\u00e9ville<\/span><\/p>\n<p class=\"Contenudetableau tm28\"><span class=\"tm22\" style=\"color: #000000;\">\u00a0<\/span><\/p>\n<p class=\"Contenudetableau tm28\"><span class=\"tm21\" style=\"color: #000000;\">10h30 \u00e0 Laneuveville<\/span><\/p>\n<\/td>\n<\/tr>\n<\/tbody>\n<\/table>\n<p class=\"Normal\">\u00a0<\/p>\n<p><\/p>\n","protected":false},"excerpt":{"rendered":"","protected":false},"author":5,"featured_media":553,"comment_status":"closed","ping_status":"open","sticky":false,"template":"","format":"standard","meta":[],"categories":[7],"tags":[],"acf":[],"_links":{"self":[{"href":"https:\/\/paroisses-nancy-sud.fr\/HOME\/wp-json\/wp\/v2\/posts\/1973"}],"collection":[{"href":"https:\/\/paroisses-nancy-sud.fr\/HOME\/wp-json\/wp\/v2\/posts"}],"about":[{"href":"https:\/\/paroisses-nancy-sud.fr\/HOME\/wp-json\/wp\/v2\/types\/post"}],"author":[{"embeddable":true,"href":"https:\/\/paroisses-nancy-sud.fr\/HOME\/wp-json\/wp\/v2\/users\/5"}],"replies":[{"embeddable":true,"href":"https:\/\/paroisses-nancy-sud.fr\/HOME\/wp-json\/wp\/v2\/comments?post=1973"}],"version-history":[{"count":5,"href":"https:\/\/paroisses-nancy-sud.fr\/HOME\/wp-json\/wp\/v2\/posts\/1973\/revisions"}],"predecessor-version":[{"id":1981,"href":"https:\/\/paroisses-nancy-sud.fr\/HOME\/wp-json\/wp\/v2\/posts\/1973\/revisions\/1981"}],"wp:featuredmedia":[{"embeddable":true,"href":"https:\/\/paroisses-nancy-sud.fr\/HOME\/wp-json\/wp\/v2\/media\/553"}],"wp:attachment":[{"href":"https:\/\/paroisses-nancy-sud.fr\/HOME\/wp-json\/wp\/v2\/media?parent=1973"}],"wp:term":[{"taxonomy":"category","embeddable":true,"href":"https:\/\/paroisses-nancy-sud.fr\/HOME\/wp-json\/wp\/v2\/categories?post=1973"},{"taxonomy":"post_tag","embeddable":true,"href":"https:\/\/paroisses-nancy-sud.fr\/HOME\/wp-json\/wp\/v2\/tags?post=1973"}],"curies":[{"name":"wp","href":"https:\/\/api.w.org\/{rel}","templated":true}]}}