{"id":1982,"date":"2022-03-27T15:30:50","date_gmt":"2022-03-27T13:30:50","guid":{"rendered":"https:\/\/paroisses-nancy-sud.fr\/HOME\/?p=1982"},"modified":"2022-03-27T15:30:50","modified_gmt":"2022-03-27T13:30:50","slug":"dimanche-de-la-joie","status":"publish","type":"post","link":"https:\/\/paroisses-nancy-sud.fr\/HOME\/dimanche-de-la-joie\/","title":{"rendered":"Dimanche de la Joie !"},"content":{"rendered":"\n<p><span style=\"color: #000000;\">Nous sommes comme le peuple d&rsquo;Isra\u00ebl dans la premi\u00e8re lecture. Nous venons de l&rsquo;entendre : le peuple a march\u00e9 quarante ans au d\u00e9sert, nourri de la manne et, le jour o\u00f9 ils parviennent en terre promise, c&rsquo;en est fini de la manne ; d\u00e9sormais, ils se nourriront directement des produits du pays.<\/span><\/p>\n<p><span style=\"color: #000000;\">C&rsquo;est une image de ce qui nous est promis. La marche au d\u00e9sert, c&rsquo;est notre vie aujourd&rsquo;hui sur la terre. La manne, ce sont les sacrements, et plus g\u00e9n\u00e9ralement tout ce qui nous est donn\u00e9 pour soutenir notre marche : la parole de Dieu, la vie en \u00c9glise, etc. La terre promise, c&rsquo;est le ciel, le paradis. De m\u00eame qu&rsquo;il n&rsquo;y a plus de manne en terre promise, de m\u00eame il n&rsquo;y aura plus de sacrements au ciel.<\/span><\/p>\n<p><span style=\"color: #000000;\">Je voudrais nous encourager tous \u00e0 rester en pr\u00e9sence de celui en qui seul nous avons la vie, le mouvement et l&rsquo;\u00eatre, notre P\u00e8re.<\/span><\/p>\n<p><span style=\"color: #000000;\">Aujourd&rsquo;hui, par les sacrements, le Seigneur nous adopte et nous recr\u00e9e, il se donne \u00e0 nous et nous nourrit, il gu\u00e9rit nos \u00e2mes et nous r\u00e9concilie. Un jour, si nous tenons ferme, nous entrerons au ciel, o\u00f9 Dieu lui-m\u00eame sera notre r\u00e9compense, notre nourriture. C&rsquo;est ce que nous laisse entendre le psaume : \u00ab Go\u00fbtez et voyez comme est bon le Seigneur ! \u00bb Le ciel, c&rsquo;est Dieu pr\u00e9sent.<\/span><\/p>\n<p><span style=\"color: #000000;\">Je redis la m\u00eame chose d&rsquo;une autre mani\u00e8re. Il y a quelques jours, \u00e0 propos de l&rsquo;enfer, quelqu&rsquo;un m&rsquo;affirmait de fa\u00e7on p\u00e9remptoire : \u00ab Dieu est amour, donc il donnera le ciel \u00e0 tout le monde. L&rsquo;enfer \u00e7a n&rsquo;existe pas. CQFD. \u00bb Ce serait tout \u00e0 fait vrai si le ciel \u00e9tait effectivement quelque chose que Dieu donne. Or le ciel, ce n&rsquo;est finalement rien d&rsquo;autre que Dieu lui-m\u00eame, sa pr\u00e9sence. Il est contradictoire de vouloir le ciel en refusant Dieu. L&rsquo;enfer, c&rsquo;est ce que choisissent ceux qui ne veulent pas de Dieu.<\/span><\/p>\n<p><span style=\"color: #000000;\">Je redis une derni\u00e8re fois la m\u00eame chose, avec une image tir\u00e9e du film Les Visiteurs. Dans ce film, Jean Reno et Christian Clavier campent un chevalier du XIIe si\u00e8cle et son serviteur propuls\u00e9s \u00e0 la fin du XXe si\u00e8cle. Au moment d&rsquo;explorer un souterrain, le chevalier demande \u00e0 son serviteur une torche. Celui-ci d\u00e9croche une applique du mur, si bien qu&rsquo;il arrache le fil \u00e9lectrique et que la lampe s&rsquo;\u00e9teint. Il recommence avec une autre applique, et encore une autre. Impossible de s&rsquo;approprier la lumi\u00e8re pour soi en se coupant de la source d&rsquo;\u00e9nergie.<\/span><\/p>\n<p><span style=\"color: #000000;\">Nous ne pouvons pas s\u00e9parer les gr\u00e2ces de Dieu et Dieu lui-m\u00eame ; nous ne pouvons pas s\u00e9parer le don et le donateur ; c&rsquo;est exactement ce que nous vivons \u00e0 chaque eucharistie : l&rsquo;eucharistie c&rsquo;est le don de Dieu, c&rsquo;est Dieu lui-m\u00eame que nous recevons.<\/span><\/p>\n<p><span style=\"color: #000000;\">Pour ce qui est de s\u00e9parer le don du donateur, les deux fr\u00e8res de la parabole ne valent pas mieux l&rsquo;un que l&rsquo;autre. C&rsquo;est bonnet blanc et blanc bonnet, kif-kif bourricot. L&rsquo;un coupe franchement les ponts avec son p\u00e8re et d\u00e9p\u00e9rit loin de lui ; l&rsquo;autre tente de m\u00e9nager la ch\u00e8vre et le chou, tout en s&rsquo;attristant de ne pas pouvoir prendre le large le temps d&rsquo;une soir\u00e9e pour une <em>chouille<\/em> entre copains. Pour l&rsquo;un comme pour l&rsquo;autre, le p\u00e8re n&rsquo;est pas la source de leur vie et de leur joie ; il est une contrainte, un fil \u00e0 la patte, une cause de tristesse.<\/span><\/p>\n<p><span style=\"color: #000000;\">Pour tant de nos contemporains, le Bon Dieu est une contrainte et une cause de tristesse. La pri\u00e8re ? Quelle barbe ! La parole de Dieu ? Encore des injonctions ! Recevoir le pardon de Dieu au bapt\u00eame et dans la confession ? Recevoir Dieu lui-m\u00eame dans l&rsquo;eucharistie ? Franchement, quel int\u00e9r\u00eat ?<\/span><\/p>\n<p><span style=\"color: #000000;\">Nous ne sommes pas \u00e0 l&rsquo;abri de cette tristesse dess\u00e9chante que les anciens appellent l&rsquo;ac\u00e9die. Nous aussi nous sommes parfois d\u00e9go\u00fbt\u00e9s de la pri\u00e8re, de la parole et des sacrements, comme le peuple d&rsquo;Isra\u00ebl \u00e9tait d\u00e9go\u00fbt\u00e9 de la manne au d\u00e9sert. Nous aussi nous arborons parfois ces faces de car\u00eame sans P\u00e2ques, comme dit le pape Fran\u00e7ois.<\/span><\/p>\n<p><span style=\"color: #000000;\">Si cela arrive, \u00e9coutons ces trois conseils de saint Fran\u00e7ois de Sales. Primo veillons \u00e0 notre \u00e9quilibre : repos, alimentation, travail, il en faut assez mais pas trop ; celui qui est fatigu\u00e9 ou stress\u00e9 ne peut pas prier. Secundo, demandons-nous si le probl\u00e8me ne vient pas de nous : n\u00e9gligence dans la pri\u00e8re, compromis avec le vrai et le bien, paresse pour conna\u00eetre Dieu, sont autant de b\u00fbches humides qui \u00e9touffent notre bon feu int\u00e9rieur. Au contraire, plus l&rsquo;on conna\u00eet Dieu, plus on l&rsquo;aime avec ardeur. Tertio, acceptons que Dieu nous refuse parfois les consolations pour que nous ne nous attachions pas aux sentiments de notre c\u0153ur, mais \u00e0 lui seul.<\/span><\/p>\n<p><span style=\"color: #000000;\">Je voudrais nous laisser avec une derni\u00e8re image. Aujourd&rsquo;hui, c&rsquo;est le dimanche de la joie, d&rsquo;o\u00f9 les ornements roses. Trop souvent, les hommes s&rsquo;attristent de Dieu. Au contraire, l\u2019\u00c9vangile nous montre que Dieu se r\u00e9jouit avec les enfants des hommes. Dieu est joie. Dieu est heureux de voir les hommes se convertir. Ce n&rsquo;est pas \u00e0 contrec\u0153ur mais avec une immense joie que J\u00e9sus s&rsquo;attable avec les p\u00e9cheurs. Et voyons cette joie exub\u00e9rante du p\u00e8re qui retrouve son fils en vie. Un confr\u00e8re libanais me disait combien il \u00e9tait totalement inconcevable pour un p\u00e8re de famille en Orient de se comporter comme le p\u00e8re de la parabole. Incroyable folie de la joie de Dieu. Voil\u00e0 quelle est la joie de Dieu lorsqu&rsquo;un p\u00e9cheur p\u00e9nitent revient \u00e0 lui.<\/span><\/p>\n<p><span style=\"color: #000000;\">Fr\u00e8re et s\u0153urs, chacun de nous peut faire la joie de Dieu en ce temps de car\u00eame. Je ne saurais trop vous recommander d&rsquo;avoir recours au sacrement de la r\u00e9conciliation, et je vous renvoie \u00e0 la deuxi\u00e8me lecture d&rsquo;aujourd&rsquo;hui. Mais chaque jour, prenons quelques minutes pour relire notre journ\u00e9e, pour rendre gr\u00e2ce et pour demander pardon. \u00ab P\u00e8re, j&rsquo;ai p\u00e9ch\u00e9 contre le ciel et envers toi&#8230; \u00bb Soyons s\u00fbrs qu&rsquo;\u00e0 cet instant pr\u00e9cis, un sourire radieux \u00e9claire le visage de notre P\u00e8re.<\/span><\/p>\n<p style=\"text-align: right;\"><span style=\"color: #000000;\"><em>P\u00e8re Alexandre-Marie<\/em><\/span><\/p>\n","protected":false},"excerpt":{"rendered":"<p>Nous sommes comme le peuple d&rsquo;Isra\u00ebl dans la premi\u00e8re lecture. Nous venons de l&rsquo;entendre : le peuple a march\u00e9 quarante ans au d\u00e9sert, nourri de la manne et, le jour o\u00f9 ils parviennent en terre promise, c&rsquo;en est fini de la manne ; d\u00e9sormais, ils se nourriront directement des produits du pays. C&rsquo;est une image&hellip; <br \/> <a class=\"read-more\" href=\"https:\/\/paroisses-nancy-sud.fr\/HOME\/dimanche-de-la-joie\/\">Lire la suite<\/a><\/p>\n","protected":false},"author":9,"featured_media":290,"comment_status":"closed","ping_status":"open","sticky":false,"template":"","format":"standard","meta":[],"categories":[9],"tags":[],"acf":[],"_links":{"self":[{"href":"https:\/\/paroisses-nancy-sud.fr\/HOME\/wp-json\/wp\/v2\/posts\/1982"}],"collection":[{"href":"https:\/\/paroisses-nancy-sud.fr\/HOME\/wp-json\/wp\/v2\/posts"}],"about":[{"href":"https:\/\/paroisses-nancy-sud.fr\/HOME\/wp-json\/wp\/v2\/types\/post"}],"author":[{"embeddable":true,"href":"https:\/\/paroisses-nancy-sud.fr\/HOME\/wp-json\/wp\/v2\/users\/9"}],"replies":[{"embeddable":true,"href":"https:\/\/paroisses-nancy-sud.fr\/HOME\/wp-json\/wp\/v2\/comments?post=1982"}],"version-history":[{"count":1,"href":"https:\/\/paroisses-nancy-sud.fr\/HOME\/wp-json\/wp\/v2\/posts\/1982\/revisions"}],"predecessor-version":[{"id":1983,"href":"https:\/\/paroisses-nancy-sud.fr\/HOME\/wp-json\/wp\/v2\/posts\/1982\/revisions\/1983"}],"wp:featuredmedia":[{"embeddable":true,"href":"https:\/\/paroisses-nancy-sud.fr\/HOME\/wp-json\/wp\/v2\/media\/290"}],"wp:attachment":[{"href":"https:\/\/paroisses-nancy-sud.fr\/HOME\/wp-json\/wp\/v2\/media?parent=1982"}],"wp:term":[{"taxonomy":"category","embeddable":true,"href":"https:\/\/paroisses-nancy-sud.fr\/HOME\/wp-json\/wp\/v2\/categories?post=1982"},{"taxonomy":"post_tag","embeddable":true,"href":"https:\/\/paroisses-nancy-sud.fr\/HOME\/wp-json\/wp\/v2\/tags?post=1982"}],"curies":[{"name":"wp","href":"https:\/\/api.w.org\/{rel}","templated":true}]}}