{"id":2025,"date":"2022-04-08T18:15:00","date_gmt":"2022-04-08T16:15:00","guid":{"rendered":"https:\/\/paroisses-nancy-sud.fr\/HOME\/?p=2025"},"modified":"2022-04-08T18:20:43","modified_gmt":"2022-04-08T16:20:43","slug":"annonces-de-saint-francois-de-sales-et-sainte-jeanne-de-chantal-du-9-avril","status":"publish","type":"post","link":"https:\/\/paroisses-nancy-sud.fr\/HOME\/annonces-de-saint-francois-de-sales-et-sainte-jeanne-de-chantal-du-9-avril\/","title":{"rendered":"Annonces de Saint-Fran\u00e7ois-de-Sales et Sainte-Jeanne-de-Chantal du 9 avril"},"content":{"rendered":"\n<p class=\"Normal tm6\"><span style=\"color: #000000;\"><strong><span class=\"tm7\"><span style=\"text-decoration: underline;\">Bapt\u00eames :<\/span><\/span><span class=\"tm7\"> <br \/><\/span><\/strong><strong><span class=\"tm9\">Le samedi 16 avril, \u00e0 Jarville, \u00e0 la Vigile de P\u00e2ques<\/span><\/strong><span class=\"tm10\">, Claude recevra le bapt\u00eame, la confirmation et communiera pour la premi\u00e8re fois.<br \/><\/span><strong><span class=\"tm9\">Le dimanche 17 avril, dimanche de P\u00e2ques, <\/span><\/strong><span class=\"tm10\">une jeune adolescente Kelya Petrovic sera baptis\u00e9e \u00e0 Laneuveville pendant la messe, Lisa Ravenel sera baptis\u00e9e \u00e0 Fl\u00e9ville, Maxime GILAIN-GABRIEL, Alessio THOMAS et Diane DESTAING seront baptis\u00e9s \u00e0 Ludres. <br \/><\/span><em><span class=\"tm11\">R\u00e9jouissons-nous pour eux et avec eux et accompagnons-les par notre pri\u00e8re.<\/span><\/em><\/span><\/p>\n<p class=\"Standard tm14\"><span style=\"color: #000000;\"><strong><span class=\"tm7\"><span style=\"text-decoration: underline;\">Venir \u00e0 la table ouverte\u2026 et y inviter :<br \/><\/span><\/span><\/strong><span class=\"tm11\">Cette belle habitude est\u00a0d\u00e9sormais bien install\u00e9e. <\/span><strong><span class=\"tm15\">Tous les deuxi\u00e8mes dimanches du mois<\/span><\/strong><span class=\"tm11\">, dans les salles paroissiales \u00e0 c\u00f4t\u00e9 de l\u2019\u00e9glise, c\u2019est la table ouverte : chacun apporte de quoi partager et on fait connaissance.<br \/><\/span><span class=\"tm11\">Et si vous faisiez d\u00e9couvrir ce temps fraternel \u00e0 un voisin, \u00e0 un ami ? Il n\u2019est pas pratiquant ? Ni croyant ? Sans importance : la table ouverte est\u2026 ouverte !<\/span><strong><span class=\"tm15\">Prochaines tables ouvertes le 10 avril (Rameaux) et le 17 avril (P\u00e2ques).<\/span><\/strong><\/span><\/p>\n<p class=\"Standard tm14\"><span style=\"color: #000000;\"><strong><span class=\"tm7\"><span style=\"text-decoration: underline;\">Qu\u00eate suppl\u00e9mentaire de d\u00e9but de mois :<br \/><\/span><\/span><\/strong><span class=\"tm11\">A la sortie des messes de Sainte-Jeanne-de-Chantal, \u00e0 Heillecourt et \u00e0 Flavigny, nous vous solliciterons pour la qu\u00eate suppl\u00e9mentaire qui permet de subvenir aux frais cultuels et de fonctionnement de la paroisse. Merci \u00e0 vous. <\/span><\/span><\/p>\n<p class=\"Standard tm14\"><span style=\"color: #000000;\"><strong><span class=\"tm7\"><span style=\"text-decoration: underline;\">C\u00e9l\u00e9bration du pardon avec confessions le lundi 11 avril :<\/span><br \/><\/span><\/strong><strong><span class=\"tm15\">14h \u00e0 Neuves-Maisons &#8211; 16h \u00e0 Heillecourt &#8211; 19h \u00e0 Jarville<\/span><\/strong><\/span><\/p>\n<p class=\"Standard tm14\"><span style=\"color: #000000;\"><strong><span class=\"tm7\"><span style=\"text-decoration: underline;\">M\u00e9nage de nos \u00e9glises :<\/span> <br \/><\/span><\/strong><strong><span class=\"tm15\">Lundi 11 avril, m\u00e9nage <\/span><span class=\"tm15\">\u00e0 partir de 9h dans l\u2019\u00e9glise de Jarville. <\/span><\/strong><span class=\"tm11\">Venez pr\u00eater main forte \u00e0 l\u2019\u00e9quipe habituelle\u00a0! <br \/><\/span><strong><span class=\"tm15\">Lundi 11 avril et mardi 12 avril de 8h \u00e0 midi rendez-vous \u00e0 l\u2019\u00e9glise de Ludres<\/span><\/strong><span class=\"tm11\"> pour seconder les jeunes du chantier-jeunes organis\u00e9 par la commune de Ludres, pour un \u2018\u2019grand nettoyage de printemps\u2019\u2019 <\/span><\/span><\/p>\n<p class=\"Standard tm8\"><span style=\"color: #000000;\"><span style=\"text-decoration: underline;\"><span class=\"tm13\">\u00a0<\/span><\/span><strong><span class=\"tm19\"><span style=\"text-decoration: underline;\">Horaires des messes et offices de la semaine sainte du 9 au 17 avril 2022 :<\/span> <br \/><\/span><\/strong><strong><span class=\"tm15\">Mardi 12 avril\u00a0: <\/span><\/strong><span class=\"tm15\">15h messe chrismale \u00e0 la cath\u00e9drale de Nancy, 18h messe \u00e0 Jarville<\/span><strong><span class=\"tm15\"><br \/><\/span><\/strong><strong><span class=\"tm15\">Jeudi 14 avril\u00a0: Jeudi saint\u00a0: <\/span><\/strong><span class=\"tm15\">messe \u00e0 18h \u00e0 Heillecourt &#8211; 18h30 \u00e0 Bainville \u2013 19h \u00e0 Jarville <\/span><strong><span class=\"tm15\"><br \/><\/span><\/strong><strong><span class=\"tm15\">Vendredi 15 avril\u00a0: <br \/>\u00a0\u00a0\u00a0\u00a0\u00a0\u00a0\u00a0\u00a0\u00a0\u00a0 Chemin de croix \u00e0 15h <\/span><\/strong><span class=\"tm15\">Heillecourt, Laneuveville, Ludres, Neuves-Maisons<\/span><strong><span class=\"tm15\"><br \/><\/span><\/strong><strong><span class=\"tm15\">\u00a0\u00a0\u00a0\u00a0\u00a0\u00a0\u00a0\u00a0\u00a0 Office de la croix :<\/span><\/strong><span class=\"tm15\">18h \u00e0 Heillecourt \u2013 18h30 \u00e0 Bainville &#8211; 19h \u00e0 Jarville\u00a0 <\/span><strong><span class=\"tm15\"><br \/><\/span><\/strong><strong><span class=\"tm15\">Samedi 16 avril <\/span><\/strong><span class=\"tm11\">: <br \/>\u00a0\u00a0\u00a0\u00a0\u00a0\u00a0\u00a0\u00a0\u00a0\u00a0\u00a0 <\/span><strong><span class=\"tm15\">9h<\/span><\/strong> <strong><span class=\"tm15\">laudes \u00e0 Jarville<\/span><\/strong><span class=\"tm11\"> \u00e0 la crypte, caf\u00e9 convivial puis temps de confessions<br \/><\/span><span class=\"tm11\">\u00a0\u00a0\u00a0\u00a0\u00a0\u00a0\u00a0\u00a0\u00a0\u00a0\u00a0 <\/span><strong><span class=\"tm15\">21h \u00e0 Heillecourt, Jarville<\/span><\/strong><span class=\"tm11\">, <\/span><strong><span class=\"tm15\">Maizi\u00e8res<\/span><\/strong><span class=\"tm11\"> : <\/span><span class=\"tm15\">messe de la vigile de P\u00e2ques<\/span><strong><span class=\"tm15\"><br \/><\/span><\/strong><strong><span class=\"tm15\">Dimanche 17 avril, dimanche de P\u00e2ques <\/span><\/strong><span class=\"tm11\">: <\/span><span class=\"tm15\">10h Fl\u00e9ville, Frolois ; 10h30 Laneuveville, Neuves-Maisons ;<\/span><span class=\"tm15\"> 11h Ludres<\/span><\/span><\/p>\n<p class=\"Normal tm14\"><span style=\"color: #000000;\"><strong><span class=\"tm7\"><span style=\"text-decoration: underline;\">March\u00e9 de P\u00e2ques :<\/span><br \/><\/span><\/strong><strong><span class=\"tm15\">Ces samedi et dimanche 9 et 10 avril de 10h \u00e0 13h \u00e0 Laneuveville et \u00e0 Jarville, <\/span><\/strong><span class=\"tm11\">les \u2018\u2019Abeilles du mardi \u2019\u2019 proposent des d\u00e9corations de P\u00e2ques devant les \u00e9glises. Des stands avec fruits, l\u00e9gumes, charcuterie pour votre march\u00e9 vous attendent aussi ! <\/span><\/span><\/p>\n<p class=\"Normal tm14\"><span style=\"color: #000000;\"><strong><span class=\"tm7\"><span style=\"text-decoration: underline;\">Conf\u00e9rence d\u00e9couverte :<\/span> L\u2019\u00e9glise de Jarville, histoire et origine : <br \/><\/span><\/strong><strong><span class=\"tm22\">Le samedi 30 avril 2022 de 16h \u00e0 17h30\u00a0: L\u2019\u00e9dification de l\u2019\u00e9glise, la cr\u00e9ation de la paroisse\u00a0: <\/span><\/strong><span class=\"tm21\">Venez d\u00e9couvrir l\u2019histoire de l\u2019\u00e9glise\u00a0; un pass\u00e9 riche, des anecdotes, des tr\u00e9sors cach\u00e9s, des photos anciennes. Contribution volontaire en soutien au patrimoine local paroissial \u00e0 partir de 5 euros <\/span><\/span><\/p>\n<p class=\"Normal tm17 tm14\"><span style=\"color: #000000;\"><strong><span class=\"tm23\"><span style=\"text-decoration: underline;\">Autres Annonces : <\/span><br \/><\/span><\/strong><strong><span class=\"tm7\">&#8211; Marche des Rameaux pour les 15-30 ans : <\/span><\/strong><strong><span class=\"tm15\">Le 10 avril rendez-vous devant l\u2019\u00e9glise St L\u00e9on \u00e0 9h<\/span><\/strong> <strong><span class=\"tm15\">pour un d\u00e9part en bus vers Toul<\/span><\/strong><span class=\"tm11\">.<\/span><span class=\"tm11\">Marche fraternelle, joyeuse et priante de Toul vers Nancy avec des jeunes venus de tout le dioc\u00e8se Messe \u00e0 18h 30 \u00e0 Nancy \u00e0 St L\u00e9on. S\u2019inscrire rapidement.<\/span><\/span><\/p>\n<p class=\"Normal tm17 tm14\"><span style=\"color: #000000;\"><span class=\"tm11\">&#8211; <\/span><strong><span class=\"tm7\">Rassemblement dans l\u2019unit\u00e9\u00a0: <\/span><em><span class=\"tm26\">Avance en eau profonde<\/span><\/em><span class=\"tm7\">\u00a0!<br \/><\/span><\/strong><strong><span class=\"tm22\">Louange et pr\u00e9dication\u00a0: <\/span><\/strong><span class=\"tm21\">s\u0153ur Ruth et s\u0153ur Tabitha et pasteur Sa\u00efd Ouijibou\u00a0 <\/span><strong><span class=\"tm22\">Samedi 23 avril 2022 (10h-22h) \u00e0 Toul <\/span><\/strong><span class=\"tm21\">(coll\u00e9giale Saint Gengoult place du Couarail)<\/span><\/span><\/p>\n","protected":false},"excerpt":{"rendered":"<p>Bapt\u00eames : Le samedi 16 avril, \u00e0 Jarville, \u00e0 la Vigile de P\u00e2ques, Claude recevra le bapt\u00eame, la confirmation et communiera pour la premi\u00e8re fois.Le dimanche 17 avril, dimanche de P\u00e2ques, une jeune adolescente Kelya Petrovic sera baptis\u00e9e \u00e0 Laneuveville pendant la messe, Lisa Ravenel sera baptis\u00e9e \u00e0 Fl\u00e9ville, Maxime GILAIN-GABRIEL, Alessio THOMAS et Diane&hellip; <br \/> <a class=\"read-more\" href=\"https:\/\/paroisses-nancy-sud.fr\/HOME\/annonces-de-saint-francois-de-sales-et-sainte-jeanne-de-chantal-du-9-avril\/\">Lire la suite<\/a><\/p>\n","protected":false},"author":5,"featured_media":553,"comment_status":"closed","ping_status":"open","sticky":false,"template":"","format":"standard","meta":[],"categories":[7],"tags":[],"acf":[],"_links":{"self":[{"href":"https:\/\/paroisses-nancy-sud.fr\/HOME\/wp-json\/wp\/v2\/posts\/2025"}],"collection":[{"href":"https:\/\/paroisses-nancy-sud.fr\/HOME\/wp-json\/wp\/v2\/posts"}],"about":[{"href":"https:\/\/paroisses-nancy-sud.fr\/HOME\/wp-json\/wp\/v2\/types\/post"}],"author":[{"embeddable":true,"href":"https:\/\/paroisses-nancy-sud.fr\/HOME\/wp-json\/wp\/v2\/users\/5"}],"replies":[{"embeddable":true,"href":"https:\/\/paroisses-nancy-sud.fr\/HOME\/wp-json\/wp\/v2\/comments?post=2025"}],"version-history":[{"count":4,"href":"https:\/\/paroisses-nancy-sud.fr\/HOME\/wp-json\/wp\/v2\/posts\/2025\/revisions"}],"predecessor-version":[{"id":2029,"href":"https:\/\/paroisses-nancy-sud.fr\/HOME\/wp-json\/wp\/v2\/posts\/2025\/revisions\/2029"}],"wp:featuredmedia":[{"embeddable":true,"href":"https:\/\/paroisses-nancy-sud.fr\/HOME\/wp-json\/wp\/v2\/media\/553"}],"wp:attachment":[{"href":"https:\/\/paroisses-nancy-sud.fr\/HOME\/wp-json\/wp\/v2\/media?parent=2025"}],"wp:term":[{"taxonomy":"category","embeddable":true,"href":"https:\/\/paroisses-nancy-sud.fr\/HOME\/wp-json\/wp\/v2\/categories?post=2025"},{"taxonomy":"post_tag","embeddable":true,"href":"https:\/\/paroisses-nancy-sud.fr\/HOME\/wp-json\/wp\/v2\/tags?post=2025"}],"curies":[{"name":"wp","href":"https:\/\/api.w.org\/{rel}","templated":true}]}}