{"id":2037,"date":"2022-04-15T09:49:32","date_gmt":"2022-04-15T07:49:32","guid":{"rendered":"https:\/\/paroisses-nancy-sud.fr\/HOME\/?p=2037"},"modified":"2022-04-15T09:51:16","modified_gmt":"2022-04-15T07:51:16","slug":"annonces-de-saint-francois-de-sales-et-sainte-jeanne-de-chantal-du-17-avril","status":"publish","type":"post","link":"https:\/\/paroisses-nancy-sud.fr\/HOME\/annonces-de-saint-francois-de-sales-et-sainte-jeanne-de-chantal-du-17-avril\/","title":{"rendered":"Annonces de Saint-Fran\u00e7ois-de-Sales et Sainte-Jeanne-de-Chantal du 17 avril"},"content":{"rendered":"\n<p class=\"Normal tm10\"><span style=\"color: #000000;\"><strong><span class=\"tm11\"><span style=\"text-decoration: underline;\">Bapt\u00eames :<\/span> <br \/><\/span><\/strong><strong><span class=\"tm13\">Ce samedi 16 avril, \u00e0 Jarville, \u00e0 la Vigile de P\u00e2ques<\/span><\/strong><span class=\"tm14\">, Claude recevra les trois sacrements du bapt\u00eame, de la confirmation et de l\u2019eucharistie.<br \/><\/span><strong><span class=\"tm13\">Le dimanche 17 avril, dimanche de P\u00e2ques, <\/span><\/strong><span class=\"tm14\">une jeune adolescente Kelya Petrovic sera baptis\u00e9e \u00e0 Laneuveville pendant la messe, Lisa Ravenel sera baptis\u00e9e \u00e0 Fl\u00e9ville, Maxime GILAIN-GABRIEL, Alessio THOMAS et Diane DESTAING seront baptis\u00e9s \u00e0 Ludres. <br \/><\/span><span class=\"tm15\">R\u00e9jouissons-nous pour eux et avec eux et accompagnons-les par notre pri\u00e8re.<\/span><span class=\"tm17\">\u00a0<\/span><\/span><\/p>\n<p class=\"Standard tm18\"><span style=\"color: #000000;\"><span style=\"text-decoration: underline;\"><strong><span class=\"tm11\">Venir \u00e0 la table ouverte\u2026 et y inviter : <br \/><\/span><\/strong><\/span><span class=\"tm15\">Cette belle habitude est\u00a0d\u00e9sormais bien install\u00e9e. <\/span><strong><span class=\"tm19\">Ce dimanche 17 avril, dimanche de P\u00e2ques, \u00e0 Jarville, <\/span><\/strong><span class=\"tm15\">dans les salles paroissiales \u00e0 c\u00f4t\u00e9 de l\u2019\u00e9glise, c\u2019est table ouverte : chacun apporte de quoi partager un repas festif pour P\u00e2ques et on fait connaissance.<br \/><\/span><span class=\"tm15\">Et si vous faisiez d\u00e9couvrir ce temps fraternel \u00e0 un voisin, \u00e0 un ami ? Il n\u2019est pas pratiquant ? Ni croyant ? Sans importance : la table ouverte est\u2026 ouverte !<\/span><\/span><\/p>\n<p class=\"Standard tm18\"><span style=\"color: #000000;\"><span style=\"text-decoration: underline;\"><strong><span class=\"tm21\">Horaires des messes des 23 et 24 avril 2022 : <br \/><\/span><\/strong><\/span><strong><span class=\"tm19\">Samedi 23 avril <\/span><\/strong><span class=\"tm15\">: <\/span><span class=\"tm19\">18hTh\u00e9lod 18h30 Laneuveville et Heillecourt <br \/><\/span><strong><span class=\"tm19\">Dimanche 24 avril,\u00a0: <\/span><\/strong><span class=\"tm19\">10h Flavigny, Fl\u00e9ville, 10h30 Jarville, Neuves-Maisons <\/span><\/span><\/p>\n<p class=\"Normal tm12\"><span style=\"color: #000000;\"><strong><span class=\"tm11\"><span style=\"text-decoration: underline;\">Attention : horaires \u2019\u2019d\u2019\u00e9t\u00e9 \u2019\u2019 le samedi : <br \/><\/span><\/span><\/strong><span class=\"tm15\">Comme chaque ann\u00e9e, apr\u00e8s P\u00e2ques, <\/span><strong><span class=\"tm19\">la messe du samedi \u00e0 Laneuveville et \u00e0 Heillecourt <\/span><\/strong><span class=\"tm19\">reprend son horaire d\u2019\u00e9t\u00e9\u00a0: <strong>18h30<\/strong> <\/span><\/span><\/p>\n<p class=\"Normal tm12\"><span style=\"color: #000000;\"><strong><span class=\"tm26\"><span style=\"text-decoration: underline;\">Venir \u00e0 vous :<\/span> <br \/><\/span><\/strong><span class=\"tm14\">Visiter les maisons et b\u00e9nir leurs occupants avec l\u2019eau consacr\u00e9e \u00e0 P\u00e2ques est une tradition au temps pascal. <br \/><\/span><span class=\"tm14\">Et si c\u2019\u00e9tait l\u2019occasion pour vous d<\/span><strong><span class=\"tm13\">\u2019inviter l\u2019un de vos pr\u00eatres<\/span><\/strong><span class=\"tm14\"> pour un repas ou simplement un caf\u00e9 ? L\u2019occasion de prier ensemble avec votre famille, en invitant l\u2019un ou l\u2019autre voisin ? \u00a0L\u2019occasion de vivre un temps de partage fraternel autour du Seigneur ressuscit\u00e9 ? <\/span><span class=\"tm14\">L\u2019occasion de poser ces questions de foi que vous n\u2019avez jamais os\u00e9 poser avant ?<br \/><\/span><span class=\"tm14\">Int\u00e9ress\u00e9s ? Lancez-vous !<br \/><\/span><em><span class=\"tm27\">\u00a0\u00a0\u00a0\u00a0\u00a0\u00a0\u00a0\u00a0 Marc Haeussler 06 43 10 46 44\u00a0<br \/>\u00a0\u00a0\u00a0\u00a0\u00a0\u00a0\u00a0\u00a0 Guy Tshimanga 06 56 70 55 21<br \/><\/span><\/em><em><span class=\"tm27\">\u00a0\u00a0\u00a0\u00a0\u00a0\u00a0\u00a0\u00a0 Raj Sampath-Kumar 07 67 37 44 41 <br \/>\u00a0\u00a0\u00a0\u00a0\u00a0\u00a0\u00a0\u00a0 Alexandre-Marie Valder 07 71 03 96 97 <\/span><\/em><\/span><\/p>\n<p class=\"Normal tm18\"><span style=\"color: #000000;\"><span style=\"text-decoration: underline;\"><strong><span class=\"tm11\">Conf\u00e9rence d\u00e9couverte : L\u2019\u00e9glise de Jarville, histoire et origine : <br \/><\/span><\/strong><\/span><strong><span class=\"tm30\">Le samedi 30 avril 2022 de 16h \u00e0 17h30\u00a0: L\u2019\u00e9dification de l\u2019\u00e9glise, la cr\u00e9ation de la paroisse\u00a0: <\/span><\/strong><span class=\"tm29\">Venez d\u00e9couvrir l\u2019histoire de l\u2019\u00e9glise\u00a0; un pass\u00e9 riche, des anecdotes, des tr\u00e9sors cach\u00e9s, des photos anciennes. Contribution volontaire en soutien au patrimoine local paroissial \u00e0 partir de 5 euros. <\/span><\/span><\/p>\n<p class=\"Normal tm12\"><span style=\"color: #000000;\"><span class=\"tm24\">\u00a0<\/span><strong><span class=\"tm11\"><span style=\"text-decoration: underline;\">Qu\u00eate imp\u00e9r\u00e9e<\/span> : <\/span><\/strong><span class=\"tm29\">Ce dimanche de P\u00e2ques, la qu\u00eate est une qu\u00eate imp\u00e9r\u00e9e pour la Caisse Pastorale de P\u00e2ques. <\/span><\/span><\/p>\n<p class=\"Normal tm18\"><span style=\"color: #000000;\"><strong><span class=\"tm11\"><span style=\"text-decoration: underline;\">\u00c9change autour de l\u2019\u00e9vangile :<\/span> <br \/><\/span><\/strong><strong><span class=\"tm19\">Le 2 mai \u00e0 18h \u00e0 Jarville dans les salles paroissiales<\/span><\/strong><span class=\"tm29\">, <\/span><span class=\"tm15\">\u00e9change autour de l\u2019\u00e9vangile du bon pasteur <\/span><strong><span class=\"tm28\">\u00a0<\/span><\/strong><\/span><\/p>\n<p class=\"Normal tm22 tm18\"><span style=\"color: #000000;\"><strong><span class=\"tm31\"><em>Autres Annonces :<\/em><br \/>\u00a0&#8211; <\/span><\/strong><strong><span class=\"tm11\"><span style=\"text-decoration: underline;\">Rassemblement dans l\u2019unit\u00e9\u00a0<\/span>: <\/span><em><span class=\"tm34\">Avance en eau profonde<\/span><\/em><span class=\"tm11\"> ! <\/span><\/strong><strong><span class=\"tm19\">Louange et pr\u00e9dication\u00a0: <\/span><\/strong><span class=\"tm15\">s\u0153ur Ruth et s\u0153ur Tabitha et pasteur Sa\u00efd Ouijibou. <\/span><strong><span class=\"tm19\">Samedi 23 avril 2022 (10h-22h) \u00e0 Toul <\/span><\/strong><span class=\"tm15\">(coll\u00e9giale Saint Gengoult place du Couarail). infos\u00a0: smcrmission@gmail..com<\/span><\/span><\/p>\n<p class=\"Normal tm22 tm18\"><span style=\"color: #000000;\"><span class=\"tm15\">\u00a0&#8211; <\/span><strong><span class=\"tm26\"><span style=\"text-decoration: underline;\">Venez rencontrer le cardinal Sarah<\/span> \u00e0 Nancy (23 avril au 24 avril 2022). <\/span><\/strong><span class=\"tm14\">Alors que le dioc\u00e8se de Nancy et de Toul arrive \u00e0 la derni\u00e8re ann\u00e9e de son triptyque pastoral \u00ab Repartir du Christ \u00bb avec pour derni\u00e8re maxime \u00ab Imiter le Christ \u00bb,\u00a0<\/span><strong><span class=\"tm13\">c\u2019est avec une grande joie que nous recevons, le temps d\u2019un week-end, le cardinal Robert Sarah<\/span><\/strong><span class=\"tm14\">. <\/span><span class=\"tm14\">Il nous fait le plaisir et l\u2019honneur de tenir une\u00a0<\/span><strong><span class=\"tm13\">conf\u00e9rence<\/span><\/strong><span class=\"tm14\">\u00a0 au Domaine de l\u2019Asn\u00e9e, 11 Rue de Laxou, 54600 Villers-l\u00e8s-Nancy, pour aborder le th\u00e8me <\/span><em><span class=\"tm27\">\u00ab\u00a0Disciple missionnaire \u00e0 l\u2019\u00e9cole du Christ\u00a0\u00bb<\/span><\/em><span class=\"tm14\">. Lui qui a b\u00e9n\u00e9fici\u00e9 de l\u2019enseignement de pr\u00eatres spiritains fran\u00e7ais, qui a connu et tenu t\u00eate \u00e0 l\u2019hostilit\u00e9 du r\u00e9gime dictatorial envers les catholiques dans son pays natal, qui a pendant de nombreuses ann\u00e9es \u00e9t\u00e9 secr\u00e9taire de la Congr\u00e9gation pour l\u2019\u00e9vang\u00e9lisation des peuples, vient aujourd\u2019hui \u00e0 Nancy nous parler d\u2019un sujet qu\u2019il conna\u00eet bien. <\/span><span class=\"tm14\">A l\u2019heure o\u00f9 nous pourrions \u00eatre tent\u00e9s d\u2019oublier nos racines chr\u00e9tiennes, o\u00f9 celles-ci sont souvent oubli\u00e9es par le monde occidental, le cardinal Sarah vient nous rappeler le tr\u00e9sor de notre culture, de notre foi et de la n\u00e9cessit\u00e9 de le faire fructifier. Tout cela dans un seul but, suivre le Christ : \u00ab\u00a0<\/span><em><span class=\"tm27\">Prenez sur vous mon joug,\u00a0devenez mes disciples, car je suis\u00a0doux\u00a0et\u00a0humble\u00a0de c\u0153ur, et vous trouverez le\u00a0repos\u00a0pour votre \u00e2me.<\/span><\/em><span class=\"tm14\">\u00a0\u00bb (Mt 11,28).<br \/><\/span><span class=\"tm14\">Outre la conf\u00e9rence, <\/span><strong><span class=\"tm13\">une veill\u00e9e d\u2019adoration \u00e0 la cath\u00e9drale de Nancy le 23 avril \u00e0 20h30<\/span><\/strong><span class=\"tm14\">, puis <\/span><strong><span class=\"tm13\">une messe le dimanche matin \u00e0 11h15<\/span><\/strong><span class=\"tm14\"> dans cette m\u00eame cath\u00e9drale seront propos\u00e9es.<\/span><\/span><\/p>\n<p class=\"Normal_Web_ tm32 tm38\"><span style=\"color: #000000;\"><strong><span class=\"tm26\">\u00a0&#8211; <\/span><span style=\"text-decoration: underline;\"><span class=\"tm26\">Journ\u00e9e d\u00e9couverte et d\u2019\u00e9changes sur la religion musulmane :<br \/><\/span><\/span><\/strong><strong><span class=\"tm13\">Le jeudi 5 mai, de 10h \u00e0 12h au domaine de l\u2019Asn\u00e9e<\/span><\/strong><span class=\"tm14\">\u00a0: mieux conna\u00eetre la religion musulmane <\/span><strong><span class=\"tm13\">puis de 14h \u00e0 16h \u00e0 la mosqu\u00e9e de Tomblaine<\/span><\/strong><span class=\"tm14\">\u00a0pour une rencontre interreligieuse fraternelle. Proposition du service de la solidarit\u00e9 et de la diaconie. S\u2019inscrire sur le site du dioc\u00e8se avant le 20 avril.<\/span><\/span><\/p>\n<p class=\"Normal_Web_ tm32 tm38\"><span style=\"color: #000000;\"><strong><span class=\"tm11\">\u00a0&#8211;\u00a0<span style=\"text-decoration: underline;\"> \u2018\u2019Avance au large\u2019\u2019 : <br \/><\/span><\/span><\/strong><strong><span class=\"tm11\">L\u2019\u00e9v\u00e9nement spirituel et festif pour tous les catholiques de Meurthe et Mosell. <\/span><\/strong><strong><span class=\"tm19\">Le samedi 4 juin, \u00e0 la Chartreuse de Bosserville, de 10h \u00e0 18h, une journ\u00e9e pour\u00a0:<br \/><\/span><\/strong><span class=\"tm15\">&#8211; Marquer la conclusion du th\u00e8me pastoral dioc\u00e9sain \u2018\u2019Repartir du Christ\u2019\u2019<br \/><\/span><span class=\"tm15\">&#8211; Rendre gr\u00e2ce pour les 23 ans d\u2019\u00e9piscopat de Mgr Jean-Louis Papin, \u00e0 quelques semaines de la fin de son minist\u00e8re d\u2019\u00e9v\u00eaque de notre dioc\u00e8se. <br \/><\/span><span class=\"tm15\">&#8211; Ouvrir une grande semaine missionnaire dioc\u00e9saine (dans la dynamique d\u2019\u2019\u2019Imiter le Christ\u2019\u2019, premier \u00e9vang\u00e9lisateur) par un envoi en mission. <br \/><\/span><strong><span class=\"tm19\">Au programme de la journ\u00e9e<\/span><\/strong><span class=\"tm15\">\u00a0: chants, cat\u00e9ch\u00e8se de Medhi Djaadi \u2018\u2019 <\/span><em><span class=\"tm42\">La joie d\u2019\u00eatre au Christ et d\u2019en t\u00e9moigner\u2019\u2019, <\/span><\/em><span class=\"tm15\">festival dioc\u00e9sain en 3 pavillons, Eucharistie et envoi en mission. <br \/><\/span><strong><span class=\"tm19\">Cette journ\u00e9e sera pr\u00e9c\u00e9d\u00e9e d\u2019une neuvaine<\/span><\/strong><span class=\"tm15\"> \u00e0 l\u2019Esprit Saint qui nous pr\u00e9parera autant \u00e0 la Pentec\u00f4te qu\u2019\u00e0 la semaine missionnaire. <\/span><strong><span class=\"tm19\">Bulletin d\u2019inscription<\/span><\/strong><span class=\"tm15\"> \u00e0 renvoyer avant le 26 mai (bus et repas possibles) \u2013 <\/span><em><span class=\"tm42\"><a style=\"color: #000000;\" href=\"https:\/\/www.catholique-nancy.fr\/avanceaularge\/le-rassemblement-du-4-juin\/le-tract\/\">voir site du dioc\u00e8se ou tracts.<\/a> <\/span><\/em><\/span><\/p>\n<p>\u00a0<\/p>\n","protected":false},"excerpt":{"rendered":"<p>Bapt\u00eames : Ce samedi 16 avril, \u00e0 Jarville, \u00e0 la Vigile de P\u00e2ques, Claude recevra les trois sacrements du bapt\u00eame, de la confirmation et de l\u2019eucharistie.Le dimanche 17 avril, dimanche de P\u00e2ques, une jeune adolescente Kelya Petrovic sera baptis\u00e9e \u00e0 Laneuveville pendant la messe, Lisa Ravenel sera baptis\u00e9e \u00e0 Fl\u00e9ville, Maxime GILAIN-GABRIEL, Alessio THOMAS et&hellip; <br \/> <a class=\"read-more\" href=\"https:\/\/paroisses-nancy-sud.fr\/HOME\/annonces-de-saint-francois-de-sales-et-sainte-jeanne-de-chantal-du-17-avril\/\">Lire la suite<\/a><\/p>\n","protected":false},"author":5,"featured_media":553,"comment_status":"closed","ping_status":"open","sticky":false,"template":"","format":"standard","meta":[],"categories":[7],"tags":[],"acf":[],"_links":{"self":[{"href":"https:\/\/paroisses-nancy-sud.fr\/HOME\/wp-json\/wp\/v2\/posts\/2037"}],"collection":[{"href":"https:\/\/paroisses-nancy-sud.fr\/HOME\/wp-json\/wp\/v2\/posts"}],"about":[{"href":"https:\/\/paroisses-nancy-sud.fr\/HOME\/wp-json\/wp\/v2\/types\/post"}],"author":[{"embeddable":true,"href":"https:\/\/paroisses-nancy-sud.fr\/HOME\/wp-json\/wp\/v2\/users\/5"}],"replies":[{"embeddable":true,"href":"https:\/\/paroisses-nancy-sud.fr\/HOME\/wp-json\/wp\/v2\/comments?post=2037"}],"version-history":[{"count":5,"href":"https:\/\/paroisses-nancy-sud.fr\/HOME\/wp-json\/wp\/v2\/posts\/2037\/revisions"}],"predecessor-version":[{"id":2042,"href":"https:\/\/paroisses-nancy-sud.fr\/HOME\/wp-json\/wp\/v2\/posts\/2037\/revisions\/2042"}],"wp:featuredmedia":[{"embeddable":true,"href":"https:\/\/paroisses-nancy-sud.fr\/HOME\/wp-json\/wp\/v2\/media\/553"}],"wp:attachment":[{"href":"https:\/\/paroisses-nancy-sud.fr\/HOME\/wp-json\/wp\/v2\/media?parent=2037"}],"wp:term":[{"taxonomy":"category","embeddable":true,"href":"https:\/\/paroisses-nancy-sud.fr\/HOME\/wp-json\/wp\/v2\/categories?post=2037"},{"taxonomy":"post_tag","embeddable":true,"href":"https:\/\/paroisses-nancy-sud.fr\/HOME\/wp-json\/wp\/v2\/tags?post=2037"}],"curies":[{"name":"wp","href":"https:\/\/api.w.org\/{rel}","templated":true}]}}