{"id":2043,"date":"2022-04-15T09:56:02","date_gmt":"2022-04-15T07:56:02","guid":{"rendered":"https:\/\/paroisses-nancy-sud.fr\/HOME\/?p=2043"},"modified":"2022-04-15T09:56:02","modified_gmt":"2022-04-15T07:56:02","slug":"tombeau-vide-il-vit-et-il-crut","status":"publish","type":"post","link":"https:\/\/paroisses-nancy-sud.fr\/HOME\/tombeau-vide-il-vit-et-il-crut\/","title":{"rendered":"Tombeau vide : il vit et il crut"},"content":{"rendered":"\n<p class=\"Standard\"><span class=\"tm7\" style=\"color: #000000;\">Nos contemporains nous demandent la preuve de la r\u00e9surrection de J\u00e9sus. Il est difficile de les convaincre et de les inviter \u00e0 croire en la r\u00e9surrection.<\/span><\/p>\n<p class=\"Standard\"><span style=\"color: #000000;\"><span class=\"tm7\">Les linges qui avaient envelopp\u00e9 le corps de J\u00e9sus et le suaire qui avait entour\u00e9 sa t\u00eate \u00e9taient la preuve, pour Jean,<\/span><span class=\"tm7\"> de <\/span><span class=\"tm7\">croire que J\u00e9sus est lib\u00e9r\u00e9 de la mort. Quand Lazare est sorti du tombeau, son corps \u00e9tait encore li\u00e9 <\/span><span class=\"tm7\">aux <\/span><span class=\"tm7\">linges, <\/span><span class=\"tm7\">soit<\/span><span class=\"tm7\"> encore li\u00e9 \u00e0 la mort, mais quand J\u00e9sus est sorti du tombeau, son corps est d\u00e9li\u00e9 des <\/span><span class=\"tm7\">linge<\/span><span class=\"tm7\">s <\/span><span class=\"tm7\">donc<\/span><span class=\"tm7\"> ressuscit\u00e9 et vivant. Les \u00c9critures, qui sont la Parole de Dieu, ont \u00e9clair\u00e9 les disciples de J\u00e9sus<\/span><span class=\"tm7\"> pour<\/span><span class=\"tm7\"> croire en la r\u00e9surrection de J\u00e9sus : \u00ab\u00a0qu&rsquo;il fallait que J\u00e9sus ressuscite d&rsquo;entre les morts\u00a0\u00bb di<\/span><span class=\"tm7\">sent<\/span><span class=\"tm7\"> les \u00c9critures<\/span><\/span><\/p>\n<p class=\"Standard\"><span style=\"color: #000000;\"><span class=\"tm7\">Personne n&rsquo;a vu quand J\u00e9sus <\/span><span class=\"tm7\">est<\/span><span class=\"tm7\"> ressuscit\u00e9 et sorti du tombeau. C&rsquo;est le tombeau vide qui nous invite \u00e0 croire en la r\u00e9surrection de J\u00e9sus. D&rsquo;ailleurs la r\u00e9surrection de J\u00e9sus est le fondement de notre foi : \u00a0\u00bb si le Christ n\u2019est pas ressuscit\u00e9, notre proclamation est sans contenu, notre foi aussi est sans contenu. \u00a0\u00bb nous dit St. Paul. Notre r\u00e9surrection apr\u00e8s la mort est appuy\u00e9e sur la r\u00e9surrection de J\u00e9sus : \u00a0\u00bb\u00a0 si les morts ne ressuscitent pas, le Christ non plus n\u2019est pas ressuscit\u00e9.\u00a0\u00bb ajoute St. Paul.<\/span><\/span><\/p>\n<p class=\"Standard\"><span style=\"color: #000000;\"><span class=\"tm7\">Certes, personne n&rsquo;a vu quand J\u00e9sus <\/span><span class=\"tm7\">est<\/span><span class=\"tm7\"> ressuscit\u00e9, mais J\u00e9sus ressuscit\u00e9 <\/span><span class=\"tm7\">s\u2019est<\/span><span class=\"tm7\"> manifest\u00e9 \u00e0 plusieurs reprises \u00e0 Marie Madeleine, aux ap\u00f4tres et aux disciples d&rsquo;Emma\u00fcs. Ces derniers sont devenus les premiers t\u00e9moins de la r\u00e9surrection de J\u00e9sus et par leur t\u00e9moignage, il<\/span><span class=\"tm7\">s<\/span><span class=\"tm7\"> nous <\/span><span class=\"tm7\">ont<\/span><span class=\"tm7\"> transmis la foi. Par des apparitions myst\u00e9rieuses, J\u00e9sus leur a prouv\u00e9 qu&rsquo;il <\/span><span class=\"tm7\">\u00e9tait<\/span><span class=\"tm7\"> avec eux.<\/span><\/span><\/p>\n<p class=\"Standard\"><span style=\"color: #000000;\"><span class=\"tm7\">Il nous est peut-\u00eatre difficile<\/span><span class=\"tm7\"> de croire en la r\u00e9surrection de J\u00e9sus, car nous voulons comprendre tout le myst\u00e8re. Mais Saint Anselme dit \u00ab\u00a0qu&rsquo;il ne faut pas comprendre pour croire, il faut croire pour comprendre\u00a0\u00bb. Croyons en la r\u00e9surrection de J\u00e9sus. En tant que t\u00e9moin vivant, annon\u00e7ons au monde que le Christ est vraiment ressuscit\u00e9 et qu&rsquo;il est avec nous.<\/span><\/span><\/p>\n<p class=\"Standard\" style=\"text-align: right;\"><span class=\"tm7\" style=\"color: #000000;\">Pasteur Raj<\/span><\/p>\n<p class=\"Normal\">\u00a0<\/p>\n","protected":false},"excerpt":{"rendered":"<p>Nos contemporains nous demandent la preuve de la r\u00e9surrection de J\u00e9sus. Il est difficile de les convaincre et de les inviter \u00e0 croire en la r\u00e9surrection. Les linges qui avaient envelopp\u00e9 le corps de J\u00e9sus et le suaire qui avait entour\u00e9 sa t\u00eate \u00e9taient la preuve, pour Jean, de croire que J\u00e9sus est lib\u00e9r\u00e9 de&hellip; <br \/> <a class=\"read-more\" href=\"https:\/\/paroisses-nancy-sud.fr\/HOME\/tombeau-vide-il-vit-et-il-crut\/\">Lire la suite<\/a><\/p>\n","protected":false},"author":14,"featured_media":523,"comment_status":"closed","ping_status":"open","sticky":false,"template":"","format":"standard","meta":[],"categories":[6],"tags":[],"acf":[],"_links":{"self":[{"href":"https:\/\/paroisses-nancy-sud.fr\/HOME\/wp-json\/wp\/v2\/posts\/2043"}],"collection":[{"href":"https:\/\/paroisses-nancy-sud.fr\/HOME\/wp-json\/wp\/v2\/posts"}],"about":[{"href":"https:\/\/paroisses-nancy-sud.fr\/HOME\/wp-json\/wp\/v2\/types\/post"}],"author":[{"embeddable":true,"href":"https:\/\/paroisses-nancy-sud.fr\/HOME\/wp-json\/wp\/v2\/users\/14"}],"replies":[{"embeddable":true,"href":"https:\/\/paroisses-nancy-sud.fr\/HOME\/wp-json\/wp\/v2\/comments?post=2043"}],"version-history":[{"count":1,"href":"https:\/\/paroisses-nancy-sud.fr\/HOME\/wp-json\/wp\/v2\/posts\/2043\/revisions"}],"predecessor-version":[{"id":2044,"href":"https:\/\/paroisses-nancy-sud.fr\/HOME\/wp-json\/wp\/v2\/posts\/2043\/revisions\/2044"}],"wp:featuredmedia":[{"embeddable":true,"href":"https:\/\/paroisses-nancy-sud.fr\/HOME\/wp-json\/wp\/v2\/media\/523"}],"wp:attachment":[{"href":"https:\/\/paroisses-nancy-sud.fr\/HOME\/wp-json\/wp\/v2\/media?parent=2043"}],"wp:term":[{"taxonomy":"category","embeddable":true,"href":"https:\/\/paroisses-nancy-sud.fr\/HOME\/wp-json\/wp\/v2\/categories?post=2043"},{"taxonomy":"post_tag","embeddable":true,"href":"https:\/\/paroisses-nancy-sud.fr\/HOME\/wp-json\/wp\/v2\/tags?post=2043"}],"curies":[{"name":"wp","href":"https:\/\/api.w.org\/{rel}","templated":true}]}}