{"id":2082,"date":"2022-04-29T18:24:11","date_gmt":"2022-04-29T16:24:11","guid":{"rendered":"https:\/\/paroisses-nancy-sud.fr\/HOME\/?p=2082"},"modified":"2022-04-29T18:24:11","modified_gmt":"2022-04-29T16:24:11","slug":"annonces-communes-de-saint-francois-de-sales-sainte-jeanne-de-chantal-du-1er-mai","status":"publish","type":"post","link":"https:\/\/paroisses-nancy-sud.fr\/HOME\/annonces-communes-de-saint-francois-de-sales-sainte-jeanne-de-chantal-du-1er-mai\/","title":{"rendered":"Annonces communes de Saint-Fran\u00e7ois-de-Sales, Sainte-Jeanne-de-Chantal du 1er mai"},"content":{"rendered":"\n<p class=\"Normal tm9\"><span style=\"color: #000000;\"><span style=\"text-decoration: underline;\"><strong><span class=\"tm10\">Mariage : <br \/><\/span><\/strong><\/span><strong><span class=\"tm13\">Ce samedi 7 mai \u00e0 16h aura lieu le mariage de Amandine CLAUDON et Lo\u00efc COUVE \u00e0 Ludres. <\/span><\/strong><span class=\"tm14\">Nous nous<\/span><strong><span class=\"tm15\"> r<\/span><\/strong><span class=\"tm12\">\u00e9jouissons avec eux et les accompagnons de notre pri\u00e8re.<\/span><\/span><\/p>\n<p class=\"Normal tm19 tm11\"><span style=\"color: #000000;\"><strong><span class=\"tm18\"><span style=\"text-decoration: underline;\">Venir \u00e0 vous<\/span> : <br \/><\/span><\/strong><strong><span class=\"tm15\">Visiter les maisons et b\u00e9nir leurs occupants avec l\u2019eau consacr\u00e9e \u00e0 P\u00e2ques est une tradition au temps pascal. <\/span><\/strong><span class=\"tm14\">Et si c\u2019\u00e9tait l\u2019occasion pour vous d<\/span><strong><span class=\"tm15\">\u2019inviter l\u2019un de vos pr\u00eatres<\/span><\/strong><span class=\"tm14\"> pour un repas ou simplement un caf\u00e9 ? L\u2019occasion de prier ensemble avec votre famille, en invitant l\u2019un ou l\u2019autre voisin ? \u00a0L\u2019occasion de vivre un temps de partage fraternel autour du Seigneur ressuscit\u00e9 ? <\/span><span class=\"tm14\">L\u2019occasion de poser ces questions de foi que vous n\u2019avez jamais os\u00e9 poser avant ?<br \/><\/span><em><span class=\"tm20\">Marc Haeussler 06 43 10 46 44 <br \/>Guy Tshimanga 06 56 70 55 21<br \/>Raj Sampath-Kumar 07 67 37 44 41 <br \/>Alexandre-Marie Valder 07 71 03 96 97 <\/span><\/em><\/span><\/p>\n<p class=\"Normal tm16\"><span style=\"color: #000000;\"><strong><span style=\"text-decoration: underline;\"><span class=\"tm10\">Qu\u00eate du 1<\/span><sup><span class=\"tm10\">er<\/span><\/sup><\/span><span class=\"tm10\"><span style=\"text-decoration: underline;\"> dimanche du mois<\/span> : <br \/><\/span><\/strong><strong><span class=\"tm22\">Ce samedi 30 avril et ce dimanche 1<\/span><sup><span class=\"tm22\">er<\/span><\/sup><span class=\"tm22\"> mai<\/span><\/strong><span class=\"tm21\"> nous vous proposons la qu\u00eate suppl\u00e9mentaire du premier dimanche du mois \u00e0 la sortie des messes de nos paroisses. Elles permettent de compl\u00e9ter le financement des frais cultuels et de fonctionnement de nos paroisses. Merci de votre participation. \u00a0<\/span><\/span><\/p>\n<p class=\"Normal tm16\"><span style=\"color: #000000;\"><strong><span class=\"tm10\"><span style=\"text-decoration: underline;\">Mois de mai, mois de Marie :<\/span><br \/><\/span><\/strong><strong><span class=\"tm22\">A partir de ce lundi 2 mai \u00e0 17h \u00e0 la crypte de Jarville, puis tous les lundis du mois, chapelet avec les \u00e9quipes du Rosaire. <\/span><span class=\"tm22\">Le jeudi 5 mai\u00a0:<\/span><\/strong><span class=\"tm21\"> de 9h \u00e0 17h, <\/span><strong><span class=\"tm22\">r\u00e9collection \u00e0 Notre Dame de Lourdes, <\/span><\/strong><span class=\"tm21\">avec toutes les \u00e9quipes du Rosaire du dioc\u00e8se\u00a0: avec le p\u00e8re Serge G\u00e9rardy et le fr\u00e8re Fran\u00e7ois Dominique Charles. <\/span><\/span><\/p>\n<p class=\"Normal tm9\"><span style=\"color: #000000;\"><span style=\"text-decoration: underline;\"><strong><span class=\"tm10\">\u00c9change autour de l\u2019\u00e9vangile : <br \/><\/span><\/strong><\/span><strong><span class=\"tm22\">Lundi 2 mai \u00e0 18h \u00e0 Jarville dans les salles paroissiales<\/span><\/strong><span class=\"tm12\">, <\/span><span class=\"tm21\">\u00e9change autour de l\u2019\u00e9vangile du Bon Pasteur <\/span><\/span><\/p>\n<p class=\"Normal tm16\"><span style=\"color: #000000;\"><span style=\"text-decoration: underline;\"><strong><span class=\"tm10\">Jeudi 5 mai, premier jeudi du mois : <br \/><\/span><\/strong><\/span><strong><span class=\"tm10\">&#8211; <\/span><\/strong><strong><span class=\"tm10\">\u00e0 <\/span><\/strong><strong><span class=\"tm22\">17h \u00e0 Jarville pri\u00e8re pour les malades et les personnes qui souffrent<br \/>&#8211; <\/span><\/strong><strong><span class=\"tm22\">20h30 \u00e0 Jarville \u2018\u2019Heure sainte\u2019\u2019 <\/span><\/strong><span class=\"tm21\">propos\u00e9e par la communaut\u00e9 de l\u2019Emmanuel<\/span><\/span><\/p>\n<p class=\"Normal tm16\"><span style=\"color: #000000;\"><strong><span class=\"tm10\"><span style=\"text-decoration: underline;\">Venir \u00e0 la table ouverte et y inviter ! :<br \/><\/span><\/span><\/strong><strong><span class=\"tm22\">Le dimanche 8 mai \u00e0 Jarville, <\/span><\/strong><span class=\"tm21\">table ouverte. Chacun apporte de quoi partager et on fait connaissance. N\u2019h\u00e9sitez pas \u00e0 faire conna\u00eetre ce temps fraternel \u00e0 un voisin, \u00e0 un ami. <\/span><\/span><\/p>\n<p class=\"Normal tm16\"><span style=\"color: #000000;\"><strong><span class=\"tm10\"><span style=\"text-decoration: underline;\">Sortie paroissiale et de secteur \u00e0 Sion \u00e0 l\u2019Ascension.<\/span> <br \/><\/span><\/strong><strong><span class=\"tm22\">Le Jeudi 26 mai, <\/span><\/strong><span class=\"tm21\">nous aurons le plaisir de vivre un temps familial, fraternel, spirituel, sportif, de rencontres avec nos voisins des autres clochers et des autres paroisses, enfants, adultes,<\/span> <span class=\"tm21\">jeunes..<br \/><\/span><strong><span class=\"tm22\">Pour les marcheurs\u00a0:<br \/><\/span><\/strong><strong><span class=\"tm22\">&#8211; \u00e0 9h rendez-vous \u00e0 They sous Vaud\u00e9mont <br \/><\/span><\/strong><strong><span class=\"tm22\">&#8211; \u00e0 10h rendez-vous \u00e0 Vaud\u00e9mont <br \/><\/span><\/strong><span class=\"tm21\">Les 2 groupes continuent ensemble vers Sion.<br \/><\/span><strong><span class=\"tm22\">Pour tous\u00a0: <br \/><\/span><\/strong><strong><span class=\"tm22\">&#8211; \u00e0 12h15\u00a0 mot d\u2019accueil puis ap\u00e9ritif et pique-nique \u00e0 l\u2019abri du p\u00e8lerin. <br \/><\/span><\/strong><em><span class=\"tm25\">&#8211; <\/span><\/em><strong><span class=\"tm22\">\u00e0 14h rendez-vous salle Notre-Dame pour un moment d\u2019enseignement sur <\/span><\/strong><em><span class=\"tm25\">\u2018\u2019J\u00e9sus est vivant \u00e0 tes c\u00f4t\u00e9s chaque jour pour t\u2019\u00e9clairer, te fortifier, te lib\u00e9rer\u2019\u2019. <br \/><\/span><\/em><strong><span class=\"tm22\">&#8211; \u00e0 15h chants de louange \u00e0 la basilique <br \/><\/span><\/strong><strong><span class=\"tm22\">&#8211; 15h30 messe et photo de groupe \u00e0 la sortie <br \/><\/span><\/strong><span class=\"tm21\">Les enfants pr\u00e9parant la premi\u00e8re communion seront \u00e0 Sion d\u00e8s 9h pour leur temps fort. <\/span><span class=\"tm21\">Les autres enfants du cat\u00e9\u00a0et leurs familles sont invit\u00e9s \u00e0 participer \u00e0 la marche du matin ou \u00e0 rejoindre le groupe pour l\u2019un des moments cit\u00e9s plus haut. La messe sera pr\u00e9par\u00e9e par les groupes de cat\u00e9. C\u2019est la \u2018\u2019messe des familles\u2019\u2019 du mois de mai. <\/span><\/span><\/p>\n<p class=\"Normal tm16\"><span style=\"color: #000000;\"><strong><span class=\"tm10\"><span style=\"text-decoration: underline;\">Appel \u00e0 b\u00e9n\u00e9voles :<\/span> <\/span><\/strong><span class=\"tm21\">La paroisse Sainte-Jeanne-de-Chantal recherche rapidement une ou plusieurs personnes pour compl\u00e9ter l\u2019\u00e9quipe de la permanence d\u2019accueil, pour du secr\u00e9tariat, pour la gestion des salles de la maison paroissiale. <\/span><span class=\"tm21\">Prendre contact avec Marc Haeussler au 06 43 10 46 44 ou Micheline Schott au 06 83 46 77 11. <\/span><\/span><\/p>\n<p class=\"Normal tm16\"><span style=\"color: #000000;\"><strong><span class=\"tm27\"><span style=\"text-decoration: underline;\">Horaires des messes des 7 et 8 mai 2022 :<\/span> <br \/><\/span><\/strong><strong><span class=\"tm22\">Samedi 7 mai <\/span><\/strong><span class=\"tm21\">: <\/span><strong><span class=\"tm22\">18h <\/span><\/strong><span class=\"tm21\">Ludres,<\/span> <span class=\"tm21\">Pont Saint Vincent <\/span> <strong><span class=\"tm22\"> 18h30 <\/span><\/strong><span class=\"tm21\">Laneuveville et Heillecourt<br \/><\/span><strong><span class=\"tm22\">Dimanche 8 mai : 10h <\/span><\/strong><span class=\"tm21\">Flavigny, Fl\u00e9ville <\/span><strong><span class=\"tm22\"> 10h30 <\/span><\/strong><span class=\"tm21\">Jarville, Neuves-Maisons<\/span><\/span><\/p>\n<p class=\"Normal tm11\"><span style=\"color: #000000;\"><span class=\"tm29\">\u00a0<\/span><strong><span class=\"tm10\"><span style=\"text-decoration: underline;\">Journ\u00e9e des vocations :<\/span> <br \/><\/span><\/strong><strong><span class=\"tm22\">Le dimanche 8 mai, <\/span><\/strong><span class=\"tm21\">4<\/span><sup><span class=\"tm21\">\u00e8me<\/span><\/sup><span class=\"tm21\"> dimanche de P\u00e2ques, dit du \u2018\u2019Bon pasteur\u2019\u2019 l\u2019\u00e9glise nous fait prier pour les vocations, toutes les vocations. La vocation c\u2019est ce \u2018\u2019bon chemin \u2018\u2019 que Dieu a pr\u00e9vu pour nous et seulement pour nous, et qui ne se r\u00e9sume pas au choix de tel \u00e9tat de vie. La vocation c\u2019est le bonheur, puisque \u2018\u2019Oui ! le Seigneur est bon \u2018\u2019. <\/span><\/span><\/p>\n<p class=\"Normal tm9\"><span style=\"color: #000000;\"><span style=\"text-decoration: underline;\"><strong><span class=\"tm10\">S\u0153ur Sarah \u00e0 Ludres ! <br \/><\/span><\/strong><\/span><strong><span class=\"tm33\">\u00a0<\/span><span class=\"tm33\">\u2018\u2019Op\u00e9ration Orange\u2019\u2019 de S\u0153ur Emmanuelle pour les enfants <\/span><span class=\"tm32\">d\u2019\u00c9gypte, du Liban et du Soudan-sud. <\/span><\/strong><span class=\"tm21\">S\u0153ur Sarah, qui a pris la succession de S\u0153ur Emmanuelle en 1993, aupr\u00e8s des chiffonniers du Caire, sera dans la r\u00e9gion la semaine du 10 mai<\/span><span class=\"tm27\">, <\/span><span class=\"tm21\">invit\u00e9e par l\u2019Association de soutien, <\/span><em><span class=\"tm25\">Op\u00e9ration Orange<\/span><\/em><span class=\"tm21\">. <br \/><\/span><strong><span class=\"tm22\">Nous aurons le plaisir de l\u2019accueillir \u00e0 Ludres<\/span><\/strong><span class=\"tm21\">\u00a0: <\/span><strong><span class=\"tm22\">le mercredi 11 mai \u00e0 10h45 <\/span><\/strong><span class=\"tm21\">(salles paroissiales ou \u00e9glise)<\/span> <span class=\"tm21\">avec les enfants du cat\u00e9 et ceux qui le souhaitent. <\/span><strong><span class=\"tm22\">Ce m\u00eame jour,<\/span><\/strong><span class=\"tm21\"> \u00e0 l\u2019\u00e9glise <\/span><strong><span class=\"tm22\">Saint S\u00e9bastien \u00e0 19h30 T\u00e9moignage <\/span><\/strong><span class=\"tm21\">et \u00e0<\/span><strong><span class=\"tm22\"> 20h30 Ballade musicale avec \u2018\u2019Gospel\u2019s Family <\/span><\/strong><\/span><\/p>\n<p class=\"Normal tm9\"><span style=\"color: #000000;\"><strong><span class=\"tm10\"><span style=\"text-decoration: underline;\">Solidarit\u00e9 :<\/span> <br \/><\/span><\/strong><span class=\"tm21\">La collecte pour les r\u00e9fugi\u00e9s d\u2019Ukraine est toujours d\u2019actualit\u00e9. <\/span><strong><span class=\"tm22\">Un convoi part<\/span><\/strong> <strong><span class=\"tm22\">le jeudi 5 mai<\/span><\/strong><span class=\"tm21\"> vers Lublin. On peut d\u00e9poser des dons (conserves, produits d\u2019hygi\u00e8ne, produits pour b\u00e9b\u00e9s) au fond \u00e0 gauche de l\u2019\u00e9glise de Jarville avant mercredi. Merci. <\/span><\/span><\/p>\n<p class=\"Normal tm19 tm16\"><span style=\"color: #000000;\"><strong><span class=\"tm34\"><span style=\"text-decoration: underline;\">Autres Annonces :<\/span> <br \/><\/span><\/strong><strong><span class=\"tm10\">\u2018\u2019Avance au large\u2019\u2019 <\/span><\/strong><strong><span class=\"tm22\">L\u2019\u00e9v\u00e9nement spirituel et festif pour tous les catholiques de Meurthe et Moselle. <\/span><\/strong><strong><span class=\"tm22\">Le samedi 4 juin, \u00e0 la Chartreuse de Bosserville, de 10h \u00e0 18h, une journ\u00e9e pour\u00a0:<br \/><\/span><\/strong><span class=\"tm21\">&#8211; Marquer la conclusion du th\u00e8me pastoral dioc\u00e9sain \u2018\u2019Repartir du Christ\u2019\u2019<br \/><\/span><span class=\"tm21\">&#8211; Rendre gr\u00e2ce pour les 23 ans d\u2019\u00e9piscopat de Mgr Jean-Louis Papin, \u00e0 quelques semaines de la fin de son minist\u00e8re d\u2019\u00e9v\u00eaque de notre dioc\u00e8se. <br \/><\/span><span class=\"tm21\">&#8211; Ouvrir une grande semaine missionnaire dioc\u00e9saine (dans la dynamique d\u2019\u2019&rsquo;Imiter le Christ\u2019\u2019, premier \u00e9vang\u00e9lisateur) par un envoi en mission. <br \/><\/span><strong><span class=\"tm22\">Au programme de la journ\u00e9e<\/span><\/strong><span class=\"tm21\">\u00a0: chants, cat\u00e9ch\u00e8se de Medhi Djaadi \u2018\u2019 <\/span><em><span class=\"tm25\">La joie d\u2019\u00eatre au Christ et d\u2019en t\u00e9moigner\u2019\u2019, <\/span><\/em><span class=\"tm21\">festival dioc\u00e9sain en 3 pavillons, Eucharistie et envoi en mission. <\/span><strong><span class=\"tm22\">Cette journ\u00e9e sera pr\u00e9c\u00e9d\u00e9e d\u2019une neuvaine<\/span><\/strong><span class=\"tm21\"> \u00e0 l\u2019Esprit Saint qui nous pr\u00e9parera autant \u00e0 la Pentec\u00f4te qu\u2019\u00e0 la semaine missionnaire. <br \/><\/span><strong><span class=\"tm22\">Bulletin d\u2019inscription<\/span><\/strong><span class=\"tm21\"> \u00e0 renvoyer avant le 26 mai (bus et repas possibles) \u2013 <\/span><em><span class=\"tm25\">voir site du dioc\u00e8se ou tracts. <\/span><\/em><\/span><\/p>\n<p class=\"Normal tm16\"><span style=\"color: #000000;\"><strong><span class=\"tm22\"><span style=\"text-decoration: underline;\">Voyages :<br \/><\/span><\/span><\/strong><strong><span class=\"tm39\">Activit\u00e9s ouvertes \u00e0 tous propos\u00e9es par \u00ab\u00a0les voyageurs chr\u00e9tiens\u00a0\u00bb, <\/span><\/strong><span class=\"tm12\">d\u00e9part depuis LANEUVEVILLE en autocar adapt\u00e9 aux personnes \u00e0 mobilit\u00e9 r\u00e9duite<br \/><\/span><span class=\"tm41\">\u00b7 <\/span><span class=\"tm12\">20 juillet : Visites guid\u00e9es de TURCKHEIM\u00a0et du sanctuaire marial de THIERENBACH avec c\u00e9l\u00e9bration dans l&rsquo;apr\u00e8s-midi.<br \/><\/span><span class=\"tm41\">\u00b7 <\/span><span class=\"tm12\">Du 31 juillet au 4 ao\u00fbt : S\u00e9jour religieux et culturel dans le JURA avec notamment les visites guid\u00e9es d&rsquo;Arc-et-Senans, de Baume-les-Messieurs, de l&rsquo;abbaye de Montbeno\u00eet, de l&rsquo;\u00e9glise de Pontarlier&#8230;<br \/><\/span><span class=\"tm12\">Inscriptions d\u00e8s \u00e0 pr\u00e9sent : Madame CHAMBON ou son fils Jean-Fran\u00e7ois au 03 83 56 34 31.<\/span><\/span><\/p>\n","protected":false},"excerpt":{"rendered":"<p>Mariage : Ce samedi 7 mai \u00e0 16h aura lieu le mariage de Amandine CLAUDON et Lo\u00efc COUVE \u00e0 Ludres. Nous nous r\u00e9jouissons avec eux et les accompagnons de notre pri\u00e8re. Venir \u00e0 vous : Visiter les maisons et b\u00e9nir leurs occupants avec l\u2019eau consacr\u00e9e \u00e0 P\u00e2ques est une tradition au temps pascal. Et si&hellip; <br \/> <a class=\"read-more\" href=\"https:\/\/paroisses-nancy-sud.fr\/HOME\/annonces-communes-de-saint-francois-de-sales-sainte-jeanne-de-chantal-du-1er-mai\/\">Lire la suite<\/a><\/p>\n","protected":false},"author":5,"featured_media":553,"comment_status":"closed","ping_status":"open","sticky":false,"template":"","format":"standard","meta":[],"categories":[7],"tags":[],"acf":[],"_links":{"self":[{"href":"https:\/\/paroisses-nancy-sud.fr\/HOME\/wp-json\/wp\/v2\/posts\/2082"}],"collection":[{"href":"https:\/\/paroisses-nancy-sud.fr\/HOME\/wp-json\/wp\/v2\/posts"}],"about":[{"href":"https:\/\/paroisses-nancy-sud.fr\/HOME\/wp-json\/wp\/v2\/types\/post"}],"author":[{"embeddable":true,"href":"https:\/\/paroisses-nancy-sud.fr\/HOME\/wp-json\/wp\/v2\/users\/5"}],"replies":[{"embeddable":true,"href":"https:\/\/paroisses-nancy-sud.fr\/HOME\/wp-json\/wp\/v2\/comments?post=2082"}],"version-history":[{"count":4,"href":"https:\/\/paroisses-nancy-sud.fr\/HOME\/wp-json\/wp\/v2\/posts\/2082\/revisions"}],"predecessor-version":[{"id":2086,"href":"https:\/\/paroisses-nancy-sud.fr\/HOME\/wp-json\/wp\/v2\/posts\/2082\/revisions\/2086"}],"wp:featuredmedia":[{"embeddable":true,"href":"https:\/\/paroisses-nancy-sud.fr\/HOME\/wp-json\/wp\/v2\/media\/553"}],"wp:attachment":[{"href":"https:\/\/paroisses-nancy-sud.fr\/HOME\/wp-json\/wp\/v2\/media?parent=2082"}],"wp:term":[{"taxonomy":"category","embeddable":true,"href":"https:\/\/paroisses-nancy-sud.fr\/HOME\/wp-json\/wp\/v2\/categories?post=2082"},{"taxonomy":"post_tag","embeddable":true,"href":"https:\/\/paroisses-nancy-sud.fr\/HOME\/wp-json\/wp\/v2\/tags?post=2082"}],"curies":[{"name":"wp","href":"https:\/\/api.w.org\/{rel}","templated":true}]}}