{"id":2092,"date":"2022-05-01T10:00:00","date_gmt":"2022-05-01T08:00:00","guid":{"rendered":"https:\/\/paroisses-nancy-sud.fr\/HOME\/?p=2092"},"modified":"2022-05-01T00:09:48","modified_gmt":"2022-04-30T22:09:48","slug":"croyons-nous-a-la-victoire-de-la-vie-sur-la-mort-et-osons-nous-en-temoigner","status":"publish","type":"post","link":"https:\/\/paroisses-nancy-sud.fr\/HOME\/croyons-nous-a-la-victoire-de-la-vie-sur-la-mort-et-osons-nous-en-temoigner\/","title":{"rendered":"Croyons-nous \u00e0 la victoire de la vie sur la mort et osons-nous en t\u00e9moigner ?"},"content":{"rendered":"\n<p class=\"Standard\" style=\"text-align: justify;\"><span style=\"font-family: Arial, sans-serif; color: #000000;\">\u00ab\u00a0Le Dieu de nos p\u00e8res a ressuscit\u00e9 J\u00e9sus, que vous aviez ex\u00e9cut\u00e9 en le suspendant au bois du supplice.\u00a0\u00bb<\/span><\/p>\n<p class=\"Standard\" style=\"text-align: justify;\"><span style=\"font-family: Arial, sans-serif; color: #000000;\">Voici quelle est la proclamation de foi de Pierre, le jus concentr\u00e9 de l&rsquo;Evangile, ce qu&rsquo;on appelle le k\u00e9rygme. \u00catre chr\u00e9tien, c&rsquo;est croire au Christ Crucifi\u00e9 et Ressuscit\u00e9, c&rsquo;est faire sien le k\u00e9rygme. Et faire sien le k\u00e9rygme, c&rsquo;est l&rsquo;int\u00e9rioriser sans le d\u00e9former, l&rsquo;int\u00e9grer sans l&rsquo;affadir, et aussi le faire transpara\u00eetre dans nos \u0153uvres.<\/span><\/p>\n<p class=\"Standard\" style=\"text-align: justify;\"><span style=\"font-family: Arial, sans-serif; color: #000000;\">Trois questions peuvent servir de pierres de touche pour v\u00e9rifier notre foi en la R\u00e9surrection. Si nous croyons J\u00e9sus vivant, est-ce que nous cherchons \u00e0 le rencontrer\u00a0? Si nous croyons que le Crucifi\u00e9 est aussi le Ressuscit\u00e9, sommes-nous convaincus que Dieu peut vraiment transformer le mal en bien\u00a0? Si enfin nous croyons \u00e0 la victoire de la vie sur la mort, osons-nous en t\u00e9moigner\u00a0?<\/span><\/p>\n<p class=\"Standard\" style=\"text-align: justify;\"><span style=\"font-family: Arial, sans-serif; color: #000000;\">\u00a0<\/span><span style=\"font-family: Arial, sans-serif; color: #000000;\">Est-ce que nous cherchons \u00e0 rencontrer le Ressuscit\u00e9 dans notre quotidien\u00a0?<\/span><\/p>\n<p class=\"Standard\" style=\"text-align: justify;\"><span style=\"font-family: Arial, sans-serif; color: #000000;\">Si nous sommes convaincus que J\u00e9sus est vivant aujourd&rsquo;hui et qu&rsquo;il d\u00e9sire notre pr\u00e9sence, r\u00e9pondons-nous \u00e0 son appel\u00a0? Pierre et ses compagnons ont rencontr\u00e9 J\u00e9sus sur le rivage de la mer, l\u00e0 o\u00f9 ils pratiquaient leur activit\u00e9 de p\u00eacheurs. Soyons-en bien s\u00fbrs\u00a0: notre vie quotidienne ne nous emp\u00eache pas de rencontrer J\u00e9sus. Bien au contraire, elle est le lieu privil\u00e9gi\u00e9 pour faire l&rsquo;exp\u00e9rience du Ressuscit\u00e9. Comment\u00a0?<\/span><\/p>\n<p class=\"Standard\" style=\"text-align: justify;\"><span style=\"font-family: Arial, sans-serif; color: #000000;\">Lorsque le disciple que J\u00e9sus aimait voit J\u00e9sus sur le rivage, il le reconna\u00eet\u00a0: \u00ab\u00a0C&rsquo;est le Seigneur\u00a0!\u00a0\u00bb Reconna\u00eetre J\u00e9sus dans notre vie quotidienne est l&rsquo;affaire d&rsquo;un regard d&rsquo;amour\u00a0: un regard attentif \u00e0 chercher la pr\u00e9sence de J\u00e9sus, un regard qui relit la vie pour y discerner comment J\u00e9sus y a agi, un regard qui s&rsquo;\u00e9merveille et qui c\u00e9l\u00e8bre, comme dans le psaume\u00a0: \u00ab\u00a0Tu as chang\u00e9 mon deuil en une danse, mes habits fun\u00e8bres en parure de joie ! Que mon c\u0153ur ne se taise pas, qu\u2019il soit en f\u00eate pour toi ; et que sans fin, Seigneur, mon Dieu, je te rende gr\u00e2ce !\u00a0\u00bb<\/span><\/p>\n<p class=\"Standard\" style=\"text-align: justify;\"><span style=\"font-family: Arial, sans-serif; color: #000000;\">Ce regard d&rsquo;amour s&rsquo;exerce. Cela demande de prendre du recul dans la vie quotidienne, d&rsquo;\u00eatre fid\u00e8les aux rendez-vous de la pri\u00e8re, de la vie liturgique et sacramentelle. Tr\u00e8s concr\u00e8tement, nous savons que J\u00e9sus nous attend lorsque nous m\u00e9ditons la Bible, lorsque nous faisons silence pour \u00e9couter sa voix, lorsque nous venons adorer l&rsquo;Eucharistie ou y communier, lorsque nous le laissons nous relever dans le sacrement du pardon. Comme les ap\u00f4tres, lorsque nous exp\u00e9rimentons la s\u00e9cheresse, la st\u00e9rilit\u00e9 et l&rsquo;\u00e9chec d&rsquo;une p\u00eache infructueuse, c&rsquo;est sans doute que le moment est venu de revenir \u00e0 J\u00e9sus et de le laisser nous redonner la f\u00e9condit\u00e9 et la joie.<\/span><\/p>\n<p class=\"Standard\" style=\"text-align: justify;\"><span style=\"font-family: Arial, sans-serif; color: #000000;\">\u00a0<\/span><span style=\"font-family: Arial, sans-serif; color: #000000;\">Le Crucifi\u00e9 est le Ressuscit\u00e9\u00a0: la mort scandaleuse du Fils de Dieu a d\u00e9bouch\u00e9 sur le triomphe de la vie \u00e9ternelle. Sommes-nous profond\u00e9ment convaincus que la puissance de Dieu sait transformer le mal en bien, le pire en meilleur\u00a0? Vivons-nous comme des personnes qui savent que la mort ne saurait avoir le dernier mot\u00a0?<\/span><\/p>\n<p class=\"Standard\" style=\"text-align: justify;\"><span style=\"font-family: Arial, sans-serif; color: #000000;\">La r\u00e9surrection de J\u00e9sus nous l&rsquo;assure\u00a0: la mort ne l&#8217;emportera pas au paradis. A la fin, tout s&rsquo;ach\u00e8vera dans la c\u00e9l\u00e9bration et la louange, comme l&rsquo;aper\u00e7oit saint Jean dans la vision que nous rapporte l&rsquo;Apocalypse.<\/span><\/p>\n<p class=\"Standard\" style=\"text-align: justify;\"><span style=\"font-family: Arial, sans-serif; color: #000000;\">La premi\u00e8re lecture nous montrait les Ap\u00f4tres en butte \u00e0 la contradiction et m\u00eame souffrant pour le nom de J\u00e9sus. \u00ab\u00a0Ils repartaient tout joyeux d&rsquo;avoir \u00e9t\u00e9 jug\u00e9s dignes de subir des humiliations pour le nom de J\u00e9sus.\u00a0\u00bb Pierre et ses compagnons en sont s\u00fbrs\u00a0: les \u00e9preuves n&rsquo;auront qu&rsquo;un temps, et m\u00eame elles sont le chemin de la vie \u00e9ternelle. La vie chr\u00e9tienne n&rsquo;est pas un chemin sem\u00e9 de roses. Nous le savons cependant\u00a0: comme pour J\u00e9sus, nos croix petites ou grandes nous ouvrent les portes du ciel. Ce doit \u00eatre pour nous une occasion de joie profonde.<\/span><\/p>\n<p class=\"Standard\" style=\"text-align: justify;\"><span style=\"font-family: Arial, sans-serif; color: #000000;\">\u00a0<\/span><span style=\"font-family: Arial, sans-serif; color: #000000;\">\u00ab\u00a0Quant \u00e0 nous, nous sommes les t\u00e9moins de tout cela, avec l\u2019Esprit Saint,<\/span><\/p>\n<p class=\"Standard\" style=\"text-align: justify;\"><span style=\"font-family: Arial, sans-serif; color: #000000;\">que Dieu a donn\u00e9 \u00e0 ceux qui lui ob\u00e9issent. \u00bb\u00a0\u00bb L&rsquo;Evangile ne nous est pas donn\u00e9 pour notre petit confort personnel. S&rsquo;il nous semble que notre foi s&rsquo;affadit, c&rsquo;est peut-\u00eatre que nous n&rsquo;osons pas suffisamment en t\u00e9moigner. Trouver les mots pour dire la foi, c&rsquo;est d\u00e9j\u00e0 chercher \u00e0 la fortifier.<\/span><\/p>\n<p class=\"Standard\" style=\"text-align: justify;\"><span style=\"font-family: Arial, sans-serif; color: #000000;\">Ceux que le livre des actes nous montre en train d&rsquo;annoncer hardiment l&rsquo;Evangile sont les m\u00eames qui ont rencontr\u00e9 J\u00e9sus au bord du lac. Evang\u00e9liser, c&rsquo;est dire \u00e0 ceux qui ne le connaissent pas ce que J\u00e9sus a dit, ce qu&rsquo;il a fait, de fa\u00e7on \u00e0 ce qu&rsquo;ils le sachent et qu&rsquo;ils sachent que nous en sommes s\u00fbrs. Les ap\u00f4tres t\u00e9moignent de ce qu&rsquo;ils ont vu et entendu aupr\u00e8s de lui. Ils ne professent pas une id\u00e9e, ils racontent une personne.<\/span><\/p>\n<p class=\"Standard\" style=\"text-align: justify;\"><span style=\"font-family: Arial, sans-serif; color: #000000;\">Et nous\u00a0? Sommes-nous capables d&rsquo;identifier, de raconter notre vie avec J\u00e9sus, ce dont nous avons \u00e9t\u00e9 t\u00e9moins. Nous en serons capables si et seulement si nous avons honor\u00e9 ces rendez-vous quotidiens de la pri\u00e8re, si nous avons cherch\u00e9 \u00e0 relire son passage dans notre vie.<\/span><\/p>\n<p class=\"Standard\" style=\"text-align: justify;\"><span style=\"font-family: Arial, sans-serif; color: #000000;\">\u00a0<\/span><span style=\"font-family: Arial, sans-serif; color: #000000;\">Je conclus. Fr\u00e8res et s\u0153urs, la foi en la r\u00e9surrection est-elle profond\u00e9ment ancr\u00e9e en nous\u00a0? Cherchons-nous \u00e0 rencontrer J\u00e9sus vivant aujourd&rsquo;hui dans la pri\u00e8re, la parole et les sacrements\u00a0? Sommes-nous convaincus que la vie est victorieuse et que la mort n&rsquo;est plus qu&rsquo;un chien qui grogne\u00a0? Sommes-nous soucieux enfin de dire notre foi, de la faire partager \u00e0 ceux qui ne connaissent pas encore la joie de l&rsquo;Evangile\u00a0?<\/span><\/p>\n<p class=\"Standard\" style=\"text-align: justify;\"><span style=\"font-family: Arial, sans-serif; color: #000000;\">\u00a0<\/span><\/p>\n<p class=\"Standard\" style=\"text-align: right;\" align=\"right\"><span style=\"font-family: Arial, sans-serif; color: #000000;\">Alexandre-Marie, pr\u00eatre<\/span><\/p>\n","protected":false},"excerpt":{"rendered":"<p>\u00ab\u00a0Le Dieu de nos p\u00e8res a ressuscit\u00e9 J\u00e9sus, que vous aviez ex\u00e9cut\u00e9 en le suspendant au bois du supplice.\u00a0\u00bb Voici quelle est la proclamation de foi de Pierre, le jus concentr\u00e9 de l&rsquo;Evangile, ce qu&rsquo;on appelle le k\u00e9rygme. \u00catre chr\u00e9tien, c&rsquo;est croire au Christ Crucifi\u00e9 et Ressuscit\u00e9, c&rsquo;est faire sien le k\u00e9rygme. Et faire sien&hellip; <br \/> <a class=\"read-more\" href=\"https:\/\/paroisses-nancy-sud.fr\/HOME\/croyons-nous-a-la-victoire-de-la-vie-sur-la-mort-et-osons-nous-en-temoigner\/\">Lire la suite<\/a><\/p>\n","protected":false},"author":9,"featured_media":290,"comment_status":"closed","ping_status":"open","sticky":false,"template":"","format":"standard","meta":[],"categories":[9],"tags":[],"acf":[],"_links":{"self":[{"href":"https:\/\/paroisses-nancy-sud.fr\/HOME\/wp-json\/wp\/v2\/posts\/2092"}],"collection":[{"href":"https:\/\/paroisses-nancy-sud.fr\/HOME\/wp-json\/wp\/v2\/posts"}],"about":[{"href":"https:\/\/paroisses-nancy-sud.fr\/HOME\/wp-json\/wp\/v2\/types\/post"}],"author":[{"embeddable":true,"href":"https:\/\/paroisses-nancy-sud.fr\/HOME\/wp-json\/wp\/v2\/users\/9"}],"replies":[{"embeddable":true,"href":"https:\/\/paroisses-nancy-sud.fr\/HOME\/wp-json\/wp\/v2\/comments?post=2092"}],"version-history":[{"count":1,"href":"https:\/\/paroisses-nancy-sud.fr\/HOME\/wp-json\/wp\/v2\/posts\/2092\/revisions"}],"predecessor-version":[{"id":2093,"href":"https:\/\/paroisses-nancy-sud.fr\/HOME\/wp-json\/wp\/v2\/posts\/2092\/revisions\/2093"}],"wp:featuredmedia":[{"embeddable":true,"href":"https:\/\/paroisses-nancy-sud.fr\/HOME\/wp-json\/wp\/v2\/media\/290"}],"wp:attachment":[{"href":"https:\/\/paroisses-nancy-sud.fr\/HOME\/wp-json\/wp\/v2\/media?parent=2092"}],"wp:term":[{"taxonomy":"category","embeddable":true,"href":"https:\/\/paroisses-nancy-sud.fr\/HOME\/wp-json\/wp\/v2\/categories?post=2092"},{"taxonomy":"post_tag","embeddable":true,"href":"https:\/\/paroisses-nancy-sud.fr\/HOME\/wp-json\/wp\/v2\/tags?post=2092"}],"curies":[{"name":"wp","href":"https:\/\/api.w.org\/{rel}","templated":true}]}}