{"id":2097,"date":"2022-05-06T17:44:33","date_gmt":"2022-05-06T15:44:33","guid":{"rendered":"https:\/\/paroisses-nancy-sud.fr\/HOME\/?p=2097"},"modified":"2022-05-06T17:44:33","modified_gmt":"2022-05-06T15:44:33","slug":"annonces-de-saint-francois-de-sales-et-sainte-jeanne-de-chantal-du-7-mai","status":"publish","type":"post","link":"https:\/\/paroisses-nancy-sud.fr\/HOME\/annonces-de-saint-francois-de-sales-et-sainte-jeanne-de-chantal-du-7-mai\/","title":{"rendered":"Annonces de Saint-Fran\u00e7ois-de-Sales et Sainte-Jeanne-de-Chantal du 7 mai"},"content":{"rendered":"\n<p class=\"Normal tm10\"><span style=\"color: #000000;\"><strong><span class=\"tm11\"><span style=\"text-decoration: underline;\">Bapt\u00eames :<\/span> <br \/><\/span><\/strong><strong><span class=\"tm14\">D<\/span><span class=\"tm15\">imanche 8 mai \u00e0 Laneuveville<\/span><\/strong><span class=\"tm16\">,<\/span><span class=\"tm16\"> bapt\u00eame de Charlotte Vivenot<\/span><strong><span class=\"tm15\"> e<\/span><\/strong><span class=\"tm17\">t le<\/span><strong><span class=\"tm15\"> 15 mai<\/span><\/strong><span class=\"tm17\">, <\/span><strong><span class=\"tm15\">\u00e0 Jarville,<\/span><\/strong><span class=\"tm17\"> bapt\u00eame d\u2019Am\u00e9lie Lequerme. R\u00e9jouissons-nous et prions pour elles et leurs familles. <\/span><\/span><\/p>\n<p class=\"Normal tm18\"><span style=\"color: #000000;\"><strong><span class=\"tm19\"><span style=\"text-decoration: underline;\">Journ\u00e9e des vocations :<\/span><br \/><\/span><\/strong><strong><span class=\"tm15\">Le dimanche 8 mai, <\/span><\/strong><span class=\"tm17\">4<\/span><sup><span class=\"tm17\">\u00e8me<\/span><\/sup><span class=\"tm17\"> dimanche de P\u00e2ques, dit du \u2018\u2019Bon pasteur\u2019\u2019 l\u2019\u00c9glise nous demande de prier pour les vocations, toutes les vocations. La vocation c\u2019est ce \u2018\u2019bon chemin \u2018\u2019 que Dieu a pr\u00e9vu pour nous et seulement pour nous, et qui ne se r\u00e9sume pas au choix de tel \u00e9tat de vie. La vocation c\u2019est le bonheur, puisque \u2018\u2019Oui ! le Seigneur est bon \u2018\u2019. <\/span><strong><span class=\"tm15\">A 20h une heure d\u2019adoration \u00e0 l\u2019\u00e9glise St L\u00e9on<\/span><\/strong><span class=\"tm17\"> \u00e0 l\u2019issue de la messe des jeunes, en conclusion de cette journ\u00e9e de pri\u00e8re. <\/span><\/span><\/p>\n<p class=\"Normal tm10\"><span style=\"color: #000000;\"><strong><span class=\"tm19\"><span style=\"text-decoration: underline;\">Venir \u00e0 vous<\/span> : <br \/><\/span><\/strong><strong><span class=\"tm24\">Visiter les maisons et b\u00e9nir leurs occupants avec l\u2019eau consacr\u00e9e \u00e0 P\u00e2ques est une tradition au temps pascal. <\/span><\/strong><span class=\"tm25\">Et si c\u2019\u00e9tait l\u2019occasion pour vous d<\/span><strong><span class=\"tm24\">\u2019inviter l\u2019un de vos pr\u00eatres<\/span><\/strong><span class=\"tm25\"> pour un repas ou simplement un caf\u00e9 ? L\u2019occasion de prier ensemble avec votre famille et l\u2019un ou l\u2019autre voisin ? L\u2019occasion de vivre un temps de partage fraternel autour du Seigneur ressuscit\u00e9 ? L\u2019occasion de poser ces questions de foi que vous n\u2019avez jamais os\u00e9 poser avant ? <br \/><\/span><em><span class=\"tm23\">Marc Haeussler 06 43 10 46 44<br \/>Guy Tshimanga 06 56 70 55 21 <br \/>Raj Sampath-Kumar 07 67 37 44 41 <br \/>Alexandre-Marie Valder 07 71 03 96 97 <\/span><\/em><\/span><\/p>\n<p class=\"Normal tm18\"><span style=\"color: #000000;\"><strong><span class=\"tm15\"><span style=\"text-decoration: underline;\">Mois de mai, mois de Marie :<br \/><\/span><\/span><\/strong><strong><span class=\"tm15\">Chaque lundi du mois, chapelet avec les \u00e9quipes du Rosaire, <\/span><\/strong><span class=\"tm17\">\u00e0 17h \u00e0 la crypte de Jarville.<\/span><\/span><\/p>\n<p class=\"Normal tm18\"><span style=\"color: #000000;\"><span style=\"text-decoration: underline;\"><strong><span class=\"tm15\">R\u00e9union de l\u2019EAP Sainte -Jeanne-de-Chantal :<br \/><\/span><\/strong><\/span><strong><span class=\"tm15\">Le jeudi 12 mai \u00e0 14h30 \u00e0 Ludres, <\/span><\/strong><span class=\"tm17\">l\u2019EAP travaillera sur les projets de fin d\u2019ann\u00e9e : semaine missionnaire, repas des b\u00e9n\u00e9voles, r\u00e9unions bilans des diff\u00e9rents services\u2026<\/span><\/span><\/p>\n<p class=\"Normal_Web_ tm26 tm27\"><span style=\"color: #000000;\"><strong><span style=\"text-decoration: underline;\"><span class=\"tm28\">Soir\u00e9e chants et louange du 2<\/span><sup><span class=\"tm28\">\u00e8me<\/span><\/sup><\/span><span class=\"tm28\"><span style=\"text-decoration: underline;\"> vendredi du mois :<br \/><\/span><\/span><\/strong><strong><span class=\"tm28\">Le vendredi 13 mai, \u00e0 20h30<\/span><\/strong><span class=\"tm16\">, \u00e0 l\u2019\u00e9glise de Jarville (crypte) veill\u00e9e de chants avec des textes de Charles de Foucauld en ce mois de sa canonisation.<\/span><\/span><\/p>\n<p class=\"Normal tm18\"><span style=\"color: #000000;\"><strong><span class=\"tm11\"><span style=\"text-decoration: underline;\">\u00c9veil \u00e0 la foi :<\/span><br \/><\/span><\/strong><strong><span class=\"tm15\">Le dimanche 15 mai \u00e0 10h, \u00e0 Ludres, <\/span><\/strong><span class=\"tm17\">rencontre des petits et de leurs parents pour<\/span><strong><span class=\"tm15\"> l\u2019\u00e9veil \u00e0 la foi. <\/span><\/strong><\/span><\/p>\n<p class=\"Normal tm18\"><span style=\"color: #000000;\"><strong><span class=\"tm11\"><span style=\"text-decoration: underline;\">Sortie paroissiale et de secteur \u00e0 Sion \u00e0 l\u2019Ascension :<br \/><\/span><\/span><\/strong><strong><span class=\"tm14\">Le Jeudi 26 mai, <\/span><\/strong><span class=\"tm13\">nous aurons le plaisir de vivre un temps familial, fraternel, spirituel, sportif, de rencontres avec nos voisins des autres clochers et des autres paroisses, enfants, adultes,<\/span> <span class=\"tm13\">jeunes.<br \/><\/span><strong><span class=\"tm14\">Pour les marcheurs\u00a0:<br \/><\/span><\/strong><strong><span class=\"tm14\">&#8211; \u00e0 9h rendez-vous \u00e0 They sous Vaud\u00e9mont <br \/><\/span><\/strong><span class=\"tm13\">&#8211; <\/span><strong><span class=\"tm14\">\u00e0 10h rendez-vous \u00e0 Vaud\u00e9mont <\/span><\/strong><span class=\"tm13\">et l<\/span><span class=\"tm13\">es deux groupes continuent ensemble vers Sion.<br \/><\/span><strong><span class=\"tm14\">Pour tous\u00a0: <br \/><\/span><\/strong><strong><span class=\"tm14\">&#8211; \u00e0 12h\u00a0 mot d\u2019accueil puis ap\u00e9ritif et pique-nique \u00e0 l\u2019abri du p\u00e8lerin. <br \/><\/span><\/strong><em><span class=\"tm32\">&#8211; <\/span><\/em><strong><span class=\"tm14\">\u00e0 14h rendez-vous salle Notre-Dame pour un moment d\u2019enseignement sur <\/span><\/strong><em><span class=\"tm32\">\u2018\u2019J\u00e9sus est vivant \u00e0 tes c\u00f4t\u00e9s chaque jour pour t\u2019\u00e9clairer, te fortifier, te lib\u00e9rer\u2019\u2019. <br \/><\/span><\/em><strong><span class=\"tm14\">&#8211; \u00e0 15h chants de louange \u00e0 la basilique <br \/><\/span><\/strong><strong><span class=\"tm14\">&#8211; 15h30 messe et photo de groupe \u00e0 la sortie <br \/><\/span><\/strong><span class=\"tm13\">Les enfants pr\u00e9parant la premi\u00e8re communion seront \u00e0 Sion d\u00e8s 9h pour leur temps fort. <\/span><span class=\"tm13\">Les autres enfants du cat\u00e9\u00a0et leurs familles sont invit\u00e9s \u00e0 participer \u00e0 la marche du matin ou \u00e0 rejoindre le groupe pour l\u2019un des moments cit\u00e9s plus haut. La messe sera pr\u00e9par\u00e9e par les groupes de cat\u00e9. C\u2019est la \u2018\u2019messe des familles\u2019\u2019 du mois de mai. <br \/><\/span><\/span><\/p>\n<p class=\"Normal tm18\"><span style=\"color: #000000;\"><strong><span class=\"tm17\">\u00a0<\/span><span style=\"text-decoration: underline;\"><span class=\"tm34\">Horaires des messes des 14 et 15 mai 2022 :<br \/><\/span><\/span><\/strong><strong><span class=\"tm15\">Samedi 14 mai <\/span><\/strong><span class=\"tm17\">: <\/span><strong><span class=\"tm15\">18h <\/span><\/strong><span class=\"tm17\">Chaligny <\/span><strong><span class=\"tm15\"> 18h30 <\/span><\/strong><span class=\"tm17\">Laneuveville et Heillecourt<br \/><\/span><strong><span class=\"tm15\">Dimanche 15 mai : 10h <\/span><\/strong><span class=\"tm17\">Pulligny<\/span><strong><span class=\"tm15\"> 10h30 <\/span><\/strong><span class=\"tm17\">Jarville, Neuves-Maisons<\/span><strong><span class=\"tm15\"> 11h <\/span><\/strong><span class=\"tm17\"> Ludres.<\/span><\/span><\/p>\n<p class=\"Normal tm18\"><span style=\"color: #000000;\"><strong><span class=\"tm11\"><span style=\"text-decoration: underline;\">Appel \u00e0 b\u00e9n\u00e9voles :<br \/><\/span><\/span><\/strong><span class=\"tm17\">La paroisse Sainte-Jeanne-de-Chantal recherche rapidement une ou plusieurs personnes pour compl\u00e9ter l\u2019\u00e9quipe de la permanence d\u2019accueil, pour du secr\u00e9tariat, pour la gestion des salles de la maison paroissiale. <\/span><span class=\"tm17\">Prendre contact avec Marc Haeussler au 06 43 10 46 44 ou Micheline Schott au 06 83 46 77 11. <\/span><\/span><\/p>\n<p class=\"Normal tm18\"><span style=\"color: #000000;\"><span style=\"text-decoration: underline;\"><strong><span class=\"tm37\">Autres dates \u00e0 retenir : Journ\u00e9es repas des b\u00e9n\u00e9voles :<\/span><\/strong><\/span><strong><span class=\"tm16\">\u00a0<br \/><\/span><\/strong><span class=\"tm40\">&#8211; Le samedi 25 juin <\/span><span class=\"tm39\">\u00e0 midi trente<\/span><span class=\"tm40\"> \u00e0 Jarville <\/span><span class=\"tm39\">pour la paroisse Saint-Fran\u00e7ois-de-Sales. <br \/>&#8211;\u00a0<\/span> <span class=\"tm40\">Le dimanche 3 juillet <\/span><span class=\"tm39\">\u00e0 midi trente<\/span><span class=\"tm40\"> \u00e0 Ludres <\/span><span class=\"tm39\">pour la paroisse de Sainte-Jeanne-de-Chantal. <br \/><\/span><strong><span class=\"tm16\">\u00a0<\/span><\/strong><span class=\"tm39\">Prendre le temps de se rencontrer et de passer un moment fraternel autour d\u2019un bon repas\u00a0! <\/span><\/span><\/p>\n<p class=\"Normal tm18\"><span style=\"color: #000000;\"><span style=\"text-decoration: underline;\"><strong><span class=\"tm19\">Les changements dans notre secteur \u00e0 la rentr\u00e9e<\/span><\/strong><span class=\"tm20\"> :<br \/><\/span><\/span><span class=\"tm16\">Le p\u00e8re Serge G\u00e9rardy va partir vers\u00a0le secteur pastoral de l\u2019Orne. Il est nomm\u00e9 \u00e0 Briey et sera Cur\u00e9 mod\u00e9rateur des 5 paroisses. La paroisse de la Visitation recevra\u00a0G\u00e9rard NDUWIMANA comme cur\u00e9 in solidum et Marc Haeussler devient cur\u00e9 mod\u00e9rateur de notre secteur.\u00a0Alexandre-Marie Valder reprend des \u00e9tudes \u00e0 Paris mais rentrera \u00e0 Jarville pour le week-end.<\/span><\/span><\/p>\n<p class=\"Normal tm21 tm18\"><span style=\"color: #000000;\"><strong><span class=\"tm43\"><span style=\"text-decoration: underline;\">Autres Annonces<\/span> :<br \/><\/span><\/strong><strong><span class=\"tm11\">S\u0153ur Sarah \u00e0 Ludres et \u00e0 Nancy :<\/span><\/strong><strong> <span class=\"tm16\">\u2018\u2019Op\u00e9ration Orange\u2019\u2019 de S\u0153ur Emmanuelle pour les enfants <\/span><span class=\"tm45\">d\u2019\u00c9gypte, du Liban et du Soudan-sud. <\/span><\/strong><span class=\"tm17\">S\u0153ur Sarah, qui a pris la succession de S\u0153ur Emmanuelle en 1993, aupr\u00e8s des chiffonniers du Caire, sera dans la r\u00e9gion la semaine du 10 mai<\/span><span class=\"tm34\">, <\/span><span class=\"tm17\">invit\u00e9e par l\u2019Association de soutien, <\/span><em><span class=\"tm46\">Op\u00e9ration Orange<\/span><\/em><span class=\"tm17\">. <br \/><\/span><strong><span class=\"tm15\">Nous aurons le plaisir de l\u2019accueillir \u00e0 Ludres<\/span><\/strong><span class=\"tm17\">\u00a0: <\/span><strong><span class=\"tm15\">le mercredi 11 mai \u00e0 10h45 <\/span><\/strong><span class=\"tm17\">(salles paroissiales ou \u00e9glise)<\/span> <span class=\"tm17\">avec les enfants du cat\u00e9 et ceux qui le souhaitent. <\/span><strong><span class=\"tm15\">Ce m\u00eame jour,<\/span><\/strong><span class=\"tm17\"> \u00e0 l\u2019\u00e9glise <\/span><strong><span class=\"tm15\">Saint S\u00e9bastien \u00e0 19h30 T\u00e9moignage <\/span><\/strong><span class=\"tm17\">et \u00e0<\/span><strong><span class=\"tm15\"> 20h30 Ballade musicale avec \u2018\u2019Gospel\u2019s Family <\/span><\/strong><\/span><\/p>\n<p class=\"Normal_Web_ tm26 tm47\"><span style=\"color: #000000;\"><strong><span class=\"tm11\"><span style=\"text-decoration: underline;\">Journ\u00e9e mondiale pour la lutte contre l\u2019homophobie<\/span> :<br \/><\/span><\/strong><strong><span class=\"tm15\">Mardi 17 mai, \u00e0 20h en l\u2019\u00e9glise saint S\u00e9bastien de Nancy<\/span><\/strong><span class=\"tm17\">, le\u00a0groupe dioc\u00e9sain <\/span><em><span class=\"tm46\">Homosexualit\u00e9 et Vie chr\u00e9tienne<\/span><\/em><span class=\"tm17\"> propose un temps de pri\u00e8re <\/span><\/span><\/p>\n<p class=\"Normal_Web_ tm26 tm47\"><span style=\"color: #000000;\"><strong><span class=\"tm11\"><span style=\"text-decoration: underline;\">\u2018\u2019Avance au large\u2019\u2019 :<br \/><\/span><\/span><\/strong><strong><span class=\"tm15\">L\u2019\u00e9v\u00e9nement spirituel et festif pour tous les catholiques de Meurthe et Mosell.<br \/><\/span><\/strong><strong><span class=\"tm15\">Le samedi 4 juin, \u00e0 la Chartreuse de Bosserville, de 10h \u00e0 18h, une journ\u00e9e pour : <br \/><\/span><\/strong><span class=\"tm17\">&#8211; Marquer la conclusion du th\u00e8me pastoral dioc\u00e9sain \u2018\u2019Repartir du Christ\u2019\u2019<br \/><\/span><span class=\"tm17\">&#8211; Rendre gr\u00e2ce pour les 23 ans d\u2019\u00e9piscopat de Mgr Jean-Louis Papin, \u00e0 quelques semaines de la fin de son minist\u00e8re d\u2019\u00e9v\u00eaque de notre dioc\u00e8se. <br \/><\/span><span class=\"tm17\">&#8211; Ouvrir une grande semaine missionnaire dioc\u00e9saine (dans la dynamique d\u2019\u2019\u2019Imiter le Christ\u2019\u2019, premier \u00e9vang\u00e9lisateur) par un envoi en mission. <br \/><\/span><strong><span class=\"tm15\">Au programme de la journ\u00e9e<\/span><\/strong><span class=\"tm17\">\u00a0: chants, cat\u00e9ch\u00e8se de Medhi Djaadi \u2018\u2019 <\/span><em><span class=\"tm46\">La joie d\u2019\u00eatre au Christ et d\u2019en t\u00e9moigner\u2019\u2019, <\/span><\/em><span class=\"tm17\">festival dioc\u00e9sain en 3 pavillons, Eucharistie et envoi en mission. <\/span><strong><span class=\"tm15\">Cette journ\u00e9e sera pr\u00e9c\u00e9d\u00e9e d\u2019une neuvaine \u00e0 l\u2019Esprit Saint qui nous pr\u00e9parera autant \u00e0 la Pentec\u00f4te qu\u2019\u00e0 la semaine missionnaire<\/span><\/strong><span class=\"tm17\">. <br \/><\/span><strong><span class=\"tm15\">Bulletin d\u2019inscription<\/span><\/strong><span class=\"tm17\"> \u00e0 renvoyer avant le 26 mai (bus et repas possibles) \u2013 <\/span><em><span class=\"tm46\">voir site du dioc\u00e8se ou tracts. <br \/><\/span><\/em><strong><span class=\"tm51\">\u00a0<\/span><span class=\"tm52\"><span style=\"text-decoration: underline;\">\u00ab\u00a0Avec toi, de village en village\u00a0\u00bb, une grande marche du 6 au 12 juin :<\/span> <\/span><\/strong><span class=\"tm25\">Dans le cadre de la semaine missionnaire dioc\u00e9saine lanc\u00e9e par notre \u00e9v\u00eaque et des R<\/span><span class=\"tm25\">en<\/span><span class=\"tm25\">contres Mondiales des Familles \u00e0 l\u2019invitation du pape Fran\u00e7ois, un projet est n\u00e9 au sein du dioc\u00e8se de Nancy et de Toul : marcher p<\/span><span class=\"tm25\">en<\/span><span class=\"tm25\">dant une semaine \u00e0 travers le dioc\u00e8se avec ceux qui veul<\/span><span class=\"tm25\">en<\/span><span class=\"tm25\">t \u00ab\u00a0faire famille\u00a0\u00bb,\u00a0<\/span><span class=\"tm25\">en<\/span><span class=\"tm25\">fants, jeunes, adultes. Un des 2 circuits propos\u00e9s passera par <\/span><strong><span class=\"tm24\">Flavigny le jeudi 9 juin vers 17h<\/span><\/strong><span class=\"tm25\"> et repartira <\/span><strong><span class=\"tm24\">le vendredi 10 juin \u00e0 9h <\/span><span class=\"tm24\">de Flavigny : <\/span><\/strong><em><span class=\"alev_\">accueil des marcheurs, repas partag\u00e9, une veill\u00e9e le jeudi soir puis petit d\u00e9jeuner et d\u00e9part avec animation le vendredi matin et la participation de la paroisse, des habitants de Flavigny et du secteur.<\/span><\/em><\/span><\/p>\n","protected":false},"excerpt":{"rendered":"<p>Bapt\u00eames : Dimanche 8 mai \u00e0 Laneuveville, bapt\u00eame de Charlotte Vivenot et le 15 mai, \u00e0 Jarville, bapt\u00eame d\u2019Am\u00e9lie Lequerme. R\u00e9jouissons-nous et prions pour elles et leurs familles. Journ\u00e9e des vocations :Le dimanche 8 mai, 4\u00e8me dimanche de P\u00e2ques, dit du \u2018\u2019Bon pasteur\u2019\u2019 l\u2019\u00c9glise nous demande de prier pour les vocations, toutes les vocations. La&hellip; <br \/> <a class=\"read-more\" href=\"https:\/\/paroisses-nancy-sud.fr\/HOME\/annonces-de-saint-francois-de-sales-et-sainte-jeanne-de-chantal-du-7-mai\/\">Lire la suite<\/a><\/p>\n","protected":false},"author":5,"featured_media":553,"comment_status":"closed","ping_status":"open","sticky":false,"template":"","format":"standard","meta":[],"categories":[7],"tags":[],"acf":[],"_links":{"self":[{"href":"https:\/\/paroisses-nancy-sud.fr\/HOME\/wp-json\/wp\/v2\/posts\/2097"}],"collection":[{"href":"https:\/\/paroisses-nancy-sud.fr\/HOME\/wp-json\/wp\/v2\/posts"}],"about":[{"href":"https:\/\/paroisses-nancy-sud.fr\/HOME\/wp-json\/wp\/v2\/types\/post"}],"author":[{"embeddable":true,"href":"https:\/\/paroisses-nancy-sud.fr\/HOME\/wp-json\/wp\/v2\/users\/5"}],"replies":[{"embeddable":true,"href":"https:\/\/paroisses-nancy-sud.fr\/HOME\/wp-json\/wp\/v2\/comments?post=2097"}],"version-history":[{"count":2,"href":"https:\/\/paroisses-nancy-sud.fr\/HOME\/wp-json\/wp\/v2\/posts\/2097\/revisions"}],"predecessor-version":[{"id":2099,"href":"https:\/\/paroisses-nancy-sud.fr\/HOME\/wp-json\/wp\/v2\/posts\/2097\/revisions\/2099"}],"wp:featuredmedia":[{"embeddable":true,"href":"https:\/\/paroisses-nancy-sud.fr\/HOME\/wp-json\/wp\/v2\/media\/553"}],"wp:attachment":[{"href":"https:\/\/paroisses-nancy-sud.fr\/HOME\/wp-json\/wp\/v2\/media?parent=2097"}],"wp:term":[{"taxonomy":"category","embeddable":true,"href":"https:\/\/paroisses-nancy-sud.fr\/HOME\/wp-json\/wp\/v2\/categories?post=2097"},{"taxonomy":"post_tag","embeddable":true,"href":"https:\/\/paroisses-nancy-sud.fr\/HOME\/wp-json\/wp\/v2\/tags?post=2097"}],"curies":[{"name":"wp","href":"https:\/\/api.w.org\/{rel}","templated":true}]}}