{"id":2172,"date":"2022-06-11T22:04:16","date_gmt":"2022-06-11T20:04:16","guid":{"rendered":"https:\/\/paroisses-nancy-sud.fr\/HOME\/?p=2172"},"modified":"2022-06-11T22:04:16","modified_gmt":"2022-06-11T20:04:16","slug":"annonces-de-saint-francois-de-sales-et-de-sainte-jeanne-de-chantal-12-juin","status":"publish","type":"post","link":"https:\/\/paroisses-nancy-sud.fr\/HOME\/annonces-de-saint-francois-de-sales-et-de-sainte-jeanne-de-chantal-12-juin\/","title":{"rendered":"Annonces de Saint-Fran\u00e7ois-de-Sales et de Sainte-Jeanne-de-Chantal 12 juin"},"content":{"rendered":"\n<ul>\n<li><span style=\"color: #000000;\"><strong>Bapt\u00eames :\u00a0<\/strong><\/span><span style=\"color: #000000;\"><strong>Ce dimanche 12 juin \u00e0 Flavigny bapt\u00eames <\/strong>de Enzo et Ma\u00e9 et <strong>\u00e0 Jarville<\/strong> de Soline et Lya. <strong>Le dimanche 19 juin bapt\u00eames<\/strong> de Elsa Marchal, Margaux Paillot <strong>\u00e0 Ludres<\/strong> et Alexie Szydlak <strong>\u00e0 Jarville.<\/strong><\/span><\/li>\n<li><span style=\"color: #000000;\"><strong>Premi\u00e8res communions :<\/strong><\/span><span style=\"color: #000000;\"><strong>Ce dimanche 12 juin des enfants de notre secteur communieront pour la premi\u00e8re fois \u00e0 Flavigny\u00a0: <\/strong>Florine et Mathis G\u00e9rardin et Louis Simonin\u00a0;\u00e0 <strong>Neuves-Maisons\u00a0:<\/strong> Eva Butterbach, Lise Calame, Simon Charvillat, Jules Cl\u00e9ment, Baptiste Corbier, Matt\u00e9o Demangeont, Nathan Herreye, Maxime Moessner, L\u00e9a Nodari, Nicolas Ott.<\/span><\/li>\n<li><span style=\"color: #000000;\"><strong>Le dimanche 19 juin ce sera \u00e0 Jarville pour <\/strong>Stanislas Arnould, Mayline Aronica, Tristan Chapelle, Ilyan Contebardo, Lina Contebardo, Kayna Gbaguidi, No\u00e9 Gilles, Noah Moubamou Kebeno, Justine No\u00e9, Malou Parouty, Joan Richard, Nathan Richard, Loan Rosine, Noa Rosine.<\/span><\/li>\n<li><span style=\"color: #000000;\">R\u00e9jouissons-nous et prions pour eux et leurs familles.<\/span><\/li>\n<\/ul>\n<p><span style=\"color: #000000;\"><strong>\u00a0<\/strong><\/span><span style=\"color: #000000;\"><strong>Table ouverte du 2<sup>\u00e8me<\/sup> dimanche du mois : <\/strong><\/span><span style=\"color: #000000;\"><strong>Ce dimanche 12 juin \u00e0 Jarville, rendez-vous \u00e0 midi : <\/strong>chacun apporte de quoi partager et on fait connaissance. N\u2019h\u00e9sitez pas \u00e0 faire conna\u00eetre ce temps fraternel \u00e0 un voisin, \u00e0 un ami.\u00a0<\/span><span style=\"color: #000000;\"><strong>\u00a0<\/strong><\/span><\/p>\n<p><span style=\"color: #000000;\"><strong>Horaires des messes dominicales des 18 et 19 juin :\u00a0<\/strong><\/span><span style=\"color: #000000;\"><strong>Samedi 18 juin\u00a0: 18h<\/strong> Paray\u00a0 \u00a0 \u00a0 \u00a0 \u00a0 \u00a0 \u00a0 \u00a0<strong>18h30 <\/strong>Heillecourt, Laneuveville &#8211;\u00a0<\/span><span style=\"color: #000000;\"><strong>Dimanche 19 juin : 10h <\/strong>Pulligny<strong>\u00a0 \u00a0 \u00a0 10h30 <\/strong>Jarville, Neuves- Maisons &#8211; <strong>11h <\/strong>Ludres<\/span><\/p>\n<p><span style=\"color: #000000;\"><strong>\u00a0<\/strong><\/span><span style=\"color: #000000;\"><strong>F\u00eate du Sacr\u00e9 C\u0153ur : <\/strong><\/span><span style=\"color: #000000;\"><strong>Le vendredi 24 juin \u00e0 18h30, \u00e0 Jarville, messe de la solennit\u00e9 du Sacr\u00e9 C\u0153ur, &#8211;\u00a0<\/strong><\/span><span style=\"color: #000000;\">Repas tir\u00e9 du sac,-\u00a0<\/span><span style=\"color: #000000;\"><strong>20h30 conf\u00e9rence sur Charles de Foucauld\u00a0<\/strong>par Pierre Gille <strong>: <\/strong><em>Charles de Foucauld\u00a0 \u2018\u2019serviteur de J\u00e9sus\u2019\u2019 et fr\u00e8re universel<\/em>.\u00a0<\/span><span style=\"color: #000000;\">\u00ab Serviteur de J\u00e9sus \u00bb est une citation ; c\u2019est la traduction de \u00ab Abd-Isa \u00bb, nom sous lequel il se fait d\u00e9signer d\u00e8s le d\u00e9but par les Touaregs<\/span><span style=\"color: #000000;\">\u00a0: c\u2019est ainsi qu\u2019il signe ses lettres \u00e0 partir de 1914.<\/span><\/p>\n<p><span style=\"color: #000000;\"><strong>\u00a0<\/strong><\/span><span style=\"color: #000000;\"><strong>Concerts :\u00a0<\/strong><\/span><span style=\"color: #000000;\"><strong>Le vendredi 17 juin \u00e0 20h30 Heillecourt \u00a0\u00bbr\u00e9p\u00e9tition ouverte\u00a0\u00bb du groupe \u2018\u2019Les voix-ci, les voix-l\u00e0 \u2018\u2019\u00a0 &#8211; <\/strong><\/span><span style=\"color: #000000;\"><strong>Le mardi 21 juin \u00e0 20h30 \u00e0 Laneuveville concert du groupe \u2018\u2019Laneuv\u2019m\u00e9lodie\u2019\u2019. <\/strong><\/span><\/p>\n<p><span style=\"color: #000000;\"><strong>\u00a0<\/strong><\/span><span style=\"color: #000000;\"><strong>Appel \u00e0 b\u00e9n\u00e9voles : <\/strong><\/span><span style=\"color: #000000;\">La paroisse Ste-Jeanne-de-Chantal a toujours besoin de compl\u00e9ter son \u00e9quipe de permanence d\u2019accueil, et de secr\u00e9tariat : en particulier une personne sachant saisir des donn\u00e9es et disponible une demi-journ\u00e9e par semaine essentiellement pour la gestion des intentions de messe (on peut travailler depuis chez soi) ou d\u2019autres services <\/span><span style=\"color: #000000;\">Prendre contact avec Marc Haeussler au 06 43 10 46 44 ou Micheline Schott au 06 83 46 77 11.\u00a0\u00a0<\/span><\/p>\n<p><span style=\"color: #000000;\"><strong>\u00a0<\/strong><\/span><span style=\"color: #000000;\"><strong>Autres dates \u00e0 retenir : Journ\u00e9es repas des b\u00e9n\u00e9voles :\u00a0<\/strong><\/span><span style=\"color: #000000;\">Le samedi 25 juin \u00e0 12h30 \u00e0 Jarville pour la paroisse Saint-Fran\u00e7ois-de-Sales.\u00a0<\/span><span style=\"color: #000000;\">Le dimanche 3 juillet \u00e0 12h30 \u00e0 Ludres pour la paroisse de Sainte-Jeanne-de-Chantal.\u00a0<\/span><span style=\"color: #000000;\">Prendre le temps de se rencontrer et de passer un moment fraternel autour d\u2019un bon repas\u00a0!\u00a0<\/span><\/p>\n<p><span style=\"color: #000000;\"><em>\u00a0<\/em><\/span><span style=\"color: #000000;\"><strong>Les pr\u00eatres proposent de visiter les familles<\/strong> et de b\u00e9nir leurs maisons\u00a0 :\u00a0<\/span><span style=\"color: #000000;\"><strong>Visiter les maisons et b\u00e9nir leurs occupants. <\/strong>Et si c\u2019\u00e9tait l\u2019occasion pour vous d<strong>\u2019inviter l\u2019un de vos pr\u00eatres<\/strong> pour un repas ou simplement un caf\u00e9 ? L\u2019occasion de prier ensemble avec votre famille et l\u2019un ou l\u2019autre voisin ? L\u2019occasion de vivre un temps de partage fraternel autour du Seigneur ressuscit\u00e9 ? L\u2019occasion de poser ces questions de foi que vous n\u2019avez jamais os\u00e9 poser avant ?\u00a0<\/span><span style=\"color: #000000;\"><em>Marc Haeussler 06 43 10 46 44 \u2013 Guy Tshimanga 06 56 70 55 21 \u2013Raj Sampath-Kumar 07 67 37 44 41 \u2013 Alexandre-Marie Valder 07 71 03 96 97<\/em><\/span><\/p>\n<p><span style=\"color: #000000;\"><strong>Autres Annonces :\u00a0<\/strong><\/span><span style=\"color: #000000;\"><strong>Assembl\u00e9e de pri\u00e8re pour les souffrants \u00e0 la cath\u00e9drale de Nancy.\u00a0<\/strong><\/span><span style=\"color: #000000;\"><strong>Ce dimanche 12 juin, <\/strong>vous \u00eates invit\u00e9s \u00e0 vivre dans le cadre de la semaine missionnaire la 2<sup>\u00e8me<\/sup> grande pri\u00e8re pour les souffrants \u00e0 la Cath\u00e9drale de Nancy \u00e0 16h.<\/span><span style=\"color: #000000;\">Beaucoup, autour de nous souffrent et ne savent plus vers qui aller,\u00a0forts de la Foi qui nous habite, avec confiance et audace, nous voulons en \u00c9glise, dans l\u2019unit\u00e9, nous tourner vers Celui qui peut tout. <strong>Contact et infos :\u00a0<\/strong><a style=\"color: #000000;\" href=\"mailto:priere.souffrants54@laposte.net\">priere.souffrants54@laposte.net<\/a><\/span><\/p>\n<p><span style=\"color: #000000;\"><strong>Rencontre mondiale des familles :\u00a0<\/strong><\/span><span style=\"color: #000000;\">La dixi\u00e8me Rencontre Mondiale des Familles se tiendra de nouveau \u00e0 Rome\u00a0<strong>du 22 au 26 juin 2022, <\/strong>28 ans apr\u00e8s la premi\u00e8re \u00e9dition en 1994. En pla\u00e7ant les familles au centre de l\u2019attention pastorale, cette rencontre s\u2019apparentera \u00e0 une\u00a0<em>\u00ab Semaine des Familles \u00bb<\/em>. Elle sera r\u00e9partie dans tous les dioc\u00e8ses du monde.\u00a0<\/span><span style=\"color: #000000;\"><strong>Dans notre dioc\u00e8se<\/strong> elle vient d\u2019avoir lieu, cette semaine, en m\u00eame temps que la semaine missionnaire.\u00a0\u00a0<\/span><span style=\"color: #000000;\">La Rencontre mondiale s\u2019inscrit, entre autres, dans l\u2019actuel parcours synodal de l\u2019\u00c9glise et peut se r\u00e9v\u00e9ler une pr\u00e9cieuse exp\u00e9rience de \u00ab participation, communion et mission \u00bb des familles. 5 conf\u00e9rences du Congr\u00e8s pastoral seront organis\u00e9es autour de 5 th\u00e8mes :\u00a0<em>L\u2019\u00e9glise domestique et synodalit\u00e9<\/em>,\u00a0<em>L\u2019amour familial : merveilleux et fragile<\/em>,\u00a0<em>Identit\u00e9 et mission de la famille chr\u00e9tienne<\/em>,\u00a0<em>Le Cat\u00e9chum\u00e9nat matrimonial<\/em>, et\u00a0<em>Famille, chemin de saintet\u00e9.\u00a0<\/em><\/span><span style=\"color: #000000;\"><strong>Une carte pri\u00e8re est disponible au fond des \u00e9glises.\u00a0<\/strong><\/span><\/p>\n<p><span style=\"color: #000000;\"><strong><em>Dans notre dioc\u00e8se,<\/em><\/strong><em> l\u2019\u00e9quipe de la Pastorale des familles du dioc\u00e8se a fait <strong>une halte \u00e0 Flavigny jeudi 9 juin<\/strong> comme pr\u00e9vu.\u00a0<\/em><\/span><span style=\"color: #000000;\"><em>Un temps de rencontre des paroissiens avec les marcheurs et leurs exp\u00e9riences, avec le mouvement Foi et lumi\u00e8re ainsi qu\u2019avec le foyer Aurore de Ludres, \u00e0 leur arriv\u00e9e. Un temps de repas partag\u00e9 sur l\u2019espace du Chaubourot puis une veill\u00e9e autour du feu ont suivi : chants, danse, histoire de Flavigny, t\u00e9moignage des jeunes de notre secteur et de leur WE \u00e0 l\u2019abbaye de Citeaux fin mai.\u00a0<\/em><\/span><span style=\"color: #000000;\"><em>Les marcheurs sont repartis vendredi matin vers Maron apr\u00e8s une messe c\u00e9l\u00e9br\u00e9e \u00e0 Flavigny, rejoints par un groupe de coll\u00e9giens de La Malgrange.\u00a0 <\/em><\/span><\/p>\n<p><span style=\"color: #000000;\"><strong>Paroisses St -Fran\u00e7ois-de-Sales et Ste-jeanne-d-Chantal <\/strong><a style=\"color: #000000;\" href=\"http:\/\/paroisses-nancy-sud.fr\"><strong>http:\/\/paroisses-nancy-sud.fr<\/strong><\/a> \u00a0\u00a0&#8211; <a style=\"color: #000000;\" href=\"mailto:cure@paroisses-nancy-sud.fr\"><u>cure@paroisses-nancy-sud.fr<\/u><\/a> &#8211;<\/span><span style=\"color: #000000;\"><a style=\"color: #000000;\" href=\"mailto:secretariat.sfs@paroisses-nancy-sud.fr\"><u>secretariat.sfs@paroisses-nancy-sud.fr<\/u><\/a> \u2013 secretariat.sjc@paroisses-nancy-sud.fr\u00a0<\/span><span style=\"color: #000000;\"><strong>Permanences<\/strong> <strong>\u00e0 Jarville\u00a0: <\/strong>du lundi au samedi : 10h \u00e0 12h, au presbyt\u00e8re. Tel. 03 83 51 34 05\u00a0<\/span><span style=\"color: #000000;\"><strong>A Ludres<\/strong>, le mercredi et le samedi de 10h \u00e0 12h (vacances scolaires\u00a0le samedi \u00e0 la maison paroissiale Tel. 03 83 56 11<\/span><\/p>\n","protected":false},"excerpt":{"rendered":"<p>Bapt\u00eames :\u00a0Ce dimanche 12 juin \u00e0 Flavigny bapt\u00eames de Enzo et Ma\u00e9 et \u00e0 Jarville de Soline et Lya. Le dimanche 19 juin bapt\u00eames de Elsa Marchal, Margaux Paillot \u00e0 Ludres et Alexie Szydlak \u00e0 Jarville. Premi\u00e8res communions :Ce dimanche 12 juin des enfants de notre secteur communieront pour la premi\u00e8re fois \u00e0 Flavigny\u00a0: Florine&hellip; <br \/> <a class=\"read-more\" href=\"https:\/\/paroisses-nancy-sud.fr\/HOME\/annonces-de-saint-francois-de-sales-et-de-sainte-jeanne-de-chantal-12-juin\/\">Lire la suite<\/a><\/p>\n","protected":false},"author":6,"featured_media":553,"comment_status":"closed","ping_status":"open","sticky":false,"template":"","format":"standard","meta":[],"categories":[7],"tags":[],"acf":[],"_links":{"self":[{"href":"https:\/\/paroisses-nancy-sud.fr\/HOME\/wp-json\/wp\/v2\/posts\/2172"}],"collection":[{"href":"https:\/\/paroisses-nancy-sud.fr\/HOME\/wp-json\/wp\/v2\/posts"}],"about":[{"href":"https:\/\/paroisses-nancy-sud.fr\/HOME\/wp-json\/wp\/v2\/types\/post"}],"author":[{"embeddable":true,"href":"https:\/\/paroisses-nancy-sud.fr\/HOME\/wp-json\/wp\/v2\/users\/6"}],"replies":[{"embeddable":true,"href":"https:\/\/paroisses-nancy-sud.fr\/HOME\/wp-json\/wp\/v2\/comments?post=2172"}],"version-history":[{"count":1,"href":"https:\/\/paroisses-nancy-sud.fr\/HOME\/wp-json\/wp\/v2\/posts\/2172\/revisions"}],"predecessor-version":[{"id":2173,"href":"https:\/\/paroisses-nancy-sud.fr\/HOME\/wp-json\/wp\/v2\/posts\/2172\/revisions\/2173"}],"wp:featuredmedia":[{"embeddable":true,"href":"https:\/\/paroisses-nancy-sud.fr\/HOME\/wp-json\/wp\/v2\/media\/553"}],"wp:attachment":[{"href":"https:\/\/paroisses-nancy-sud.fr\/HOME\/wp-json\/wp\/v2\/media?parent=2172"}],"wp:term":[{"taxonomy":"category","embeddable":true,"href":"https:\/\/paroisses-nancy-sud.fr\/HOME\/wp-json\/wp\/v2\/categories?post=2172"},{"taxonomy":"post_tag","embeddable":true,"href":"https:\/\/paroisses-nancy-sud.fr\/HOME\/wp-json\/wp\/v2\/tags?post=2172"}],"curies":[{"name":"wp","href":"https:\/\/api.w.org\/{rel}","templated":true}]}}