{"id":2267,"date":"2022-07-29T16:40:19","date_gmt":"2022-07-29T14:40:19","guid":{"rendered":"https:\/\/paroisses-nancy-sud.fr\/HOME\/?p=2267"},"modified":"2022-07-29T16:42:19","modified_gmt":"2022-07-29T14:42:19","slug":"2267-2","status":"publish","type":"post","link":"https:\/\/paroisses-nancy-sud.fr\/HOME\/2267-2\/","title":{"rendered":"Orienter notre vie vers le Seigneur"},"content":{"rendered":"\n<p class=\"Standard\" style=\"margin-bottom: 5.65pt; text-align: justify;\"><span style=\"font-family: Arial, sans-serif; color: #000000;\">On raconte une anecdote \u00e0 propos de S. Philippe Neri. Un gar\u00e7on lui faisait part de ses projets d&rsquo;avenir.<\/span><\/p>\n<p class=\"Standard\" style=\"margin-bottom: 5.65pt; text-align: justify;\"><span style=\"font-family: Arial, sans-serif; color: #000000;\">\u00ab\u00a0Quand je serai grand, je ferai ceci, disait-il.<\/span><\/p>\n<p class=\"Standard\" style=\"margin-bottom: 5.65pt; text-align: justify;\"><span style=\"font-family: Arial, sans-serif; color: #000000;\">_ Et apr\u00e8s\u00a0? r\u00e9pondait Philippe.<\/span><\/p>\n<p class=\"Standard\" style=\"margin-bottom: 5.65pt; text-align: justify;\"><span style=\"font-family: Arial, sans-serif; color: #000000;\">_ Apr\u00e8s je ferai cela.<\/span><\/p>\n<p class=\"Standard\" style=\"margin-bottom: 5.65pt; text-align: justify;\"><span style=\"font-family: Arial, sans-serif; color: #000000;\">_ Et apr\u00e8s\u00a0?\u00a0\u00bb<\/span><\/p>\n<p class=\"Standard\" style=\"margin-bottom: 5.65pt; text-align: justify;\"><span style=\"font-family: Arial, sans-serif; color: #000000;\">Et le gar\u00e7on poursuivait, expliquait comment il ferait carri\u00e8re, s&rsquo;\u00e9l\u00e8verait, gagnerait honneur et richesses. \u00ab\u00a0Et apr\u00e8s\u00a0?\u00a0\u00bb r\u00e9pondait invariablement Philippe. Alors le gar\u00e7on comprit ce que voulait dire le saint\u00a0: que p\u00e8sent les projets des hommes face \u00e0 l&rsquo;\u00e9ternit\u00e9\u00a0?<\/span><\/p>\n<p class=\"Standard\" style=\"margin-bottom: 5.65pt; text-align: justify;\"><span style=\"font-family: Arial, sans-serif; color: #000000;\">Dans l&rsquo;\u00c9vangile d&rsquo;aujourd&rsquo;hui, le Seigneur J\u00e9sus nous parle d&rsquo;un homme qui amasse pour lui-m\u00eame au lieu d&rsquo;\u00eatre riche en vue de Dieu. Nous pouvons tous nous interroger, y compris moi-m\u00eame\u00a0: est-ce que j&rsquo;amasse pour moi-m\u00eame, comme si c&rsquo;\u00e9tait l&rsquo;abondance de mes biens, de mes relations, de mes m\u00e9rites, qui allait me garantir l&rsquo;amour et la vie, ou bien est-ce que je m&rsquo;efforce d&rsquo;\u00eatre riche en vue de Dieu\u00a0?<\/span><\/p>\n<p class=\"Standard\" style=\"margin-bottom: 5.65pt; text-align: justify;\"><span style=\"font-family: Arial, sans-serif; color: #000000;\">Dans la deuxi\u00e8me lecture, Paul nous exhorte\u00a0: depuis notre bapt\u00eame, notre vie est cach\u00e9e avec le Christ en Dieu. C&rsquo;est ce que signifie notre nom de chr\u00e9tiens\u00a0: nous sommes les hommes du Christ. Nous sommes tourn\u00e9s vers le haut, nous avons d\u00e9j\u00e0 un pied dans le ciel, alors regardons vers le haut, vers le ciel, vers le Christ. Imaginez un homme qui gravirait une montagne en regardant en arri\u00e8re vers le bas\u00a0! Ne va-t-il pas tr\u00e9bucher et d\u00e9gringoler\u00a0? De m\u00eame pour nous\u00a0: effor\u00e7ons-nous chaque jour de nous d\u00e9tourner de ce que la premi\u00e8re lecture appelle \u00ab\u00a0vanit\u00e9\u00a0\u00bb et \u00ab\u00a0vanit\u00e9 des vanit\u00e9s\u00a0\u00bb et de tourner vers le Seigneur tout ce que nous avons, tout ce que nous sommes.<\/span><\/p>\n<p class=\"Standard\" style=\"margin-bottom: 5.65pt; text-align: justify;\"><span style=\"font-family: Arial, sans-serif; color: #000000;\">Disons-le d&#8217;embl\u00e9e\u00a0: il existe des choses qui ne peuvent pas \u00eatre tourn\u00e9es vers le Christ et auxquelles il faut tourner le dos sans concession. Comme l&rsquo;\u00e9crit Paul\u00a0: \u00ab\u00a0Faites donc mourir en vous ce qui n&rsquo;appartient qu&rsquo;\u00e0 la terre \u2013 et il \u00e9num\u00e8re \u2013 \u00a0: d\u00e9bauche, impuret\u00e9, passion, d\u00e9sire mauvais, soif de poss\u00e9der.\u00a0\u00bb Le mensonge, la cupidit\u00e9, la violence, tout cela n&rsquo;a aucune place dans le Royaume de Dieu. Tout le reste par contre, nous avons \u00e0 l&rsquo;accueillir et \u00e0 l&rsquo;orienter vers le bien, vers le Seigneur.<\/span><\/p>\n<p class=\"Standard\" style=\"margin-bottom: 5.65pt; text-align: justify;\"><span style=\"font-family: Arial, sans-serif; color: #000000;\">Orienter notre vie vers le Seigneur, c&rsquo;est plus concret qu&rsquo;on ne le pense.<\/span><\/p>\n<p class=\"Standard\" style=\"margin-bottom: 5.65pt; text-align: justify;\"><span style=\"font-family: Arial, sans-serif; color: #000000;\">Prenons le temps, par exemple\u00a0: que faisons-nous de notre temps\u00a0? Est-ce que nous perdons notre temps\u00a0? Est-ce que nous tuons le temps\u00a0? Combien de personnes, de tous les \u00e2ges, g\u00e2chent de pr\u00e9cieuses heures sur les r\u00e9seaux sociaux\u00a0! Ou bien au contraire est-ce qu&rsquo;une part de nos journ\u00e9es est consacr\u00e9e \u00e0 prier, \u00e0 approfondir notre foi, \u00e0 prendre soin de nous-m\u00eames et des autres\u00a0?<\/span><\/p>\n<p class=\"Standard\" style=\"margin-bottom: 5.65pt; text-align: justify;\"><span style=\"font-family: Arial, sans-serif; color: #000000;\">Et l&rsquo;argent, comment l&rsquo;utilisons-nous\u00a0? Je prends volontairement un exemple qui ne nous concerne pas. Un cur\u00e9 racontait qu&rsquo;il faisait r\u00e9guli\u00e8rement le point sur les comptes de sa paroisse\u00a0: quelle part de l&rsquo;argent \u00e9tait mal employ\u00e9e, g\u00e2ch\u00e9e\u00a0? Quelle part au contraire allait au service de Dieu, \u00e0 l&rsquo;annonce de l&rsquo;\u00c9vangile, aux pauvres\u00a0?<\/span><\/p>\n<p class=\"Standard\" style=\"margin-bottom: 5.65pt; text-align: justify;\"><span style=\"font-family: Arial, sans-serif; color: #000000;\">Nous pouvons aussi parler de nos relations\u00a0: est-ce qu&rsquo;elles nous rapprochent du Seigneur ou bien est-ce qu&rsquo;elles nous \u00e9loignent de lui\u00a0? Est-ce que les personnes que nous fr\u00e9quentons nous donnent envie de devenir meilleurs, ou bien est-ce qu&rsquo;elles nous entra\u00eenent \u00e0 la m\u00e9disance, au d\u00e9couragement, \u00e0 la ti\u00e9deur, etc.\u00a0?<\/span><\/p>\n<p class=\"Standard\" style=\"margin-bottom: 5.65pt; text-align: justify;\"><span style=\"font-family: Arial, sans-serif; color: #000000;\">Plus g\u00e9n\u00e9ralement, choisir d&rsquo;orienter ou non notre vie vers le Seigneur passe par toutes ces petits choix concrets du quotidien\u00a0: au regard de l&rsquo;\u00e9ternit\u00e9, ce n&rsquo;est pas la m\u00eame chose de saluer son voisin ou de l&rsquo;ignorer, de prendre des nouvelles d&rsquo;un proche ou d&rsquo;attendre qu&rsquo;il fasse le premier pas, de prier ou de regarder un feuilleton, de chercher la r\u00e9conciliation ou de refuser un pardon, de prendre un l\u00e9gitime repos ou de s&rsquo;abrutir \u00e0 la t\u00e2che, etc.<\/span><\/p>\n<p class=\"Standard\" style=\"margin-bottom: 5.65pt; text-align: justify;\"><span style=\"font-family: Arial, sans-serif; color: #000000;\">\u00ab\u00a0La chair est le pivot du salut\u00a0\u00bb, \u00e9crivait Tertullien au II<sup>e<\/sup> si\u00e8cle. Cela signifie que Dieu nous sauve en se faisant chair. Cela signifie aussi que nous, qui sommes des \u00eatres temporels et mat\u00e9riels, nous r\u00e9pondons \u00e0 cette offre de salut par des actes inscrits dans le temps et la mati\u00e8re.<\/span><\/p>\n<p class=\"Standard\" style=\"margin-bottom: 5.65pt; text-align: justify;\"><span style=\"font-family: Arial, sans-serif; color: #000000;\">\u00ab\u00a0Et apr\u00e8s\u00a0?\u00a0\u00bb demandait saint Philippe. Vous le savez\u00a0: lorsque quelqu&rsquo;un, comme l&rsquo;homme de la parabole, a choisi de vivre sans Dieu, Dieu ne va pas faire effraction au dernier moment. Celui qui a choisi de vivre sans Dieu, Dieu le laisse poursuivre sur sa lanc\u00e9e dans l&rsquo;\u00e9ternit\u00e9, sans lui.<\/span><\/p>\n<p class=\"Standard\" style=\"margin-bottom: 5.65pt; text-align: justify;\"><span style=\"font-family: Arial, sans-serif; color: #000000;\">Inversement, lorsque nous avons choisi de vivre en vue de Dieu, ne pouvons-nous pas esp\u00e9rer avec confiance que nous passerons aussi l&rsquo;\u00e9ternit\u00e9 avec lui\u00a0? C&rsquo;est la phrase de S.\u00a0Fran\u00e7ois de Sales\u00a0: \u00ab\u00a0La vie, c&rsquo;est le temps pour chercher Dieu. La mort, c&rsquo;est le temps pour trouver Dieu. L&rsquo;\u00e9ternit\u00e9, c&rsquo;est le temps pour poss\u00e9der Dieu.\u00a0\u00bb<\/span><\/p>\n<p class=\"Standard\" style=\"margin-bottom: 5.65pt; text-align: justify;\"><span style=\"font-family: Arial, sans-serif; color: #000000;\">Il y a quelques jours un trappiste, le P. Henri, est d\u00e9c\u00e9d\u00e9 \u00e0 l&rsquo;abbaye de C\u00eeteaux, apr\u00e8s 78 ans de vie monastique, 78 ans de fid\u00e9lit\u00e9, 78 ans \u00e0 orienter toute sa vie vers Dieu. Nous ne sommes pas tous appel\u00e9s \u00e0 devenir moine. Ne pouvons-nous pas cependant nous inspirer de leur exemple en tournant r\u00e9solument nos pens\u00e9es et nos actions vers ce qui compte vraiment\u00a0?<\/span><\/p>\n<p class=\"Standard\" style=\"margin-bottom: 5.65pt; text-align: justify;\"><span style=\"font-family: Arial, sans-serif; color: #000000;\">Les anciens moines, les grands spirituels, ont toujours insist\u00e9 sur l&rsquo;importance pour tout disciple du Christ de garder la mort devant les yeux. Surtout n&rsquo;y voyons l\u00e0 rien de morbide ou de d\u00e9sesp\u00e9rant. Lorsque nous croyons au Christ, nous avons \u00e0 nous rappeler r\u00e9guli\u00e8rement vers quelle destination nous cheminons, en vue de quoi nous vivons. Je ne vous apprends rien\u00a0: nos contemporains, malheureusement, cr\u00e8vent de ne pas savoir en vue de quoi nous sommes sur cette terre. Quant \u00e0 nous, regardons le but\u00a0: la mort, mais surtout celui qui nous attend au-del\u00e0. Gardons le but devant les yeux pour ne pas risquer de passer \u00e0 c\u00f4t\u00e9, pour r\u00e9ajuster quotidiennement notre cap lorsque nous penchons \u00e0 nouveau vers les vanit\u00e9s.<\/span><\/p>\n<p class=\"Standard\" style=\"margin-bottom: 5.65pt; text-align: justify;\"><span style=\"font-family: Arial, sans-serif; color: #000000;\">Cet exercice devrait nous procurer de la joie. Si ce n&rsquo;est pas le cas, il peut y avoir encore des \u00e9l\u00e9ments de notre vie qu&rsquo;il nous faut convertir, dont il nous faut nous d\u00e9tacher (je n&#8217;emporterai au ciel ni ma collection de BD ni ma voiture d&rsquo;\u00e9poque ni ma maison impeccablement briqu\u00e9e). Cela peut aussi \u00eatre une tentation d&rsquo;inqui\u00e9tude \u00e0 laquelle je peux opposer un acte d&rsquo;esp\u00e9rance\u00a0: \u00ab\u00a0Mon Dieu, j&rsquo;esp\u00e8re avec une ferme confiance que tu me donneras, par les m\u00e9rites de J\u00e9sus-Christ, ta gr\u00e2ce en ce monde et la vie \u00e9ternelle dans l&rsquo;autre, parce que tu l&rsquo;as promis et que tu tiens toujours tes promesses.\u00a0\u00bb<\/span><\/p>\n<p class=\"Standard\" style=\"margin-bottom: 5.65pt; text-align: justify;\"><span style=\"font-family: Arial, sans-serif; color: #000000;\">En faisant mon examen de conscience quotidien, j&rsquo;aime commencer par une action de gr\u00e2ce pour la journ\u00e9e, pour les germes de vie \u00e9ternelle d\u00e9j\u00e0 pr\u00e9sents. J&rsquo;identifie aussi mes refus et mes obstacles \u00e0 la gr\u00e2ce. Et je conclus par des demandes concr\u00e8tes pour le lendemain, pour pouvoir vivre ma journ\u00e9e les yeux tourn\u00e9s vers le Seigneur.<\/span><\/p>\n<p style=\"text-align: right;\"><span style=\"color: #000000;\">Alexandre-Marie Valder\u00a0<\/span><\/p>\n","protected":false},"excerpt":{"rendered":"<p>On raconte une anecdote \u00e0 propos de S. Philippe Neri. Un gar\u00e7on lui faisait part de ses projets d&rsquo;avenir. \u00ab\u00a0Quand je serai grand, je ferai ceci, disait-il. _ Et apr\u00e8s\u00a0? r\u00e9pondait Philippe. _ Apr\u00e8s je ferai cela. _ Et apr\u00e8s\u00a0?\u00a0\u00bb Et le gar\u00e7on poursuivait, expliquait comment il ferait carri\u00e8re, s&rsquo;\u00e9l\u00e8verait, gagnerait honneur et richesses. \u00ab\u00a0Et&hellip; <br \/> <a class=\"read-more\" href=\"https:\/\/paroisses-nancy-sud.fr\/HOME\/2267-2\/\">Lire la suite<\/a><\/p>\n","protected":false},"author":9,"featured_media":290,"comment_status":"closed","ping_status":"open","sticky":false,"template":"","format":"standard","meta":[],"categories":[9],"tags":[],"acf":[],"_links":{"self":[{"href":"https:\/\/paroisses-nancy-sud.fr\/HOME\/wp-json\/wp\/v2\/posts\/2267"}],"collection":[{"href":"https:\/\/paroisses-nancy-sud.fr\/HOME\/wp-json\/wp\/v2\/posts"}],"about":[{"href":"https:\/\/paroisses-nancy-sud.fr\/HOME\/wp-json\/wp\/v2\/types\/post"}],"author":[{"embeddable":true,"href":"https:\/\/paroisses-nancy-sud.fr\/HOME\/wp-json\/wp\/v2\/users\/9"}],"replies":[{"embeddable":true,"href":"https:\/\/paroisses-nancy-sud.fr\/HOME\/wp-json\/wp\/v2\/comments?post=2267"}],"version-history":[{"count":2,"href":"https:\/\/paroisses-nancy-sud.fr\/HOME\/wp-json\/wp\/v2\/posts\/2267\/revisions"}],"predecessor-version":[{"id":2269,"href":"https:\/\/paroisses-nancy-sud.fr\/HOME\/wp-json\/wp\/v2\/posts\/2267\/revisions\/2269"}],"wp:featuredmedia":[{"embeddable":true,"href":"https:\/\/paroisses-nancy-sud.fr\/HOME\/wp-json\/wp\/v2\/media\/290"}],"wp:attachment":[{"href":"https:\/\/paroisses-nancy-sud.fr\/HOME\/wp-json\/wp\/v2\/media?parent=2267"}],"wp:term":[{"taxonomy":"category","embeddable":true,"href":"https:\/\/paroisses-nancy-sud.fr\/HOME\/wp-json\/wp\/v2\/categories?post=2267"},{"taxonomy":"post_tag","embeddable":true,"href":"https:\/\/paroisses-nancy-sud.fr\/HOME\/wp-json\/wp\/v2\/tags?post=2267"}],"curies":[{"name":"wp","href":"https:\/\/api.w.org\/{rel}","templated":true}]}}