{"id":2291,"date":"2022-08-15T18:40:15","date_gmt":"2022-08-15T16:40:15","guid":{"rendered":"https:\/\/paroisses-nancy-sud.fr\/HOME\/?p=2291"},"modified":"2022-08-15T20:28:54","modified_gmt":"2022-08-15T18:28:54","slug":"marie","status":"publish","type":"post","link":"https:\/\/paroisses-nancy-sud.fr\/HOME\/marie\/","title":{"rendered":"Marie &#8230;"},"content":{"rendered":"\n\n\n<p class=\"Standard\" style=\"margin-bottom: 5.65pt; text-align: justify;\"><span style=\"font-size: 15pt; font-family: Caladea; color: #000000;\">N&rsquo;en faisons-nous pas un peu beaucoup pour la Vierge Marie ? Certains seraient tent\u00e9s de le dire. Toutes ces solennit\u00e9s et tous ces titres, Marie M\u00e8re de Dieu et M\u00e8re de l\u2019\u00c9glise, l&rsquo;Immacul\u00e9e Conception et l&rsquo;Assomption, Tr\u00f4ne de la Sagesse, Reine de la Paix, Reine de l&rsquo;Univers et Porte du Ciel, ne vont-ils pas l&rsquo;\u00e9loigner de la commune humanit\u00e9 et faire d&rsquo;elle un \u00e9cran entre le Seigneur J\u00e9sus et nous ?<\/span><\/p>\n<p class=\"Standard\" style=\"margin-bottom: 5.65pt; text-align: justify;\"><span style=\"font-size: 15pt; font-family: Caladea; color: #000000;\">Avec l&rsquo;\u00c9glise, je crois que tout ce que nous disons de Marie, si nous le comprenons bien, nous la montre comme celle qui marche devant nous et nous pr\u00e9pare le chemin. C&rsquo;est pr\u00e9cis\u00e9ment le sens de la f\u00eate d&rsquo;aujourd&rsquo;hui\u00a0: Marie entre au ciel avec son \u00e2me et son corps et ce privil\u00e8ge annonce ce qui nous est promis \u00e0 tous.<\/span><\/p>\n<p class=\"Standard\" style=\"margin-bottom: 5.65pt; text-align: justify;\"><span style=\"font-size: 15pt; font-family: Caladea; color: #000000;\">J&rsquo;ai relu tout r\u00e9cemment un des plus beaux textes de sainte Th\u00e9r\u00e8se de l&rsquo;Enfant-J\u00e9sus. Ce cantique achev\u00e9 quelques mois avant sa mort s&rsquo;intitule \u00ab\u00a0Pourquoi je t&rsquo;aime, \u00f4 Marie\u00a0!\u00a0\u00bb Je voudrais ce matin vous livrer quelques intuitions de la petite sainte de Lisieux, en commen\u00e7ant par les premi\u00e8res strophes\u00a0:<\/span><\/p>\n<p class=\"Standard\" style=\"margin-bottom: 5.65pt;\"><span style=\"font-size: 15pt; font-family: Caladea; color: #000000;\">\u00ab\u00a0Si je te contemplais dans ta sublime gloire<br \/>Et surpassant l\u2019\u00e9clat de tous les bienheureux<br \/>Que je suis ton enfant je ne pourrais le croire<br \/>O Marie devant toi, je baisserais les yeux !\u2026<\/span><\/p>\n<p class=\"Standard\" style=\"margin-bottom: 5.65pt;\"><span style=\"font-size: 15pt; font-family: Caladea; color: #000000;\">Il faut pour qu\u2019un enfant puisse ch\u00e9rir sa m\u00e8re<br \/>Qu\u2019elle pleure avec lui, partage ses douleurs<br \/>O ma M\u00e8re ch\u00e9rie, sur la rive \u00e9trang\u00e8re<br \/>Pour m\u2019attirer \u00e0 toi, que tu versas de pleurs !\u2026.\u00a0\u00bb<br \/>En m\u00e9ditant ta vie dans le saint \u00c9vangile<br \/>J\u2019ose te regarder et m\u2019approcher de toi<br \/>Me croire ton enfant ne m\u2019est pas difficile<br \/>Car je te vois mortelle et souffrant comme moi\u00a0:\u00a0\u00bb<\/span><\/p>\n<p class=\"Standard\" style=\"margin-bottom: 5.65pt; text-align: justify;\"><span style=\"font-size: 15pt; font-family: Caladea; color: #000000;\">En m\u00e9ditant les \u00c9vangiles, Th\u00e9r\u00e8se comprend clairement que, bien loin de nous d\u00e9courager, Marie, par son exemple, nous rend visible l&rsquo;\u00e9troit chemin du Ciel et, par son soutien maternel, nous ne rend praticable. \u00ab\u00a0Je ne tremble pas en voyant ma faiblesse \/ Le tr\u00e9sor de la m\u00e8re appartient \u00e0 l\u2019enfant \/ Et je suis ton enfant, \u00f4 ma M\u00e8re ch\u00e9rie\u00a0\u00bb C&rsquo;est l\u00e0 le sens profond de la f\u00eate d&rsquo;aujourd&rsquo;hui\u00a0: Marie nous accompagne maternellement sur le rude chemin de la saintet\u00e9.<\/span><\/p>\n<p class=\"Standard\" style=\"margin-bottom: 5.65pt; text-align: justify;\"><span style=\"font-size: 15pt; font-family: Caladea; color: #000000;\">\u00a0<\/span><span style=\"font-size: 15pt; font-family: Caladea; color: #000000;\">Voici quatre p\u00e9pites tir\u00e9es du cantique de sainte Th\u00e9r\u00e8se.<\/span><\/p>\n<p class=\"Standard\" style=\"margin-bottom: 5.65pt; text-align: justify;\"><span style=\"font-size: 15pt; font-family: Caladea; color: #000000;\">En premier lieu, Th\u00e9r\u00e8se observe que Marie nous invite \u00e0 rester petits et simples. Accueillant le message de l&rsquo;ange, Marie r\u00e9pond par un oui confiant, sans exiger dans le d\u00e9tail un projet sur les trente ans \u00e0 venir. La gr\u00e2ce sera donn\u00e9e au jour le jour, comme l&rsquo;a \u00e9t\u00e9 la manne dans le d\u00e9sert. Dans sa charit\u00e9 aussi, Marie est petite et simple. \u00c9lisabeth a besoin d&rsquo;aide et elle se rend disponible. Elle ne cherche pas \u00e0 fonder une \u0153uvre ou une ONG, elle sert simplement la personne que le Bon Dieu a mise devant elle.<\/span><\/p>\n<p class=\"Standard\" style=\"margin-bottom: 5.65pt; text-align: justify;\"><span style=\"font-size: 15pt; font-family: Caladea; color: #000000;\">Th\u00e9r\u00e8se m\u00e9dite ensuite sur le silence de Marie. S&rsquo;agit-il d&rsquo;expliquer sa grossesse \u00e0 Joseph, de se rendre \u00e0 Bethl\u00e9em, d&rsquo;accoucher dans des conditions pr\u00e9caires, de s&rsquo;enfuir en \u00c9gypte, l&rsquo;\u00c9vangile nous dessine une Marie silencieuse et patiente dans les \u00e9preuves et les contrari\u00e9t\u00e9s, car toute sa confiance est en Dieu qui ne peut abandonner ses enfants. De la patience de Marie, tirons une le\u00e7on : la souffrance et les contrari\u00e9t\u00e9s n&rsquo;ont pas \u00e9pargn\u00e9 Marie, et elles ne sont pas un obstacle \u00e0 notre chemin vers Dieu, bien au contraire.<\/span><\/p>\n<p class=\"Standard\" style=\"margin-bottom: 5.65pt; text-align: justify;\"><span style=\"font-size: 15pt; font-family: Caladea; color: #000000;\">J&rsquo;habille ma troisi\u00e8me p\u00e9pite d&rsquo;une anecdote. On me demandait tout r\u00e9cemment un livre et des renseignements sur la jeunesse de J\u00e9sus. Que dire\u00a0? On n&rsquo;en sait rien car il ne s&rsquo;est rien produit de notable\u00a0: J\u00e9sus n&rsquo;a fait ni miracles ni grands discours. Il en est de m\u00eame de Marie\u00a0: rien n&rsquo;est dit de sa vie car elle \u00e9tait tout ordinaire.<\/span><\/p>\n<p class=\"Standard\" style=\"margin-bottom: 5.65pt; text-align: justify;\"><span style=\"font-size: 15pt; font-family: Caladea; color: #000000;\">Th\u00e9r\u00e8se s&rsquo;\u00e9merveille de ce que Marie ait march\u00e9 par le m\u00eame chemin que nous : \u00ab Point de ravissement, de miracle et d\u2019extase \/ n\u2019embellis ta vie \u00f4 Reine des Elus ! \/ Le nombre des petits est bien grand sur la terre \/ Ils peuvent sans trembler vers toi lever les yeux \/ C\u2019est par la voie commune, incomparable M\u00e8re \/ Qu\u2019il te pla\u00eet de marcher pour les guider aux Cieux. \u00bb Th\u00e9r\u00e8se contemple Marie m\u00eal\u00e9e aux autres Isra\u00e9lites au jour de la Pr\u00e9sentation au Temple et des p\u00e8lerinages, sans singularit\u00e9, sans exception ni grandeur : \u00ab M\u00e8re, ton doux Enfant veut que tu sois l&rsquo;exemple \/ De l&rsquo;\u00e2me qui Le cherche en la nuit de la foi. \u00bb<\/span><\/p>\n<p class=\"Standard\" style=\"margin-bottom: 5.65pt; text-align: justify;\"><span style=\"font-size: 15pt; font-family: Caladea; color: #000000;\">\u00ab\u00a0Mais tout de m\u00eame \u2013 allez-vous me dire\u00a0! \u2013 Marie a une relation privil\u00e9gi\u00e9e, ind\u00e9passable avec J\u00e9sus\u00a0!\u00a0\u00bb Oui, bien s\u00fbr\u00a0: elle seule est M\u00e8re de J\u00e9sus selon la chair, et son intimit\u00e9 avec lui est si grande que S. Louis Grignion de Montfort pouvait \u00e9crire qu&rsquo;il serait plus facile de s\u00e9parer de J\u00e9sus la multitude des saints et des anges que J\u00e9sus de Marie.<\/span><\/p>\n<p class=\"Standard\" style=\"margin-bottom: 5.65pt; text-align: justify;\"><span style=\"font-size: 15pt; font-family: Caladea; color: #000000;\">Toutefois \u2013 et c&rsquo;est ma quatri\u00e8me p\u00e9pite \u2013 cette relation privil\u00e9gi\u00e9e nous est ouverte, au moins en partie. J\u00e9sus lui-m\u00eame le dit\u00a0: \u00ab\u00a0Celui qui fait la volont\u00e9 de mon P\u00e8re qui est aux cieux, celui-l\u00e0 est pour moi un fr\u00e8re, une s\u0153ur, une m\u00e8re.\u00a0\u00bb Par la foi, toute \u00e2me peut devenir d&rsquo;une certaine fa\u00e7on m\u00e8re de J\u00e9sus. Et r\u00e9ciproquement, c&rsquo;est chacun de nous que J\u00e9sus a remis \u00e0 Marie en disant\u00a0: \u00ab\u00a0Voici ta m\u00e8re.\u00a0\u00bb<\/span><\/p>\n<p class=\"Standard\" style=\"margin-bottom: 5.65pt; text-align: justify;\"><span style=\"font-size: 15pt; font-family: Caladea; color: #000000;\">J\u00e9sus n&rsquo;a trouv\u00e9 personne parmi les saints et les anges, personne \u00e0 qui il pouvait faire davantage confiance qu&rsquo;\u00e0 Marie, pour lui confier son bien le plus pr\u00e9cieux\u00a0: nous.<\/span><\/p>\n<p class=\"Standard\" style=\"margin-bottom: 5.65pt; text-align: justify;\"><span style=\"font-size: 15pt; font-family: Caladea; color: #000000;\">\u00a0<\/span><span style=\"font-size: 15pt; font-family: Caladea; color: #000000;\">\u00ab\u00a0[Marie] a eu bien moins de chance que nous, \u00e9crivait Th\u00e9r\u00e8se, puisqu\u2019elle n\u2019a pas eu de Sainte Vierge \u00e0 aimer ; et c\u2019est une telle douceur de plus pour nous, et une telle douceur de moins pour elle !\u00a0\u00bb. Que cette f\u00eate de l&rsquo;Assomption nous renouvelle dans la certitude que Marie ne nous \u00e9crase pas, ne nous \u00e9clipse pas, mais nous pr\u00e9c\u00e8de et nous accompagne vers le Ciel. Que son exemple de petitesse et de simplicit\u00e9, que son silence et sa patience dans les \u00e9preuves, nous encourage \u00e0 cheminer comme elle par la petite voie de la confiance en Dieu.<\/span><\/p>\n<p class=\"Standard\" style=\"margin-bottom: 5.65pt; text-align: justify;\"><span style=\"font-size: 15pt; font-family: Caladea; color: #000000;\">Je laisse pour conclure la parole \u00e0 Th\u00e9r\u00e8se qui \u00e9crivait ceci\u00a0: \u00ab\u00a0On sait bien que la Sainte Vierge est la Reine du Ciel et de la terre, mais elle est plus M\u00e8re que reine, et il ne faut pas dire \u00e0 cause de ses pr\u00e9rogatives qu\u2019elle \u00e9clipse la gloire de tous les saints, comme le soleil \u00e0 son lever fait dispara\u00eetre les \u00e9toiles. Mon Dieu ! que cela est \u00e9trange ! Une M\u00e8re qui fait dispara\u00eetre la gloire de ses enfants ! Moi je pense tout le contraire, je crois qu\u2019elle augmentera de beaucoup la splendeur des \u00e9lus.\u00a0\u00bb<\/span><\/p>\n<p class=\"Standard\" style=\"margin-bottom: 5.65pt; text-align: right;\"><span style=\"font-size: 15pt; font-family: Caladea; color: #000000;\">P\u00e8re Alexandre-Marie<\/span><\/p>\n","protected":false},"excerpt":{"rendered":"<p>N&rsquo;en faisons-nous pas un peu beaucoup pour la Vierge Marie ? Certains seraient tent\u00e9s de le dire. Toutes ces solennit\u00e9s et tous ces titres, Marie M\u00e8re de Dieu et M\u00e8re de l\u2019\u00c9glise, l&rsquo;Immacul\u00e9e Conception et l&rsquo;Assomption, Tr\u00f4ne de la Sagesse, Reine de la Paix, Reine de l&rsquo;Univers et Porte du Ciel, ne vont-ils pas l&rsquo;\u00e9loigner&hellip; <br \/> <a class=\"read-more\" href=\"https:\/\/paroisses-nancy-sud.fr\/HOME\/marie\/\">Lire la suite<\/a><\/p>\n","protected":false},"author":9,"featured_media":290,"comment_status":"closed","ping_status":"open","sticky":false,"template":"","format":"standard","meta":[],"categories":[9],"tags":[],"acf":[],"_links":{"self":[{"href":"https:\/\/paroisses-nancy-sud.fr\/HOME\/wp-json\/wp\/v2\/posts\/2291"}],"collection":[{"href":"https:\/\/paroisses-nancy-sud.fr\/HOME\/wp-json\/wp\/v2\/posts"}],"about":[{"href":"https:\/\/paroisses-nancy-sud.fr\/HOME\/wp-json\/wp\/v2\/types\/post"}],"author":[{"embeddable":true,"href":"https:\/\/paroisses-nancy-sud.fr\/HOME\/wp-json\/wp\/v2\/users\/9"}],"replies":[{"embeddable":true,"href":"https:\/\/paroisses-nancy-sud.fr\/HOME\/wp-json\/wp\/v2\/comments?post=2291"}],"version-history":[{"count":3,"href":"https:\/\/paroisses-nancy-sud.fr\/HOME\/wp-json\/wp\/v2\/posts\/2291\/revisions"}],"predecessor-version":[{"id":2296,"href":"https:\/\/paroisses-nancy-sud.fr\/HOME\/wp-json\/wp\/v2\/posts\/2291\/revisions\/2296"}],"wp:featuredmedia":[{"embeddable":true,"href":"https:\/\/paroisses-nancy-sud.fr\/HOME\/wp-json\/wp\/v2\/media\/290"}],"wp:attachment":[{"href":"https:\/\/paroisses-nancy-sud.fr\/HOME\/wp-json\/wp\/v2\/media?parent=2291"}],"wp:term":[{"taxonomy":"category","embeddable":true,"href":"https:\/\/paroisses-nancy-sud.fr\/HOME\/wp-json\/wp\/v2\/categories?post=2291"},{"taxonomy":"post_tag","embeddable":true,"href":"https:\/\/paroisses-nancy-sud.fr\/HOME\/wp-json\/wp\/v2\/tags?post=2291"}],"curies":[{"name":"wp","href":"https:\/\/api.w.org\/{rel}","templated":true}]}}