{"id":2385,"date":"2022-08-27T14:54:07","date_gmt":"2022-08-27T12:54:07","guid":{"rendered":"https:\/\/paroisses-nancy-sud.fr\/HOME\/?p=2385"},"modified":"2022-08-27T14:56:14","modified_gmt":"2022-08-27T12:56:14","slug":"annonces-de-sainte-jeanne-de-chantal-et-saint-francois-de-sales-du-27-aout","status":"publish","type":"post","link":"https:\/\/paroisses-nancy-sud.fr\/HOME\/annonces-de-sainte-jeanne-de-chantal-et-saint-francois-de-sales-du-27-aout\/","title":{"rendered":"Annonces de Sainte-Jeanne-de-Chantal et Saint-Fran\u00e7ois-de-Sales du 27 ao\u00fbt"},"content":{"rendered":"\n<p><\/p>\n\n\n\n\n\n<p><span style=\"color: #000000;\"><strong><span style=\"text-decoration: underline;\">Bapt\u00eames :<\/span><br \/><\/strong><strong>Le dimanche 28 ao\u00fbt bapt\u00eames <\/strong>de Logan Perret<strong> \u00e0 Jarville<\/strong>, de Aristide et Clotilde Gauvain <strong>\u00e0 Flavigny<\/strong> et de Gaspard Zajdmann \u00e0 Ludres<\/span><\/p>\n<p><span style=\"color: #000000;\"><strong><span style=\"text-decoration: underline;\">Mariage :<\/span><br \/><\/strong><strong>Le samedi 27 ao\u00fbt \u00e0 Heillecourt, mariage <\/strong>de Isabelle PANQUIAULT et Arnaud BRISACH<\/span><\/p>\n<p><span style=\"color: #000000;\">Portons-les dans notre pri\u00e8re.\u00a0<\/span><\/p>\n<p><span style=\"color: #000000;\"><strong><span style=\"text-decoration: underline;\"><span style=\"color: #000000; text-decoration: underline;\">Inscriptions au cat\u00e9chisme<\/span><\/span> :\u00a0<br \/><\/strong><strong>Votre enfant rentre en \u00e9cole primaire<\/strong> (\u00e0 partir du CE2) ou <strong>en coll\u00e8ge<\/strong> (6<sup>\u00e8me<\/sup> et 5<sup>\u00e8me<\/sup>) cette ann\u00e9e\u00a0: pensez \u00e0 son inscription au cat\u00e9chisme.<\/span><br \/><span style=\"color: #000000;\">Vous pouvez aller <strong>sur le site de la paroisse<\/strong>\u00a0: <a style=\"color: #000000;\" href=\"http:\/\/paroisses-nancy-sud.fr\"><strong><u>paroisses-nancy-sud.fr<\/u><\/strong><\/a><strong> (<\/strong>onglets <strong>\u2018\u2019grandir\u00a0\u2018 puis \u2018\u2019cat\u00e9chisme\u2019\u2019) <\/strong>ou <strong>passer \u00e0 une des permanences<\/strong> \u00e0 J<strong>arville<\/strong> (mardi et samedi de 10h \u00e0 midi) ou \u00e0 <strong>Ludres<\/strong> (samedi de 10h \u00e0 midi).\u00a0<\/span><br \/><span style=\"color: #000000;\"><strong>Les enfants de 3 \u00e0 7 ans<\/strong> peuvent participer \u00e0 l\u2019\u00e9veil \u00e0 la foi et <strong>les adolescents<\/strong> \u00e0 partir de la 4<sup>\u00e8me<\/sup> \u00e0 la pastorale des jeunes de notre secteur et la <strong>pr\u00e9paration de la confirmation<\/strong>.<\/span><\/p>\n<p><span style=\"text-decoration: underline;\"><span style=\"color: #000000; text-decoration: underline;\">Les r\u00e9unions de parents pour les diff\u00e9rents niveaux se font tous les vendredis du mois de septembre\u00a0:<\/span><\/span><\/p>\n<ul>\n<li><span style=\"color: #000000;\">Le vendredi 2 septembre pour la 2<sup>\u00e8me<\/sup> ann\u00e9e de cat\u00e9ch\u00e8se (pr\u00e9paration de la premi\u00e8re communion)<\/span><\/li>\n<li><span style=\"color: #000000;\">Le vendredi 9 septembre pour la 3<sup>\u00e8me<\/sup> ann\u00e9e de cat\u00e9ch\u00e8se<\/span><\/li>\n<li><span style=\"color: #000000;\">Le vendredi 16 septembre pour les 6<sup>\u00e8mes<\/sup>-5<sup>\u00e8mes<\/sup><\/span><\/li>\n<li><span style=\"color: #000000;\">Le vendredi 23 septembre pour la premi\u00e8re ann\u00e9e de cat\u00e9ch\u00e8se<\/span><\/li>\n<\/ul>\n<p><span style=\"color: #000000;\"><strong>Contacts<\/strong>\u00a0: <a style=\"color: #000000;\" href=\"mailto:cate@paroisses-nancy-sud.fr\">cate@paroisses-nancy-sud.fr<\/a> ou p\u00e8re Raj au 07 51 49 97 63 . Voir la revue \u2018\u2019Passerelle\u2019\u2019 n\u00b030 .<\/span><\/p>\n<p><span style=\"color: #000000;\"><strong>\u00a0<\/strong><strong><span style=\"text-decoration: underline;\">Messes de rentr\u00e9e et des familles :\u00a0<\/span><br \/><\/strong><strong>Le dimanche 18 septembre, \u00e0 Jarville, messe des familles<\/strong> pour tout le secteur et <strong>messe de rentr\u00e9e de la paroisse Saint-Fran\u00e7ois-de-Sales<br \/><\/strong><strong style=\"font-size: revert;\">Le dimanche 25 septembre, \u00e0 Flavigny, messe de rentr\u00e9e de la paroisse Sainte-Jeanne-de-Chantal.<\/strong><\/span><\/p>\n<p><span style=\"text-decoration: underline;\"><strong>\u00a0<\/strong><\/span><span style=\"color: #000000;\"><span style=\"text-decoration: underline;\"><strong>Messe d\u2019installation :<br \/><\/strong><\/span><strong>Le dimanche 11 septembre \u00e0 Neuves-Maisons \u00e0 10h30, G\u00e9ard Nduwimanan <\/strong>sera install\u00e9 comme cur\u00e9 in solidum du secteur pastoral Nancy-sud.<\/span><\/p>\n<p><span style=\"color: #000000;\"><strong>\u00a0<\/strong><strong><span style=\"text-decoration: underline;\">R\u00e9union de l\u2019EAP de Sainte Jeanne de Chantal :<\/span><br \/><\/strong><strong>Lundi 29 ao\u00fbt \u00e0 19h, \u00e0 Ludres, <\/strong>r\u00e9union de l\u2019EAP de la paroisse Ste Jeanne de Chantal. Moment convivial de reprise et travail sur la rentr\u00e9e et les points forts de l\u2019ann\u00e9e 2022-2023.<\/span><\/p>\n<p><span style=\"color: #000000;\"><strong><span style=\"text-decoration: underline;\">Pri\u00e8re du premier jeudi du mois :\u00a0<\/span><br \/><\/strong><strong>Le jeudi 1<sup>er<\/sup> septembre \u00e0 17h \u00e0 Jarville, <\/strong>\u00e0 la crypte<strong>, pri\u00e8re pour les malades et les personnes qui souffrent.\u00a0 <\/strong><\/span><\/p>\n<p><span style=\"color: #000000;\"><span style=\"text-decoration: underline;\"><strong>Horaires des messes dominicales des 3 et 4 septembre :<br \/><\/strong><\/span><strong>Samedi 3 septembre :\u00a0 18h <\/strong>Pont Saint Vincent<strong>\u00a0 \u00a0\u00a0\u00a0\u00a0\u00a0\u00a0\u00a0\u00a0\u00a0\u00a0\u00a0\u00a0\u00a0\u00a0\u00a0\u00a0\u00a0\u00a0\u00a0\u00a0\u00a0\u00a0\u00a0\u00a0\u00a0\u00a018h30 <\/strong>Heillecourt et Laneuveville<\/span><br \/><span style=\"color: #000000;\"><strong>Dimanche 4 septembre\u00a0: 10 h <\/strong>Xeuilley<strong> \u00a0\u00a0\u00a0\u00a0\u00a0\u00a0\u00a0\u00a010h30 <\/strong>Jarville et Neuves-Maisons<strong>\u00a0 \u00a0\u00a0\u00a0\u00a0\u00a0\u00a0\u00a0\u00a0\u00a011h <\/strong>Ludres<\/span><\/p>\n<p><span style=\"color: #000000;\"><span style=\"text-decoration: underline;\"><strong>Aum\u00f4nerie des jeunes : AJC Nancy-sud :\u00a0<br \/><\/strong><\/span><strong>Les jeunes du secteur Nancy-sud se retrouvent le 11 septembre <\/strong>pour une journ\u00e9e de rentr\u00e9e \u00e0 Fl\u00e9ville<strong> !<br \/><\/strong><strong style=\"font-size: revert;\">Rendez-vous \u00e0 10h \u00e0 l\u2019\u00e9glise <\/strong><span style=\"font-size: revert;\">pour la messe puis marche jusqu&rsquo;\u00e0 la chapelle de l&rsquo;Or\u00e9e du Bois, pique-nique, temps de partage biblique autour du th\u00e8me \u00ab Donner du sens \u00e0 sa vie \u00bb, un jeu, un temps de pri\u00e8re et un go\u00fbter.<br \/><\/span>La rencontre s&rsquo;ach\u00e8vera vers 16h30 \u00e0 la chapelle de l&rsquo;Or\u00e9e du Bois (\u00e0 Fl\u00e9ville, au carrefour des rues Mozart et Flaubert).<\/span><br \/><span style=\"color: #000000;\"><strong>Les parents sont les bienvenus \u00e0 la messe, \u00e0 la marche et au pique-nique pour parler des<br \/>attentes de chacun pour l&rsquo;ann\u00e9e<\/strong>.<\/span><\/p>\n<p><strong>\u00a0<\/strong><span style=\"color: #000000;\"><span style=\"text-decoration: underline;\"><strong>Recevoir le sacrement de la Confirmation :\u00a0<br \/><\/strong><\/span>La Confirmation est le prolongement naturel du Bapt\u00eame, le sacrement qui affermit ce qui a \u00e9t\u00e9 donn\u00e9 au Bapt\u00eame. Ce sont le Bapt\u00eame, la Confirmation et l&rsquo;Eucharistie qui font un chr\u00e9tien \u00e0 part enti\u00e8re. Habituellement, la Confirmation se pr\u00e9pare en classe de 4<sup>e<\/sup> ou de 3<sup>e<\/sup>, au sein du groupe des jeunes du secteur AJC Nancy-Sud, avec quatre temps forts sp\u00e9cifiques pour les futurs confirm\u00e9s.<\/span><br \/><span style=\"color: #000000;\">Contact : P. Alexandre-Marie Valder, <a style=\"color: #000000;\" href=\"mailto:amvalder@lilo.org\">amvalder@lilo.org<\/a>, 07.71.03.96.97.<\/span><\/p>\n<p><span style=\"color: #000000;\"><strong>Les jeunes confirmands de Nancy-sud, Nancy-Ouest et du lyc\u00e9e de La Malgrange vont se retrouver le samedi 17 septembre<\/strong> \u00e0 Neuves-Maisons.<br \/>Ils feront leur confirmation le <strong>samedi 12 novembre \u00e0 Neuves-Maisons.<\/strong><\/span><\/p>\n<p><span style=\"color: #000000;\"><strong>Un nouveau parcours de confirmation pour les<\/strong> <strong>adolescents d\u00e9marrera le 15 octobre.<\/strong><\/span><\/p>\n<p><span style=\"color: #000000;\"><strong>\u00a0<\/strong><strong><span style=\"text-decoration: underline;\">Qu\u00eate du 1<sup>er<\/sup> dimanche du mois :<\/span><br \/><\/strong><strong style=\"font-size: revert;\">Samedi 3 septembre et dimanche 4 septembre <\/strong><span style=\"font-size: revert;\">nous vous proposerons la qu\u00eate suppl\u00e9mentaire du premier dimanche du mois \u00e0 la sortie des messes de nos paroisses. Elles permettent de compl\u00e9ter le financement des frais cultuels et de fonctionnement de nos paroisses. Merci de votre participation<\/span><\/span><\/p>\n<p><span style=\"color: #000000;\"><strong><span style=\"text-decoration: underline;\">Appel pour fournitures scolaires :\u00a0<\/span><br \/><\/strong>La rentr\u00e9e arrive, les achats de fournitures scolaires aussi. Les familles toujours en attente de r\u00e9gularisation ont re\u00e7u les listes de fournitures scolaires pour leurs enfants, <em>les amis du Bonsa\u00ef<\/em>, faisons \u00e0 nouveau appel \u00e0 vos dons pour leur assurer une rentr\u00e9e moins angoissante. De m\u00eame pour tous les jeunes isol\u00e9s que nous accompagnons. Les fournitures scolaires sont \u00e0 d\u00e9poser \u00e0 l\u2019\u00e9glise de Ludres.<\/span><\/p>\n<p><span style=\"color: #000000;\"><strong><span style=\"text-decoration: underline;\"><em>Autre annonce :<\/em><\/span><br \/><\/strong><strong>P\u00e8lerinage dioc\u00e9sain \u00e0 Sion :\u00a0<\/strong><strong>Le samedi 10 septembre p\u00e8lerinage annuel de rentr\u00e9e pr\u00e9sid\u00e9 par Mgr Papin.<br \/><\/strong><span style=\"font-size: revert;\">Accueil des p\u00e8lerins \u00e0 9h30, 10h intervention de Mgr Papin, messe \u00e0 11h, d\u00e9jeuner \u00e0 12h30 et procession mariale \u00e0 15h.<br \/><\/span>Pour le repas, vous pouvez apporter votre pique-nique ou vous inscrire \u00e0\u00a0: Service des p\u00e8lerinages CS 10091 54603 Villers les Nancy cedex, ou en ligne, ou t\u00e9l\u00e9phoner au 06 85 74 31 65. N\u2019h\u00e9sitez pas \u00e0 proposer ou \u00e0 demander le covoiturage.<\/span><\/p>\n","protected":false},"excerpt":{"rendered":"<p>Bapt\u00eames :Le dimanche 28 ao\u00fbt bapt\u00eames de Logan Perret \u00e0 Jarville, de Aristide et Clotilde Gauvain \u00e0 Flavigny et de Gaspard Zajdmann \u00e0 Ludres Mariage :Le samedi 27 ao\u00fbt \u00e0 Heillecourt, mariage de Isabelle PANQUIAULT et Arnaud BRISACH Portons-les dans notre pri\u00e8re.\u00a0 Inscriptions au cat\u00e9chisme :\u00a0Votre enfant rentre en \u00e9cole primaire (\u00e0 partir du CE2)&hellip; <br \/> <a class=\"read-more\" href=\"https:\/\/paroisses-nancy-sud.fr\/HOME\/annonces-de-sainte-jeanne-de-chantal-et-saint-francois-de-sales-du-27-aout\/\">Lire la suite<\/a><\/p>\n","protected":false},"author":5,"featured_media":554,"comment_status":"closed","ping_status":"open","sticky":false,"template":"","format":"standard","meta":[],"categories":[7],"tags":[],"acf":[],"_links":{"self":[{"href":"https:\/\/paroisses-nancy-sud.fr\/HOME\/wp-json\/wp\/v2\/posts\/2385"}],"collection":[{"href":"https:\/\/paroisses-nancy-sud.fr\/HOME\/wp-json\/wp\/v2\/posts"}],"about":[{"href":"https:\/\/paroisses-nancy-sud.fr\/HOME\/wp-json\/wp\/v2\/types\/post"}],"author":[{"embeddable":true,"href":"https:\/\/paroisses-nancy-sud.fr\/HOME\/wp-json\/wp\/v2\/users\/5"}],"replies":[{"embeddable":true,"href":"https:\/\/paroisses-nancy-sud.fr\/HOME\/wp-json\/wp\/v2\/comments?post=2385"}],"version-history":[{"count":3,"href":"https:\/\/paroisses-nancy-sud.fr\/HOME\/wp-json\/wp\/v2\/posts\/2385\/revisions"}],"predecessor-version":[{"id":2388,"href":"https:\/\/paroisses-nancy-sud.fr\/HOME\/wp-json\/wp\/v2\/posts\/2385\/revisions\/2388"}],"wp:featuredmedia":[{"embeddable":true,"href":"https:\/\/paroisses-nancy-sud.fr\/HOME\/wp-json\/wp\/v2\/media\/554"}],"wp:attachment":[{"href":"https:\/\/paroisses-nancy-sud.fr\/HOME\/wp-json\/wp\/v2\/media?parent=2385"}],"wp:term":[{"taxonomy":"category","embeddable":true,"href":"https:\/\/paroisses-nancy-sud.fr\/HOME\/wp-json\/wp\/v2\/categories?post=2385"},{"taxonomy":"post_tag","embeddable":true,"href":"https:\/\/paroisses-nancy-sud.fr\/HOME\/wp-json\/wp\/v2\/tags?post=2385"}],"curies":[{"name":"wp","href":"https:\/\/api.w.org\/{rel}","templated":true}]}}