{"id":2480,"date":"2022-09-25T08:26:20","date_gmt":"2022-09-25T06:26:20","guid":{"rendered":"https:\/\/paroisses-nancy-sud.fr\/HOME\/?p=2480"},"modified":"2022-09-25T08:26:20","modified_gmt":"2022-09-25T06:26:20","slug":"annonces-de-la-visitation-du-25-septembre","status":"publish","type":"post","link":"https:\/\/paroisses-nancy-sud.fr\/HOME\/annonces-de-la-visitation-du-25-septembre\/","title":{"rendered":"Annonces de la Visitation du 25 septembre"},"content":{"rendered":"<p><span style=\"color: #000000;\"><strong><u>Vente des calendriers<\/u><\/strong>, au fond de l\u2019\u00e9glise au prix de 4 euros<\/span>.<\/p>\n<p><span style=\"color: #000000;\"><strong><u>Formations dioc\u00e9saines<\/u><\/strong> 2022\/23\u00a0: brochures \u00e0 disposition au fond de l\u2019\u00e9glise ainsi que le guide pour la vie spirituelle et ses nombreuses propositions pour l\u2019ann\u00e9e \u00e0 venir.<\/span><\/p>\n<p><span style=\"color: #000000;\"><strong><u>Futurs mandat\u00e9s fun\u00e9railles<\/u><\/strong>, nous avons besoin de personnes qui s\u2019engagent pour accompagner les personnes endeuill\u00e9es et conduire les fun\u00e9railles, trois dates \u00e0 retenir pour la formation leur sont propos\u00e9es\u00a0: les lundis 14\/11, 12\/12 et 16\/01. <em>Correspondant\u00a0: Alain Colotte 06 79 02 86 81.<\/em><\/span><\/p>\n<p><span style=\"color: #000000;\"><strong><u>\u00c9quipes du Rosaire\u00a0<\/u><\/strong>: comme chaque d\u00e9but de mois, les \u00e9quipes du secteur se r\u00e9unissent. Pour septembre, ce sera le lundi 03 octobre dans les salles paroissiales \u00e0 14h30 et elles invitent toutes personnes int\u00e9ress\u00e9es \u00e0 les rejoindre.<\/span><\/p>\n<p><span style=\"color: #000000;\"><strong><u>Charges paroissiales\u00a0:<\/u><\/strong> Dimanche 02 octobre, qu\u00eate pour les charges paroissiales pendant la messe. Votre aide financi\u00e8re nous est pr\u00e9cieuse, merci \u00e0 vous tous\u00a0!<\/span><\/p>\n<p><span style=\"color: #000000;\"><strong><u>\u00a0<\/u><\/strong><strong><u>Rentr\u00e9e et inscriptions au cat\u00e9chisme :<\/u><\/strong>\u00a0 Non, il n\u2019est pas trop tard pour inscrire vos enfants\u00a0!<\/span><br \/><span style=\"color: #000000;\">Avant le CE2, c\u2019est l\u2019\u00e9veil \u00e0 la foi pour les petits de 4 \u00e0 6 ans avec 4 rencontres sur l\u2019ann\u00e9e<\/span><br \/><span style=\"color: #000000;\">\u00c0 partir du CE2, les enfants d\u00e9butent la cat\u00e9ch\u00e8se<\/span><br \/><span style=\"color: #000000;\">Pour les CE1, \u00e9veil \u00e0 la foi avec Mme Martine Ferlet, paroisse de la Visitation<\/span><br \/><span style=\"color: #000000;\">L\u2019inscription se fait \u00e0 l\u2019aide d\u2019un formulaire disponible \u00e0 la maison paroissiale ou sur ce site, rubrique \u00ab\u00a0grandir\u00a0\u00bb puis \u00ab\u00a0cat\u00e9chisme\u00a0\u00bb.<b> <\/b>Vous serez ensuite contact\u00e9s par un(e) cat\u00e9chiste.\u00a0<\/span><br \/><span style=\"color: #000000;\"><em>Contacts<\/em>: cate@paroisses-nancy-sud.fr ou p\u00e8re Raj au 07 51 49 97 63. Voir aussi la revue \u2018\u2019Passerelle\u2019\u2019<\/span><\/p>\n<p><span style=\"color: #000000;\">La cat\u00e9ch\u00e8se se compose de :<\/span><br \/><span style=\"color: #000000;\">* La messe des familles mensuelle : cette messe est organis\u00e9e pour et par les enfants qui sont partie prenante de la liturgie, notamment en assurant les lectures.<\/span><br \/><span style=\"color: #000000;\">* Les s\u00e9ances de cat\u00e9chisme : il y a une douzaine de rencontres dans l\u2019ann\u00e9e. Les horaires sont d\u00e9finis en d\u00e9but d\u2019ann\u00e9e, en fonction des disponibilit\u00e9s des enfants et des parents.<\/span><br \/><span style=\"color: #000000;\">* Les temps-forts : pour vivre les moments phares de l\u2019ann\u00e9e (avant No\u00ebl, avant P\u00e2ques) ou pour pr\u00e9parer les sacrements et f\u00eates (sacrement de r\u00e9conciliation, 1\u00e8re communion, profession de foi).<\/span><\/p>\n<p><span style=\"color: #000000;\"><strong><u>Messes \u00e0 la Visitation\u00a0<\/u><\/strong><strong>:\u00a0<br \/><\/strong>Samedi 01 octobre \u00e0 18h00\u00a0: Pont Saint Vincent<\/span><br \/><span style=\"color: #000000;\">Dimanche 02 octobre \u00e0 10h00 \u00e0 Xeuilley et \u00e0 10h30\u00a0: Neuves-Maisons<\/span>,<\/p>\n<p><span style=\"color: #000000;\"><strong><u>Messes en semaine :\u00a0<br \/><\/u><\/strong>Mardi \u00e0 17h et vendredi \u00e0 11h\u00a0: chapelle de semaine \u00e0 Neuves-Maisons<\/span><br \/><span style=\"color: #000000;\">Adoration le vendredi \u00e0 10h \u00e0 la chapelle de semaine de Neuves-Maisons<\/span><br \/><span style=\"color: #000000;\">Jeudi \u00e0 8h30 chez les s\u0153urs \u00e0 Bainville, 67 rue Jacques Callot<\/span><\/p>\n<p><span style=\"color: #000000;\"><u>Permanences \u00e0 la maison paroissiale :<\/u> <\/span><br \/><span style=\"color: #000000;\">Mardi de 14h \u00e0 16h30 et Samedi de 9h30 \u00e0 11h30<\/span><br \/><span style=\"color: #000000;\">tel : 03 83 47 25 54 \u2013 <em><strong>adresse mail<\/strong><\/em><strong> : <\/strong><a style=\"color: #000000;\" href=\"mailto:visitationmm@orange.fr\">visitationmm@orange.fr<\/a>\u00a0 <\/span><br \/><span style=\"color: #000000;\">Horaires des messes :\u00a0 <a style=\"color: #000000;\" href=\"https:\/\/messes.info\/\">messesinfo<\/a><em> (cliquer sur le lien)<\/em><\/span><\/p>\n\n","protected":false},"excerpt":{"rendered":"<p>Vente des calendriers, au fond de l\u2019\u00e9glise au prix de 4 euros. Formations dioc\u00e9saines 2022\/23\u00a0: brochures \u00e0 disposition au fond de l\u2019\u00e9glise ainsi que le guide pour la vie spirituelle et ses nombreuses propositions pour l\u2019ann\u00e9e \u00e0 venir. Futurs mandat\u00e9s fun\u00e9railles, nous avons besoin de personnes qui s\u2019engagent pour accompagner les personnes endeuill\u00e9es et conduire&hellip; <br \/> <a class=\"read-more\" href=\"https:\/\/paroisses-nancy-sud.fr\/HOME\/annonces-de-la-visitation-du-25-septembre\/\">Lire la suite<\/a><\/p>\n","protected":false},"author":5,"featured_media":472,"comment_status":"closed","ping_status":"open","sticky":false,"template":"","format":"standard","meta":[],"categories":[10],"tags":[],"acf":[],"_links":{"self":[{"href":"https:\/\/paroisses-nancy-sud.fr\/HOME\/wp-json\/wp\/v2\/posts\/2480"}],"collection":[{"href":"https:\/\/paroisses-nancy-sud.fr\/HOME\/wp-json\/wp\/v2\/posts"}],"about":[{"href":"https:\/\/paroisses-nancy-sud.fr\/HOME\/wp-json\/wp\/v2\/types\/post"}],"author":[{"embeddable":true,"href":"https:\/\/paroisses-nancy-sud.fr\/HOME\/wp-json\/wp\/v2\/users\/5"}],"replies":[{"embeddable":true,"href":"https:\/\/paroisses-nancy-sud.fr\/HOME\/wp-json\/wp\/v2\/comments?post=2480"}],"version-history":[{"count":1,"href":"https:\/\/paroisses-nancy-sud.fr\/HOME\/wp-json\/wp\/v2\/posts\/2480\/revisions"}],"predecessor-version":[{"id":2481,"href":"https:\/\/paroisses-nancy-sud.fr\/HOME\/wp-json\/wp\/v2\/posts\/2480\/revisions\/2481"}],"wp:featuredmedia":[{"embeddable":true,"href":"https:\/\/paroisses-nancy-sud.fr\/HOME\/wp-json\/wp\/v2\/media\/472"}],"wp:attachment":[{"href":"https:\/\/paroisses-nancy-sud.fr\/HOME\/wp-json\/wp\/v2\/media?parent=2480"}],"wp:term":[{"taxonomy":"category","embeddable":true,"href":"https:\/\/paroisses-nancy-sud.fr\/HOME\/wp-json\/wp\/v2\/categories?post=2480"},{"taxonomy":"post_tag","embeddable":true,"href":"https:\/\/paroisses-nancy-sud.fr\/HOME\/wp-json\/wp\/v2\/tags?post=2480"}],"curies":[{"name":"wp","href":"https:\/\/api.w.org\/{rel}","templated":true}]}}