{"id":2482,"date":"2022-09-25T08:40:42","date_gmt":"2022-09-25T06:40:42","guid":{"rendered":"https:\/\/paroisses-nancy-sud.fr\/HOME\/?p=2482"},"modified":"2022-09-25T08:41:40","modified_gmt":"2022-09-25T06:41:40","slug":"annonces-de-saint-francois-de-sales-et-sainte-jeanne-de-chantal-du-25-septembre","status":"publish","type":"post","link":"https:\/\/paroisses-nancy-sud.fr\/HOME\/annonces-de-saint-francois-de-sales-et-sainte-jeanne-de-chantal-du-25-septembre\/","title":{"rendered":"Annonces de Saint-Fran\u00e7ois-de-Sales et Sainte-Jeanne-de-Chantal du 25 septembre"},"content":{"rendered":"<p><strong><span style=\"text-decoration: underline; color: #000000;\">Bapt\u00eames :<\/span><br \/><\/strong><strong style=\"color: initial;\">Ce dimanche 25 septembre <\/strong><span style=\"color: initial;\">Ars\u00e8ne GENIN et C\u00e9lestin PORTA<\/span><strong style=\"color: initial;\"> \u00e0 Flavigny <\/strong><span style=\"color: initial;\">et Andr\u00e9a BANON<\/span><strong style=\"color: initial;\"> \u00e0 Jarville. Dimanche 2 octobre, bapt\u00eame <\/strong><span style=\"color: initial;\">de Blanche CRILLAUME<\/span><strong style=\"color: initial;\"> \u00e0 Jarville.<\/strong><\/p>\n<p><span style=\"color: #000000;\"><strong><span style=\"text-decoration: underline;\">Messe de rentr\u00e9e<\/span> :\u00a0<br \/><\/strong><strong>Ce dimanche 25 septembre, \u00e0 Flavigny, messe de rentr\u00e9e de la paroisse Sainte-Jeanne-de-Chantal.<\/strong><strong> Moment convivial apr\u00e8s la messe<\/strong> sur le parvis puis <strong>repas partag\u00e9 \u00e0 Ludres<\/strong> \u00e0 la maison paroissiale.<\/span><br \/><span style=\"color: #000000;\">Ce dimanche est aussi le <strong>dimanche des migrants et des r\u00e9fugi\u00e9s<\/strong> <strong><em>\u00ab Construire l\u2019avenir avec les migrants et les r\u00e9fugi\u00e9s\u00a0\u00bb<\/em><\/strong><strong>. Ils <\/strong>partageront la journ\u00e9e avec nous.\u00a0<\/span><\/p>\n<ul>\n<li><span style=\"color: #000000;\"><strong>R\u00e9unions des Equipes d\u2019Animation Pastorale de nos paroisses<\/strong><\/span><\/li>\n<li><span style=\"color: #000000;\"><strong>Le jeudi 29 septembre \u00e0 14h30 \u00e0 Ludres <\/strong>pour Sainte-Jeanne-de-Chantal<\/span><\/li>\n<li><span style=\"color: #000000;\"><strong>Le jeudi 29 septembre \u00e0 20h30 \u00e0 Jarville <\/strong>pour Saint-Fran\u00e7ois-de-Sales<\/span><\/li>\n<\/ul>\n<p><span style=\"color: #000000;\"><strong><span style=\"text-decoration: underline;\">Eveil \u00e0 la foi<\/span> :\u00a0<br \/><\/strong><strong>Le dimanche 2 octobre \u00e0 10h \u00e0 Ludres, <\/strong>\u00e0 la maison paroissiale, premi\u00e8re rencontre pour les <strong>enfants de 3 \u00e0 7 ans<\/strong>. Sophie Defrance et le p\u00e8re Raj accueilleront parents et enfants.<\/span><\/p>\n<p><span style=\"color: #000000;\"><strong><span style=\"text-decoration: underline;\">Inscriptions au cat\u00e9chisme<\/span> :\u00a0<br \/><\/strong>Vous pouvez aller <strong>sur ce site de la paroisse, <\/strong>onglets <strong>\u2018\u2019grandir \u2018 puis \u2018\u2019cat\u00e9chisme\u2019\u2019 ;<\/strong>\u00a0ou <strong>passer \u00e0 une des permanences<\/strong> \u00e0 J<strong>arville<\/strong> (mardi et samedi de 10h \u00e0 midi) ou \u00e0 <strong>Ludres<\/strong> (samedi de 10h \u00e0 midi)<\/span><\/p>\n<p><span style=\"color: #000000;\"><strong><span style=\"text-decoration: underline;\">Pr\u00e9paration \u00e0 la Confirmation<\/span> :<br \/><\/strong><strong>Le samedi 15 octobre un groupe de 4-3<sup>\u00e8mes <\/sup>de Nancy-Sud <\/strong>commence la pr\u00e9paration \u00e0 la Confirmation (pr\u00e9vue en novembre 2023). Prendre contact avec Alexandre-Marie<\/span><\/p>\n<p><span style=\"color: #000000;\"><strong><span style=\"text-decoration: underline;\">Qu\u00eate de sortie du premier dimanche du mois<\/span> :<br \/><\/strong><strong>Le samedi 1<sup>er<\/sup> octobre et le dimanche 2 octobre <\/strong>il vous sera propos\u00e9 la qu\u00eate suppl\u00e9mentaire du premier dimanche du mois \u00e0 la sortie de nos \u00e9glises pour compl\u00e9ter le financement des frais pastoraux, de fonctionnement et d\u2019entretien de nos locaux. Merci\u00a0!<\/span><\/p>\n<p><span style=\"color: #000000;\"><strong><span style=\"text-decoration: underline;\">Concert<\/span> :\u00a0<br \/><\/strong><strong>Le dimanche 2 octobre \u00e0 l\u2019\u00e9glise d\u2019Heillecourt \u00e0 16h<\/strong>, concert par le groupe <em>\u2018\u2019Lux Anima\u2019\u2019<\/em>\u00a0: musique classique, voix et guitare.<\/span><\/p>\n<p><span style=\"color: #000000;\"><strong><span style=\"text-decoration: underline;\">Pri\u00e8re du Rosaire<\/span> :\u00a0<br \/><\/strong><strong>Le lundi 3 octobre et tous les lundis d\u2019octobre, \u00e0 17h \u00e0 l\u2019\u00e9glise de Jarville, pri\u00e8re du rosaire <\/strong>anim\u00e9e par les \u00e9quipes de Jarville et Fl\u00e9ville.<\/span><\/p>\n<p><span style=\"color: #000000;\"><strong><span style=\"text-decoration: underline;\">Appel \u00e0 animateurs de chants<\/span> :<br \/><\/strong>Saint-Fran\u00e7ois-de-Sales : appel \u00e0 animateurs chants pour les c\u00e9l\u00e9brations du dimanche<\/span><br \/><span style=\"color: #000000;\">Sainte-Jeanne-de-Chantal appel \u00e0 volontaires pour soutenir le chant de nos c\u00e9l\u00e9brations du dimanche et lors des obs\u00e8ques. Merci de nous contacter.<\/span><\/p>\n<p><span style=\"color: #000000;\"><strong><span style=\"text-decoration: underline;\">Conf\u00e9rence sur la chapelle du ch\u00e2teau de Montaigu. R\u00e9servez cette date<\/span> !\u00a0<br \/><\/strong><strong>Le samedi 15 octobre \u00e0 16h \u00e0 Jarville<\/strong> conf\u00e9rence sur la chapelle de Montaigu du XVII<sup>\u00e8me<\/sup> si\u00e8cle \u00e0 nos jours\u00a0: contexte historique et religieux, une chapelle au pass\u00e9 riche et passionnant\u00a0!! Propos\u00e9e par l\u2019association du <em>Sacr\u00e9 c\u0153ur de Jarville<\/em> qui aide au financement des locaux paroissiaux.<\/span><\/p>\n<p><span style=\"color: #000000;\"><strong><span style=\"text-decoration: underline;\">Horaires des messes dominicales des 1<sup>er<\/sup> et 2 octobre<\/span> :<br \/><\/strong><strong>Samedi 1<sup>er<\/sup> octobre\u00a0: 18h <\/strong>Pont St Vincent<strong>\u00a0\u00a0\u00a0\u00a0\u00a0\u00a0\u00a0\u00a0\u00a0\u00a0\u00a0\u00a0\u00a0\u00a0\u00a0\u00a0\u00a0\u00a0\u00a0\u00a0\u00a0\u00a0\u00a0\u00a0\u00a0\u00a0\u00a0\u00a0\u00a0\u00a0\u00a0\u00a0\u00a0 18h30 <\/strong>Heillecourt et Laneuveville<\/span><br \/><span style=\"color: #000000;\"><strong>Dimanche 2 octobre : 10h <\/strong>Xeuilley<strong> \u00a0\u00a0\u00a0\u00a0\u00a0\u00a0\u00a0\u00a0\u00a0\u00a0\u00a0\u00a0\u00a010h30 <\/strong>Jarville et Neuves-Maisons\u00a0\u00a0\u00a0 <strong>\u00a0\u00a0\u00a0\u00a0\u00a0\u00a0\u00a011h<\/strong> Ludres<\/span><\/p>\n<p><span style=\"color: #000000;\"><strong><span style=\"text-decoration: underline;\">Vous \u00eates nouveaux dans la paroisse ? Une invitation vous attend !<\/span> :<br \/><\/strong><strong>Paroisse Saint Fran\u00e7ois de Sales<\/strong>\u00a0: Jarville, Laneuveville, Fl\u00e9ville\u00a0: vous venez d\u2019arriver dans notre paroisse ou vous d\u00e9sirez mieux nous conna\u00eetre, vous reconna\u00eetrez \u00e0 la sortie de l\u2019\u00e9glise d\u2019aimables paroissiens au foulard blanc qui vous ont r\u00e9serv\u00e9 une invitation \u00e0 un <strong>repas le samedi 15 octobre\u00a0! <\/strong><\/span><\/p>\n<p><span style=\"color: #000000;\"><strong>Paroisse Sainte Jeanne de Chantal<\/strong>\u00a0: Flavigny, Heillecourt, Ludres, Richardm\u00e9nil\u00a0: n\u2019h\u00e9sitez pas \u00e0 contacter le pr\u00eatre ou les personnes qui vous accueillent lors des messes, et soyez les bienvenus \u00e0 notre messe de rentr\u00e9e <strong>le dimanche 25 septembre \u00e0 10h \u00e0 Flavigny puis au repas partag\u00e9 \u00e0 la maison paroissiale de Ludres. <\/strong><\/span><\/p>\n<p><span style=\"color: #000000;\"><strong>\u00a0<\/strong><strong>Autres annonces : <br \/><\/strong><strong>&#8211; \u00ab Ecoutez la voix de la Cr\u00e9ation !\u00a0\u00a0<\/strong>Comme chaque ann\u00e9e en ce <strong>Temps de la Cr\u00e9ation<\/strong> (1<sup>er<\/sup> septembre au 4 octobre) nous sommes appel\u00e9s \u00e0 prier pour notre maison commune et pour toutes les cr\u00e9atures qui l\u2019habitent. <strong>Ce temps de pri\u00e8re \u0153cum\u00e9nique <\/strong>aura lieu en<strong> l\u2019\u00e9glise Sainte-Th\u00e9r\u00e8se de l\u2019Enfant-J\u00e9sus <\/strong>de Villers,<strong> le vendredi 30 septembre 2022, de 20h00 \u00e0 21h00. <\/strong>Contact 06 33 20 89 53.<\/span><\/p>\n<p><span style=\"color: #000000;\"><strong>\u00a0&#8211; <\/strong><strong>Parler pour que les enfants\/ados \u00e9coutent- \u00a0Ecouter pour que les enfants \/ados parlent :<br \/><\/strong>L\u2019AFC de Nancy propose l\u2019Atelier <em>Faber et Mazlish<\/em>\u00a0 aux adultes en relation avec des enfants ou adolescents\u00a0: parents, grands-parents, professionnels, b\u00e9n\u00e9voles \u2026Une <strong>r\u00e9union d\u2019information et d\u2019inscription<\/strong> aura lieu <strong>le vendredi 30 septembre \u00e0 20h15<\/strong> \u00e0 la maison Don Bosco 14, rue Vayringe Nancy\u00a0 <em>Contact<\/em> 07 67 05 27 87 \u00a0\u00a0<\/span><\/p>\n<p><span style=\"color: #000000;\"><strong>&#8211; Ap\u00e9ro d\u00e9couverte : <\/strong><strong>Pour les couples<\/strong> int\u00e9ress\u00e9s par la spiritualit\u00e9 conjugale selon la p\u00e9dagogie des \u00e9quipes Notre-Dame (vie d\u2019\u00e9quipe, pri\u00e8re en couple, rencontres autour d\u2019un th\u00e8me d\u2019ann\u00e9e pour grandir dans la foi). Rendez-vous<strong> le dimanche 2 octobre \u00e0 l\u2019\u00e9glise Ste Anne de Beauregard \u00e0 11h pour la messe ou \u00e0 12h pour l\u2019ap\u00e9ro\u00a0! <\/strong>Si possible pr\u00e9venir\u00a0: M-Ch. et Ph. Grange 06 03 00 00 36<\/span><\/p>\n<p><span style=\"color: #000000;\"><strong>&#8211; Cana Welcome, un parcours pour faire grandir son couple : <\/strong>Un parcours sur un an pour <strong>les couples<\/strong>\u00a0: 9 soir\u00e9es mensuelles sur des sujets concrets de la vie de couple (10mn de topo simple pr\u00e9par\u00e9 par un des couples \u2013 30mn en couple avec questions- 45mn d\u2019\u00e9change avec les autres couples) et d\u2019un WE qui peut \u00eatre v\u00e9cu avec les enfants. Contacts\u00a0: Arnaud Trohel 06 64 18 85 37 &#8211; C\u00e9cile Trohel\u00a0:\u00a0 06 01 75 04 25<\/span><\/p>\n<p><span style=\"color: #000000;\"><strong>&#8211; Th\u00e9r\u00e8se, Louis et Z\u00e9lie MARTIN, une famille pour aujourd\u2019hui :\u00a0<\/strong><strong>Jeudi 6 octobre \u00e0 20h15 <\/strong>conf\u00e9rence \u00e0 l\u2019\u00e9glise Ste Th\u00e9r\u00e8se de Villers les Nancy par le recteur de la basilique de Lisieux, le P\u00e8re Olivier Ruffray.<\/span><\/p>\n<p><span style=\"color: #000000;\"><strong>&#8211; Lecture en continu du livre de la<\/strong> <strong>Gen\u00e8se :\u00a0<\/strong><strong>Le samedi 8 octobre 2022 de 9h \u00e0 16h30 \u00e0 la maison dioc\u00e9saine au domaine de l\u2019Asn\u00e9e,\u00a0journ\u00e9e de lancement\u00a0<em>: <\/em><\/strong><em>\u2018\u2019D\u00e9couvrir la p\u00e9dagogie de Dieu dans le livre de la Gen\u00e8se\u2019\u2019<\/em>\u00a0: <strong>\u00a0<\/strong>avec Madame Claire PATIER et le p\u00e8re Arnaud Mansuy. Pour les groupes d\u00e9j\u00e0 constitu\u00e9s (lecture de St Jean) ou qui vont se constituer. Contact\u00a0: Sedifop\u00a0: formation @catholique-nancy.fr<\/span><\/p>\n<p><span style=\"color: #000000;\"><strong>&#8211; Envie de vous former ? :\u00a0<\/strong>L\u2019heure de la rentr\u00e9e a sonn\u00e9\u00a0: Et si vous profitiez de cette nouvelle ann\u00e9e pour approfondir votre foi gr\u00e2ce aux formations dioc\u00e9saines ? Retrouvez toutes les infos sur le\u00a0<a style=\"color: #000000;\" href=\"https:\/\/www.catholique-nancy.fr\/sites\/sedifop\/a-la-une\/23092-une-nouvelle-annee\/\"><strong>site du Service dioc\u00e9sain de la formation permanente<\/strong><\/a> et aussi sur celui du<strong> centre spirituel dioc\u00e9sain <\/strong>ou pour suivre un parcours d\u2019initiation pour vivre une exp\u00e9rience spirituelle \u2018<strong>\u2019Un c\u0153ur qui discerne\u2019\u2019<\/strong> avec le r\u00e9seau ignatien de Nancy\u00a0: <a style=\"color: #000000;\" href=\"mailto:ignatiens.nancy@gmail.com\">ignatiens.nancy@gmail.com<\/a>\u00a0 (voir tracts)<\/span><\/p>\n\n","protected":false},"excerpt":{"rendered":"<p>Bapt\u00eames :Ce dimanche 25 septembre Ars\u00e8ne GENIN et C\u00e9lestin PORTA \u00e0 Flavigny et Andr\u00e9a BANON \u00e0 Jarville. Dimanche 2 octobre, bapt\u00eame de Blanche CRILLAUME \u00e0 Jarville. Messe de rentr\u00e9e :\u00a0Ce dimanche 25 septembre, \u00e0 Flavigny, messe de rentr\u00e9e de la paroisse Sainte-Jeanne-de-Chantal. Moment convivial apr\u00e8s la messe sur le parvis puis repas partag\u00e9 \u00e0 Ludres&hellip; <br \/> <a class=\"read-more\" href=\"https:\/\/paroisses-nancy-sud.fr\/HOME\/annonces-de-saint-francois-de-sales-et-sainte-jeanne-de-chantal-du-25-septembre\/\">Lire la suite<\/a><\/p>\n","protected":false},"author":5,"featured_media":554,"comment_status":"closed","ping_status":"open","sticky":false,"template":"","format":"standard","meta":[],"categories":[7],"tags":[],"acf":[],"_links":{"self":[{"href":"https:\/\/paroisses-nancy-sud.fr\/HOME\/wp-json\/wp\/v2\/posts\/2482"}],"collection":[{"href":"https:\/\/paroisses-nancy-sud.fr\/HOME\/wp-json\/wp\/v2\/posts"}],"about":[{"href":"https:\/\/paroisses-nancy-sud.fr\/HOME\/wp-json\/wp\/v2\/types\/post"}],"author":[{"embeddable":true,"href":"https:\/\/paroisses-nancy-sud.fr\/HOME\/wp-json\/wp\/v2\/users\/5"}],"replies":[{"embeddable":true,"href":"https:\/\/paroisses-nancy-sud.fr\/HOME\/wp-json\/wp\/v2\/comments?post=2482"}],"version-history":[{"count":2,"href":"https:\/\/paroisses-nancy-sud.fr\/HOME\/wp-json\/wp\/v2\/posts\/2482\/revisions"}],"predecessor-version":[{"id":2484,"href":"https:\/\/paroisses-nancy-sud.fr\/HOME\/wp-json\/wp\/v2\/posts\/2482\/revisions\/2484"}],"wp:featuredmedia":[{"embeddable":true,"href":"https:\/\/paroisses-nancy-sud.fr\/HOME\/wp-json\/wp\/v2\/media\/554"}],"wp:attachment":[{"href":"https:\/\/paroisses-nancy-sud.fr\/HOME\/wp-json\/wp\/v2\/media?parent=2482"}],"wp:term":[{"taxonomy":"category","embeddable":true,"href":"https:\/\/paroisses-nancy-sud.fr\/HOME\/wp-json\/wp\/v2\/categories?post=2482"},{"taxonomy":"post_tag","embeddable":true,"href":"https:\/\/paroisses-nancy-sud.fr\/HOME\/wp-json\/wp\/v2\/tags?post=2482"}],"curies":[{"name":"wp","href":"https:\/\/api.w.org\/{rel}","templated":true}]}}