{"id":2485,"date":"2022-09-25T08:45:36","date_gmt":"2022-09-25T06:45:36","guid":{"rendered":"https:\/\/paroisses-nancy-sud.fr\/HOME\/?p=2485"},"modified":"2022-09-25T08:46:15","modified_gmt":"2022-09-25T06:46:15","slug":"construire-lavenir-avec-les-migrants-et-les-refugies","status":"publish","type":"post","link":"https:\/\/paroisses-nancy-sud.fr\/HOME\/construire-lavenir-avec-les-migrants-et-les-refugies\/","title":{"rendered":"\u00ab\u00a0Construire l\u2019avenir avec les migrants et les r\u00e9fugi\u00e9s\u00a0\u00bb"},"content":{"rendered":"<p><span style=\"color: #000000;\"><strong><em>\u00ab Construire l\u2019avenir avec les migrants et les r\u00e9fugi\u00e9s \u00bb <\/em><\/strong>est le titre du message du Pape Fran\u00e7ois pour la 108<sup>\u00e8me<\/sup> <strong>Journ\u00e9e Mondiale du Migrant et du R\u00e9fugi\u00e9<\/strong>. <em>Construire l\u2019avenir avec les migrants et les r\u00e9fugi\u00e9s\u00a0<\/em>signifie reconna\u00eetre et valoriser ce que chacun d\u2019entre eux peut apporter au processus de construction. Le pape Fran\u00e7ois aime voir cette approche du ph\u00e9nom\u00e8ne de la migration dans la vision proph\u00e9tique d\u2019Isa\u00efe (<em>Is 60,10-11<\/em>), dans laquelle les \u00e9trangers n\u2019apparaissent pas comme des envahisseurs et des destructeurs, mais comme des ouvriers volontaires qui reconstruisent les murs de la nouvelle J\u00e9rusalem, la J\u00e9rusalem ouverte \u00e0 tous les peuples.<\/span><\/p>\n<p><span style=\"color: #000000;\">\u00a0 \u00a0 \u00a0 \u00a0 \u00a0 Dans la m\u00eame proph\u00e9tie, l\u2019arriv\u00e9e d\u2019\u00e9trangers est pr\u00e9sent\u00e9e comme une source d\u2019enrichissement : \u00ab Les tr\u00e9sors d\u2019au-del\u00e0 des mers afflueront vers toi, vers toi viendront les richesses des nations \u00bb (<em>Is 60,5<\/em>). En effet, l\u2019histoire nous enseigne que la contribution des migrants et des r\u00e9fugi\u00e9s a \u00e9t\u00e9 fondamentale pour la croissance sociale et \u00e9conomique de nos soci\u00e9t\u00e9s. <\/span><\/p>\n<p><span style=\"color: #000000;\">\u00a0 \u00a0 \u00a0 \u00a0 \u00a0 \u00a0Et c\u2019est encore le cas aujourd\u2019hui. Leur travail, leur capacit\u00e9 de sacrifice, leur jeunesse et leur enthousiasme enrichissent les communaut\u00e9s qui les accueillent. Mais cette contribution pourrait \u00eatre bien plus importante si elle \u00e9tait valoris\u00e9e et soutenue par des programmes cibl\u00e9s. Il s\u2019agit d\u2019un potentiel \u00e9norme, pr\u00eat \u00e0 s\u2019exprimer, si seulement on lui en donne la possibilit\u00e9.<\/span><\/p>\n<p><span style=\"color: #000000;\">\u00a0 \u00a0 \u00a0 \u00a0 \u00a0 Nous ne pouvons pas laisser aux g\u00e9n\u00e9rations futures la responsabilit\u00e9 des d\u00e9cisions qui doivent \u00eatre prises maintenant pour que le projet de Dieu sur le monde puisse se r\u00e9aliser et que son Royaume de justice, de fraternit\u00e9 et de paix arrive.<\/span><\/p>\n<p style=\"text-align: right;\"><span style=\"color: #000000;\"><em>D\u2019apr\u00e8s le message du Pape Fran\u00e7ois<\/em><\/span><\/p>\n","protected":false},"excerpt":{"rendered":"<p>\u00ab Construire l\u2019avenir avec les migrants et les r\u00e9fugi\u00e9s \u00bb est le titre du message du Pape Fran\u00e7ois pour la 108\u00e8me Journ\u00e9e Mondiale du Migrant et du R\u00e9fugi\u00e9. Construire l\u2019avenir avec les migrants et les r\u00e9fugi\u00e9s\u00a0signifie reconna\u00eetre et valoriser ce que chacun d\u2019entre eux peut apporter au processus de construction. Le pape Fran\u00e7ois aime voir&hellip; <br \/> <a class=\"read-more\" href=\"https:\/\/paroisses-nancy-sud.fr\/HOME\/construire-lavenir-avec-les-migrants-et-les-refugies\/\">Lire la suite<\/a><\/p>\n","protected":false},"author":6,"featured_media":529,"comment_status":"closed","ping_status":"open","sticky":false,"template":"","format":"standard","meta":[],"categories":[6],"tags":[],"acf":[],"_links":{"self":[{"href":"https:\/\/paroisses-nancy-sud.fr\/HOME\/wp-json\/wp\/v2\/posts\/2485"}],"collection":[{"href":"https:\/\/paroisses-nancy-sud.fr\/HOME\/wp-json\/wp\/v2\/posts"}],"about":[{"href":"https:\/\/paroisses-nancy-sud.fr\/HOME\/wp-json\/wp\/v2\/types\/post"}],"author":[{"embeddable":true,"href":"https:\/\/paroisses-nancy-sud.fr\/HOME\/wp-json\/wp\/v2\/users\/6"}],"replies":[{"embeddable":true,"href":"https:\/\/paroisses-nancy-sud.fr\/HOME\/wp-json\/wp\/v2\/comments?post=2485"}],"version-history":[{"count":2,"href":"https:\/\/paroisses-nancy-sud.fr\/HOME\/wp-json\/wp\/v2\/posts\/2485\/revisions"}],"predecessor-version":[{"id":2487,"href":"https:\/\/paroisses-nancy-sud.fr\/HOME\/wp-json\/wp\/v2\/posts\/2485\/revisions\/2487"}],"wp:featuredmedia":[{"embeddable":true,"href":"https:\/\/paroisses-nancy-sud.fr\/HOME\/wp-json\/wp\/v2\/media\/529"}],"wp:attachment":[{"href":"https:\/\/paroisses-nancy-sud.fr\/HOME\/wp-json\/wp\/v2\/media?parent=2485"}],"wp:term":[{"taxonomy":"category","embeddable":true,"href":"https:\/\/paroisses-nancy-sud.fr\/HOME\/wp-json\/wp\/v2\/categories?post=2485"},{"taxonomy":"post_tag","embeddable":true,"href":"https:\/\/paroisses-nancy-sud.fr\/HOME\/wp-json\/wp\/v2\/tags?post=2485"}],"curies":[{"name":"wp","href":"https:\/\/api.w.org\/{rel}","templated":true}]}}