{"id":2493,"date":"2022-10-01T17:37:11","date_gmt":"2022-10-01T15:37:11","guid":{"rendered":"https:\/\/paroisses-nancy-sud.fr\/HOME\/?p=2493"},"modified":"2022-10-01T17:37:11","modified_gmt":"2022-10-01T15:37:11","slug":"annonces-de-la-visitation-du-2-octobre","status":"publish","type":"post","link":"https:\/\/paroisses-nancy-sud.fr\/HOME\/annonces-de-la-visitation-du-2-octobre\/","title":{"rendered":"Annonces de la Visitation du 2 octobre"},"content":{"rendered":"<p><span style=\"color: #000000;\"><strong><u>Formations dioc\u00e9saines<\/u><\/strong> 2022\/23 : Des brochures sont \u00e0 disposition au fond de l\u2019\u00e9glise ainsi que le guide pour la vie spirituelle et ses nombreuses propositions pour l\u2019ann\u00e9e \u00e0 venir.<\/span><\/p>\n<p><span style=\"color: #000000;\"><strong><u>Futurs mandat\u00e9s fun\u00e9railles<\/u><\/strong>, nous avons besoin de personnes qui s\u2019engagent pour accompagner les personnes endeuill\u00e9es et conduire les fun\u00e9railles, trois dates \u00e0 retenir pour la formation leur sont propos\u00e9es\u00a0: les lundis 14\/11, 12\/12 et 16\/01. <em>Correspondant\u00a0: Alain Colotte 06 79 02 86 81.<\/em><\/span><\/p>\n<p><span style=\"color: #000000;\"><strong><u>\u00a0<\/u><\/strong><strong><u>Rentr\u00e9e et inscriptions au cat\u00e9chisme :<br \/>\n<\/u><\/strong>Groupe d\u2019\u00e9veil \u00e0 la foi \u00e0 Neuves-Maisons pour les petits de 4 \u00e0 6 ans avec 4 rencontres sur l\u2019ann\u00e9e.<\/span><br \/>\n<span style=\"color: #000000;\">Pour les CE1, \u00e9veil \u00e0 la foi avec Mme Martine Ferlet.<\/span><br \/>\n<span style=\"color: #000000;\">Renseignements \u00e0 la permanence ou par mail \u00e0\u00a0\u00a0 <a style=\"color: #000000;\" href=\"mailto:visitationmm@orange.fr\"><strong>visitationmm@orange.fr<\/strong><\/a><\/span><\/p>\n<p><span style=\"color: #000000;\">\u00c0 partir du CE2, les enfants d\u00e9butent la cat\u00e9ch\u00e8se.<\/span><br \/>\n<span style=\"color: #000000;\">L\u2019inscription se fait \u00e0 l\u2019aide d\u2019un formulaire disponible \u00e0 la maison paroissiale aux jours de permanence ou sur ce site, onglet \u00ab\u00a0grandir\u00a0\u00bb puis \u00ab\u00a0cat\u00e9chisme\u00a0\u00bb. Vous serez ensuite contact\u00e9s par un(e) cat\u00e9chiste.\u00a0<\/span><br \/>\n<span style=\"color: #000000;\"><em>Contacts<\/em>: cate@paroisses-nancy-sud.fr ou p\u00e8re Raj au 07 51 49 97 63. Voir la revue \u2018\u2019Passerelle\u2019\u2019<\/span><\/p>\n<p><span style=\"color: #000000;\"><em>La cat\u00e9ch\u00e8se se compose de :<br \/>\n* La messe des familles mensuelle : cette messe est organis\u00e9e pour et par les enfants qui sont partie prenante de la liturgie, notamment en assurant les lectures.<br \/>\n* Les s\u00e9ances de cat\u00e9chisme : il y a une douzaine de rencontres dans l\u2019ann\u00e9e. Les horaires sont d\u00e9finis en d\u00e9but d\u2019ann\u00e9e, en fonction des disponibilit\u00e9s des enfants et des parents.<br \/>\n* Les temps-forts : pour vivre les moments phares de l\u2019ann\u00e9e (avant No\u00ebl, avant P\u00e2ques) ou pour pr\u00e9parer les sacrements et f\u00eates (sacrement de r\u00e9conciliation, 1\u00e8re communion, profession de foi).<\/em><\/span><\/p>\n<p><span style=\"color: #000000;\"><em>\u00a0<\/em><u><b>Les bapt\u00eames c\u00e9l\u00e9br\u00e9s\u00a0en octobre<\/b><\/u><strong>\u00a0:<br \/>\n<\/strong>Dimanche 02\u00a0: Az\u00e9lia et Th\u00e9lia VIARD<\/span><br \/>\n<span style=\"color: #000000;\">Dimanche 09\u00a0: Maxence AUBRY<\/span><br \/>\n<span style=\"color: #000000;\">Dimanche 23\u00a0: L\u00e9andre FERRY<\/span><\/p>\n<p><span style=\"color: #000000;\"><strong><u>Messes \u00e0 la Visitation\u00a0<\/u><\/strong><strong>:<br \/>\n<\/strong><span style=\"font-size: revert;\">Samedi 08 octobre \u00e0 18h00\u00a0: Pierreville<br \/>\n<\/span>Dimanche 16 octobre \u00e0 10h30\u00a0: Neuves-Maisons, messe des familles<\/span><\/p>\n<p><span style=\"color: #000000;\"><strong><u>Messes en semaine :<br \/>\n<\/u><\/strong>Mardi \u00e0 17h et vendredi \u00e0 11h\u00a0: chapelle de semaine \u00e0 Neuves-Maisons<\/span><br \/>\n<span style=\"color: #000000;\"><em>Adoration le vendredi \u00e0 10h \u00e0 la chapelle de semaine de Neuves-Maisons<br \/>\n<\/em>Jeudi \u00e0 8h30 chez les s\u0153urs \u00e0 Bainville, 67 rue Jacques Callot<\/span><\/p>\n<p><span style=\"color: #000000;\"><u>Permanences \u00e0 la maison paroissiale :<\/u> <\/span><br \/>\n<span style=\"color: #000000;\">Mardi de 14h \u00e0 16h30 et Samedi de 9h30 \u00e0 11h30<\/span><br \/>\n<span style=\"color: #000000;\">tel : 03 83 47 25 54 \u2013 <em><strong>adresse mail<\/strong><\/em><strong> : <\/strong><a style=\"color: #000000;\" href=\"mailto:visitationmm@orange.fr\">visitationmm@orange.fr<\/a>\u00a0 <\/span><br \/>\n<span style=\"color: #000000;\">Horaires des messes :\u00a0 <a style=\"color: #000000;\" href=\"https:\/\/messes.info\/\">messesinfo<\/a><em> (cliquer sur le lien)<\/em><\/span><\/p>\n","protected":false},"excerpt":{"rendered":"<p>Formations dioc\u00e9saines 2022\/23 : Des brochures sont \u00e0 disposition au fond de l\u2019\u00e9glise ainsi que le guide pour la vie spirituelle et ses nombreuses propositions pour l\u2019ann\u00e9e \u00e0 venir. Futurs mandat\u00e9s fun\u00e9railles, nous avons besoin de personnes qui s\u2019engagent pour accompagner les personnes endeuill\u00e9es et conduire les fun\u00e9railles, trois dates \u00e0 retenir pour la formation&hellip; <br \/> <a class=\"read-more\" href=\"https:\/\/paroisses-nancy-sud.fr\/HOME\/annonces-de-la-visitation-du-2-octobre\/\">Lire la suite<\/a><\/p>\n","protected":false},"author":5,"featured_media":472,"comment_status":"closed","ping_status":"open","sticky":false,"template":"","format":"standard","meta":[],"categories":[10],"tags":[],"acf":[],"_links":{"self":[{"href":"https:\/\/paroisses-nancy-sud.fr\/HOME\/wp-json\/wp\/v2\/posts\/2493"}],"collection":[{"href":"https:\/\/paroisses-nancy-sud.fr\/HOME\/wp-json\/wp\/v2\/posts"}],"about":[{"href":"https:\/\/paroisses-nancy-sud.fr\/HOME\/wp-json\/wp\/v2\/types\/post"}],"author":[{"embeddable":true,"href":"https:\/\/paroisses-nancy-sud.fr\/HOME\/wp-json\/wp\/v2\/users\/5"}],"replies":[{"embeddable":true,"href":"https:\/\/paroisses-nancy-sud.fr\/HOME\/wp-json\/wp\/v2\/comments?post=2493"}],"version-history":[{"count":1,"href":"https:\/\/paroisses-nancy-sud.fr\/HOME\/wp-json\/wp\/v2\/posts\/2493\/revisions"}],"predecessor-version":[{"id":2494,"href":"https:\/\/paroisses-nancy-sud.fr\/HOME\/wp-json\/wp\/v2\/posts\/2493\/revisions\/2494"}],"wp:featuredmedia":[{"embeddable":true,"href":"https:\/\/paroisses-nancy-sud.fr\/HOME\/wp-json\/wp\/v2\/media\/472"}],"wp:attachment":[{"href":"https:\/\/paroisses-nancy-sud.fr\/HOME\/wp-json\/wp\/v2\/media?parent=2493"}],"wp:term":[{"taxonomy":"category","embeddable":true,"href":"https:\/\/paroisses-nancy-sud.fr\/HOME\/wp-json\/wp\/v2\/categories?post=2493"},{"taxonomy":"post_tag","embeddable":true,"href":"https:\/\/paroisses-nancy-sud.fr\/HOME\/wp-json\/wp\/v2\/tags?post=2493"}],"curies":[{"name":"wp","href":"https:\/\/api.w.org\/{rel}","templated":true}]}}