{"id":2495,"date":"2022-10-01T17:57:28","date_gmt":"2022-10-01T15:57:28","guid":{"rendered":"https:\/\/paroisses-nancy-sud.fr\/HOME\/?p=2495"},"modified":"2022-10-01T17:57:28","modified_gmt":"2022-10-01T15:57:28","slug":"annonces-de-saint-francois-de-sales-et-sainte-jeanne-de-chantal-du-2-octobre","status":"publish","type":"post","link":"https:\/\/paroisses-nancy-sud.fr\/HOME\/annonces-de-saint-francois-de-sales-et-sainte-jeanne-de-chantal-du-2-octobre\/","title":{"rendered":"Annonces de Saint-Fran\u00e7ois-de-sales et Sainte-Jeanne-de-Chantal du 2 octobre"},"content":{"rendered":"\n<p><span style=\"color: #000000;\"><strong><span style=\"text-decoration: underline;\">Bapt\u00eames :<\/span> <br \/><\/strong><strong>Ce dimanche 2 octobre, bapt\u00eame <\/strong>de Blanche CRILLAUME<strong> \u00e0 Jarville <\/strong>et de Rapha\u00ebl HARMAND <strong>\u00e0 Ludres. <\/strong>Prions pour les enfants et leurs familles<\/span><\/p>\n<p><span style=\"color: #000000;\"><strong><span style=\"text-decoration: underline;\">Eveil \u00e0 la foi :<\/span><br \/><\/strong><strong>Ce dimanche 2 octobre \u00e0 10h \u00e0 Ludres, <\/strong>\u00e0 la maison paroissiale, premi\u00e8re rencontre pour les <strong>enfants de 3 \u00e0 7 ans<\/strong>. Sophie Defrance et le p\u00e8re Raj accueilleront parents et enfants.<\/span><\/p>\n<p><span style=\"color: #000000;\"><strong><span style=\"text-decoration: underline;\">Pr\u00e9paration \u00e0 la Confirmation :<\/span><br \/><\/strong><strong>Le samedi 15 octobre un groupe de 4-3<sup>\u00e8mes <\/sup>de Nancy-Sud <\/strong>commence la pr\u00e9paration \u00e0 la Confirmation (pr\u00e9vue en octobre 2023). Prendre contact avec le p\u00e8re Alexandre-Marie au\u00a007 71 03 96 97<\/span><\/p>\n<p><span style=\"color: #000000;\"><strong><span style=\"text-decoration: underline;\">Journ\u00e9es Mondiales de la Jeunesse JMJ<\/span> :\u00a0<br \/><\/strong>Les JMJ de Lisbonne auront lieu dans un peu moins d&rsquo;un an maintenant.\u00a0Le dioc\u00e8se va r\u00e9aliser de nombreuses actions afin de faire diminuer le co\u00fbt du voyage.<\/span><br \/><span style=\"color: #000000;\">Les secteurs paroissiaux qui le souhaitent peuvent constituer un groupe pour mener ces actions. <strong>Alors si Tu veux prendre part \u00e0 la pr\u00e9paration des JMJ et \u00e0 leur financement, je t\u2019invite \u00e0 une petite r\u00e9union de pr\u00e9sentation pr\u00e9vue fin octobre d\u00e9but novembre.<br \/><\/strong>Vous pouvez me contacter \u00e0 l\u2019adresse mail suivante\u00a0: <a style=\"color: #000000;\" href=\"mailto:louise.thiriet@hotmail.fr\">louise.thiriet@hotmail.fr<\/a> ou au 07 88 34 81 91.<\/span><\/p>\n<p><span style=\"color: #000000;\"><strong><span style=\"text-decoration: underline;\">Qu\u00eate de sortie du premier dimanche du mois<\/span> :\u00a0<br \/><\/strong><strong>Ce samedi 1<sup>er<\/sup> octobre et le dimanche 2 octobre <\/strong>il vous sera propos\u00e9 la qu\u00eate suppl\u00e9mentaire du premier dimanche du mois \u00e0 la sortie de nos \u00e9glises pour compl\u00e9ter le financement des frais pastoraux, de fonctionnement et d\u2019entretien de nos locaux. Merci\u00a0!<\/span><\/p>\n<p><span style=\"color: #000000;\"><strong><span style=\"text-decoration: underline;\">Pri\u00e8re du Rosaire<\/span> :\u00a0<br \/><\/strong><strong>Le lundi 3 octobre et tous les lundis d\u2019octobre, \u00e0 17h \u00e0 la crypte de l\u2019\u00e9glise de Jarville, pri\u00e8re du rosaire <\/strong>anim\u00e9e par les \u00e9quipes de Jarville et Fl\u00e9ville<\/span><\/p>\n<p><span style=\"color: #000000;\"><strong><span style=\"text-decoration: underline;\">Premier jeudi du mois<\/span> :\u00a0<br \/><\/strong><strong>\u00a0&#8211; A 17h, \u00e0 Jarville, pri\u00e8re pour les malades et les personnes qui souffrent<br \/><\/strong><strong style=\"font-size: revert;\">\u00a0&#8211; A 20h30, \u00e0 Jarville, \u00e0 la crypte, \u2018\u2019Heure sainte\u2019\u2019 : <\/strong><span style=\"font-size: revert;\">C&rsquo;est une heure d&rsquo;Adoration guid\u00e9e pour r\u00e9pondre \u00e0 la demande de J\u00e9sus de veiller et prier avec lui \u00e0 Geths\u00e9mani. C&rsquo;est dire ainsi \u00e0 J\u00e9sus, tout notre amour pour lui.\u00a0\u00bb<\/span><\/span><\/p>\n<p><span style=\"color: #000000;\"><strong><span style=\"text-decoration: underline;\">Table ouverte du 2<sup>\u00e8me<\/sup> dimanche du mois<\/span> :\u00a0<br \/><\/strong><strong>Le dimanche 9 octobre \u00e0 Jarville, <\/strong>repas partag\u00e9. Chacun apporte sa sp\u00e9cialit\u00e9 ou son plat pr\u00e9f\u00e9r\u00e9. Et n\u2019oubliez pas d\u2019inviter vos amis et voisins\u00a0! A dimanche\u00a0!<\/span><\/p>\n<p><span style=\"color: #000000;\"><strong><span style=\"text-decoration: underline;\">Concert<\/span> :\u00a0<br \/><\/strong><strong>Le dimanche 9 octobre \u00e0 l\u2019\u00e9glise de Flavigny, \u00e0 15h<\/strong>, concert orgue trompette propos\u00e9 par les \u2018\u2019Amis de l\u2019orgue de Flavigny\u2018\u2019<\/span><\/p>\n<p><span style=\"color: #000000;\"><strong><span style=\"text-decoration: underline;\">Horaires des messes dominicales des 8 et 9 octobre<\/span> :\u00a0<br \/><\/strong><strong>Samedi 8 octobre\u00a0: 18h <\/strong>Pierreville<strong>\u00a0\u00a0\u00a0\u00a0\u00a0\u00a0\u00a0\u00a0\u00a0\u00a0\u00a0\u00a0\u00a0\u00a0\u00a0\u00a0\u00a0\u00a0\u00a0\u00a0\u00a0\u00a0\u00a0\u00a0\u00a0\u00a0\u00a0\u00a0\u00a0\u00a0\u00a0\u00a0\u00a0\u00a0\u00a0\u00a0\u00a0\u00a0\u00a0\u00a0\u00a0\u00a0\u00a0\u00a0\u00a0 18h30 <\/strong>Heillecourt et Laneuveville<\/span><br \/><span style=\"color: #000000;\"><strong>Dimanche 9 octobre : 10h <\/strong>Flavigny, Fl\u00e9ville <strong>\u00a0\u00a0\u00a0\u00a0\u00a0\u00a0\u00a0\u00a0\u00a0\u00a0\u00a0\u00a0\u00a0\u00a0\u00a0\u00a0\u00a0\u00a0\u00a0\u00a0\u00a0\u00a0\u00a0\u00a0\u00a0\u00a0\u00a0\u00a0\u00a0\u00a0\u00a010h30 <\/strong>Jarville et Neuves-Maisons\u00a0<\/span>\u00a0\u00a0 <strong>\u00a0\u00a0\u00a0\u00a0\u00a0\u00a0\u00a0<\/strong><\/p>\n<p><span style=\"color: #000000;\"><strong><span style=\"text-decoration: underline;\">Vous \u00eates nouveaux dans la paroisse ? Une invitation vous attend<\/span> ! :\u00a0\u00a0<br \/><\/strong><strong>\u00a0Paroisse Saint Fran\u00e7ois de Sales<\/strong>\u00a0: Jarville, Laneuveville, Fl\u00e9ville\u00a0 vous venez d\u2019arriver dans notre paroisse ou vous d\u00e9sirez mieux nous conna\u00eetre, vous reconna\u00eetrez \u00e0 la sortie de l\u2019\u00e9glise d\u2019aimables paroissiens au foulard blanc qui vous ont r\u00e9serv\u00e9 une invitation \u00e0 un <strong>repas le samedi 15 octobre\u00a0\u00e0 12h30 ! <\/strong><\/span><\/p>\n<p><span style=\"color: #000000;\"><strong><span style=\"text-decoration: underline;\">R\u00e9union de chaque \u00c9quipe d\u2019Animation Pastorale des deux paroisses<\/span> :\u00a0<br \/><\/strong><strong>\u00a0&#8211; Pour la paroisse Sainte-Jeanne-de-Chantal, <\/strong>apr\u00e8s un temps de pri\u00e8re, nous avons fait une relecture de la rentr\u00e9e v\u00e9cue en dioc\u00e8se et en paroisse, vu comment se d\u00e9roulait la r\u00e9organisation du secr\u00e9tariat de Ludres et de la gestion de la maison paroissiale, pens\u00e9 \u00e0 compl\u00e9ter notre \u00e9quipe d\u2019EAP, choisi les lieux de c\u00e9l\u00e9bration pour la Toussaint, le jour des d\u00e9funts, pour No\u00ebl et r\u00e9fl\u00e9chi \u00e0 la fa\u00e7on de c\u00e9l\u00e9brer le 11 novembre. Nous cherchons aussi comment partager le travail de l\u2019EAP.<\/span><\/p>\n<p><span style=\"color: #000000;\"><strong>\u00a0&#8211; Pour la paroisse Saint-Fran\u00e7ois-de-Sales, <\/strong>apr\u00e8s le temps de pri\u00e8re, nous avons accueilli deux nouvelles personnes, Marie-France Dufour et Vincent Peguy-Nauroy. Nous avons fait une relecture de la rentr\u00e9e, messe des familles, cat\u00e9chisme, \u00e9voqu\u00e9 le futur p\u00e8lerinage 2023, les moments de convivialit\u00e9 (repas du 15 octobre, conf\u00e9rence du 15 octobre, table ouverte le 2<sup>\u00e8me<\/sup> dimanche du mois) et avons commenc\u00e9 \u00e0 r\u00e9fl\u00e9chir sur les animations pendant la p\u00e9riode de l\u2019Avent.<\/span><\/p>\n<p><span style=\"color: #000000;\"><strong>Enfin nous<\/strong> <strong>recherchons une personne comp\u00e9tente pour la comptabilit\u00e9 de la paroisse, une personne pour conduire les c\u00e9l\u00e9brations d\u2019obs\u00e8ques, une personne pour mettre \u00e0 jour r\u00e9guli\u00e8rement le site internet du secteur.<\/strong><\/span><\/p>\n<p><span style=\"color: #000000;\"><strong>\u00a0<\/strong><strong><span style=\"text-decoration: underline;\">Conf\u00e9rence sur la chapelle du ch\u00e2teau de Montaigu. R\u00e9servez cette date !<\/span> :\u00a0<br \/><\/strong><strong>Le samedi 15 octobre \u00e0 16h \u00e0 Jarville<\/strong> conf\u00e9rence sur la chapelle de Montaigu du XVII<sup>\u00e8me<\/sup> si\u00e8cle \u00e0 nos jours\u00a0: contexte historique et religieux, une chapelle au pass\u00e9 riche et passionnant\u00a0!! Propos\u00e9e par l\u2019association du <em>Sacr\u00e9 c\u0153ur de Jarville<\/em> qui aide au financement des locaux paroissiaux.<\/span><\/p>\n<p><span style=\"color: #000000;\"><strong>\u00a0<\/strong><strong><span style=\"text-decoration: underline;\">Autres annonces :\u00a0<\/span><br \/><\/strong><strong>\u00a0&#8211; Parler pour que les enfants\/ados \u00e9coutent- \u00a0Ecouter pour que les enfants\/ados parlent : <\/strong>L\u2019AFC de Nancy propose l\u2019Atelier <em>Faber et Mazlish<\/em>\u00a0 aux adultes en relation avec des enfants ou adolescents\u00a0: parents, grands-parents, professionnels, b\u00e9n\u00e9voles \u00a0Contact 07 67 05 27 87 \u00a0<\/span>\u00a0<\/p>\n<p><span style=\"color: #000000;\"><strong>\u00a0&#8211; Ap\u00e9ro d\u00e9couverte :\u00a0<\/strong><strong>Pour les couples<\/strong> int\u00e9ress\u00e9s par la spiritualit\u00e9 conjugale selon la p\u00e9dagogie des \u00e9quipes Notre-Dame (vie d\u2019\u00e9quipe, pri\u00e8re en couple, rencontres autour d\u2019un th\u00e8me d\u2019ann\u00e9e pour grandir dans la foi), rendez-vous<strong> le dimanche 2 octobre \u00e0 l\u2019\u00e9glise Ste Anne de Beauregard \u00e0 11h pour la messe ou \u00e0 12h pour l\u2019ap\u00e9ro\u00a0! <\/strong>Si possible pr\u00e9venir\u00a0: M-Ch. et Ph. Grange 06 03 00 00 36<\/span><\/p>\n<p><span style=\"color: #000000;\"><strong>\u00a0&#8211; Cana Welcome, un parcours pour faire grandir son couple : <\/strong>Un parcours sur un an pour <strong>les couples<\/strong>\u00a0: 9 soir\u00e9es mensuelles sur des sujets concrets de la vie de couple et d\u2019un WE qui peut \u00eatre v\u00e9cu avec les enfants. Contacts\u00a0: Arnaud Trohel 06 64 18 85 37 &#8211; C\u00e9cile Trohel\u00a0:\u00a0 06 01 75 04 25<\/span><\/p>\n<p><span style=\"color: #000000;\"><strong>\u00a0&#8211; Th\u00e9r\u00e8se, Louis et Z\u00e9lie MARTIN, une famille pour aujourd\u2019hui :\u00a0<\/strong><strong>Jeudi 6 octobre \u00e0 20h15 <\/strong>conf\u00e9rence \u00e0 l\u2019\u00e9glise Ste Th\u00e9r\u00e8se de Villers les Nancy par le recteur de la basilique de Lisieux, le P\u00e8re Olivier Ruffray.<\/span><\/p>\n<p><span style=\"color: #000000;\"><strong>\u00a0&#8211; Lecture en continu du livre de la<\/strong> <strong>Gen\u00e8se :\u00a0<\/strong><strong>Le samedi 8 octobre 2022 de 9h \u00e0 16h30 \u00e0 la maison dioc\u00e9saine au domaine de l\u2019Asn\u00e9e,\u00a0journ\u00e9e de lancement\u00a0<em>: <\/em><\/strong><em>\u2018\u2019D\u00e9couvrir la p\u00e9dagogie de Dieu dans le livre de la Gen\u00e8se\u2019\u2019<\/em>\u00a0:\u00a0 Contact\u00a0: Sedifop\u00a0: formation @catholique-nancy.fr<\/span><\/p>\n<p><span style=\"color: #000000;\"><strong>\u00a0 &#8211; <\/strong><strong>Formations dioc\u00e9saines 2022\/23<\/strong><strong>\u00a0: <\/strong>Brochures \u00e0 disposition au fond de l\u2019\u00e9glise ainsi que le guide pour la vie spirituelle et ses nombreuses propositions pour l\u2019ann\u00e9e \u00e0 venir.\u00a0<\/span><\/p>\n","protected":false},"excerpt":{"rendered":"<p>Bapt\u00eames : Ce dimanche 2 octobre, bapt\u00eame de Blanche CRILLAUME \u00e0 Jarville et de Rapha\u00ebl HARMAND \u00e0 Ludres. Prions pour les enfants et leurs familles Eveil \u00e0 la foi :Ce dimanche 2 octobre \u00e0 10h \u00e0 Ludres, \u00e0 la maison paroissiale, premi\u00e8re rencontre pour les enfants de 3 \u00e0 7 ans. Sophie Defrance et le&hellip; <br \/> <a class=\"read-more\" href=\"https:\/\/paroisses-nancy-sud.fr\/HOME\/annonces-de-saint-francois-de-sales-et-sainte-jeanne-de-chantal-du-2-octobre\/\">Lire la suite<\/a><\/p>\n","protected":false},"author":5,"featured_media":554,"comment_status":"closed","ping_status":"open","sticky":false,"template":"","format":"standard","meta":[],"categories":[7],"tags":[],"acf":[],"_links":{"self":[{"href":"https:\/\/paroisses-nancy-sud.fr\/HOME\/wp-json\/wp\/v2\/posts\/2495"}],"collection":[{"href":"https:\/\/paroisses-nancy-sud.fr\/HOME\/wp-json\/wp\/v2\/posts"}],"about":[{"href":"https:\/\/paroisses-nancy-sud.fr\/HOME\/wp-json\/wp\/v2\/types\/post"}],"author":[{"embeddable":true,"href":"https:\/\/paroisses-nancy-sud.fr\/HOME\/wp-json\/wp\/v2\/users\/5"}],"replies":[{"embeddable":true,"href":"https:\/\/paroisses-nancy-sud.fr\/HOME\/wp-json\/wp\/v2\/comments?post=2495"}],"version-history":[{"count":1,"href":"https:\/\/paroisses-nancy-sud.fr\/HOME\/wp-json\/wp\/v2\/posts\/2495\/revisions"}],"predecessor-version":[{"id":2496,"href":"https:\/\/paroisses-nancy-sud.fr\/HOME\/wp-json\/wp\/v2\/posts\/2495\/revisions\/2496"}],"wp:featuredmedia":[{"embeddable":true,"href":"https:\/\/paroisses-nancy-sud.fr\/HOME\/wp-json\/wp\/v2\/media\/554"}],"wp:attachment":[{"href":"https:\/\/paroisses-nancy-sud.fr\/HOME\/wp-json\/wp\/v2\/media?parent=2495"}],"wp:term":[{"taxonomy":"category","embeddable":true,"href":"https:\/\/paroisses-nancy-sud.fr\/HOME\/wp-json\/wp\/v2\/categories?post=2495"},{"taxonomy":"post_tag","embeddable":true,"href":"https:\/\/paroisses-nancy-sud.fr\/HOME\/wp-json\/wp\/v2\/tags?post=2495"}],"curies":[{"name":"wp","href":"https:\/\/api.w.org\/{rel}","templated":true}]}}