{"id":2498,"date":"2022-10-01T18:08:57","date_gmt":"2022-10-01T16:08:57","guid":{"rendered":"https:\/\/paroisses-nancy-sud.fr\/HOME\/?p=2498"},"modified":"2022-10-01T18:08:57","modified_gmt":"2022-10-01T16:08:57","slug":"les-jmj-journees-mondiales-de-la-jeunesse","status":"publish","type":"post","link":"https:\/\/paroisses-nancy-sud.fr\/HOME\/les-jmj-journees-mondiales-de-la-jeunesse\/","title":{"rendered":"Les JMJ, Journ\u00e9es Mondiales de la Jeunesse"},"content":{"rendered":"\n<p><\/p>\n\n\n\n<p><span style=\"color: #000000;\">les Journ\u00e9es Mondiales de la Jeunesse (JMJ) ont \u00e9t\u00e9 cr\u00e9\u00e9es par le pape Jean-Paul II en 1985. <strong>Les premi\u00e8res JMJ ont eu lieu en 1987 \u00e0 Buenos-Aires en Argentine<\/strong>. Depuis elles ont lieu tous les deux ou trois ans, en alternance entre le continent europ\u00e9en et un autre continent au niveau international, puis chaque ann\u00e9e en dioc\u00e8se, d&rsquo;abord le dimanche des Rameaux puis depuis deux ans au Christ-Roi.<\/span><\/p>\n<p><span style=\"color: #000000;\">Cet \u00e9v\u00e8nement mondial est une aventure unique et formidable, d\u2019un point de vue <strong>spirituel et humain<\/strong>. Nous nous retrouvons entre jeunes de tous horizons, de cultures diff\u00e9rentes, dans un pays pour partager ensemble notre foi, la culture d\u2019un pays et cela pendant 15 jours.<\/span><\/p>\n<p><span style=\"color: #000000;\">Jean-Paul II voulait, gr\u00e2ce \u00e0 ces journ\u00e9es, se rendre proche des jeunes, leur manifester la confiance que l\u2019Eglise met en eux, leur transmettre sa foi en J\u00e9sus Christ. <strong>Les JMJ sont \u00ab\u00a0une f\u00eate de la foi\u00a0\u00bb qui nous rassemble tous.<\/strong><\/span><\/p>\n<p><span style=\"color: #000000;\"><span style=\"text-decoration: underline;\">Ces journ\u00e9es mondiales de la jeunesse se d\u00e9roulent en deux temps<\/span> :<\/span><\/p>\n<ul>\n<li><span style=\"color: #000000;\"><strong>La premi\u00e8re semaine a lieu \u00ab en dioc\u00e8se<\/strong> \u00bb. Nous sommes accueillis dans un dioc\u00e8se et dans des familles. Lors de cette semaine, nous d\u00e9couvrons la culture du pays qui nous accueille, nous visitons en g\u00e9n\u00e9ral des lieux de culte proches de notre dioc\u00e8se, nous partageons des temps en paroisse (messe, pri\u00e8re), des moments conviviaux comme des repas tous ensemble ou en famille, des veill\u00e9es\u2026<\/span><\/li>\n<li><span style=\"color: #000000;\"><strong>La deuxi\u00e8me semaine a g\u00e9n\u00e9ralement lieu dans la capitale du pays qui nous accueille<\/strong>. Lors de cette semaine, diff\u00e9rents temps forts nous attendent\u00a0: la messe d\u2019accueil du pape, des temps de cat\u00e9ch\u00e8se, le festival de la jeunesse, le chemin de croix, la visite d&rsquo;un lieu de p\u00e8lerinage, la vigile puis la messe d\u2019envoi.<\/span><\/li>\n<\/ul>\n<p><span style=\"color: #000000;\"><strong>Les JMJ sont destin\u00e9es aux jeunes entre 18 et 35 ans<\/strong>. Selon le pays o\u00f9 les JMJ ont lieu, il est possible d\u2019autoriser <strong>des jeunes de 16 ans et plus.<\/strong><\/span><\/p>\n<p><span style=\"color: #000000;\"><strong>Les prochaines JMJ auront lieu du 25 juillet au 6 ao\u00fbt 2023 \u00e0 Lisbonne au Portugal. Le dioc\u00e8se de Nancy-Toul constitue un groupe pour y participer, alors n\u2019h\u00e9site pas \u00e0 regarder <a style=\"color: #000000;\" href=\"https:\/\/www.catholique-nancy.fr\/sites\/pastorale-des-jeunes\/actualites\">le site du dioc\u00e8se.<\/a><\/strong><\/span><\/p>\n<p style=\"text-align: right;\"><span style=\"color: #000000;\"><em>Louise Thiriet, pastorale des jeunes<\/em><\/span><\/p>\n","protected":false},"excerpt":{"rendered":"<p>les Journ\u00e9es Mondiales de la Jeunesse (JMJ) ont \u00e9t\u00e9 cr\u00e9\u00e9es par le pape Jean-Paul II en 1985. Les premi\u00e8res JMJ ont eu lieu en 1987 \u00e0 Buenos-Aires en Argentine. Depuis elles ont lieu tous les deux ou trois ans, en alternance entre le continent europ\u00e9en et un autre continent au niveau international, puis chaque ann\u00e9e&hellip; <br \/> <a class=\"read-more\" href=\"https:\/\/paroisses-nancy-sud.fr\/HOME\/les-jmj-journees-mondiales-de-la-jeunesse\/\">Lire la suite<\/a><\/p>\n","protected":false},"author":5,"featured_media":529,"comment_status":"closed","ping_status":"open","sticky":false,"template":"","format":"standard","meta":[],"categories":[6],"tags":[],"acf":[],"_links":{"self":[{"href":"https:\/\/paroisses-nancy-sud.fr\/HOME\/wp-json\/wp\/v2\/posts\/2498"}],"collection":[{"href":"https:\/\/paroisses-nancy-sud.fr\/HOME\/wp-json\/wp\/v2\/posts"}],"about":[{"href":"https:\/\/paroisses-nancy-sud.fr\/HOME\/wp-json\/wp\/v2\/types\/post"}],"author":[{"embeddable":true,"href":"https:\/\/paroisses-nancy-sud.fr\/HOME\/wp-json\/wp\/v2\/users\/5"}],"replies":[{"embeddable":true,"href":"https:\/\/paroisses-nancy-sud.fr\/HOME\/wp-json\/wp\/v2\/comments?post=2498"}],"version-history":[{"count":1,"href":"https:\/\/paroisses-nancy-sud.fr\/HOME\/wp-json\/wp\/v2\/posts\/2498\/revisions"}],"predecessor-version":[{"id":2499,"href":"https:\/\/paroisses-nancy-sud.fr\/HOME\/wp-json\/wp\/v2\/posts\/2498\/revisions\/2499"}],"wp:featuredmedia":[{"embeddable":true,"href":"https:\/\/paroisses-nancy-sud.fr\/HOME\/wp-json\/wp\/v2\/media\/529"}],"wp:attachment":[{"href":"https:\/\/paroisses-nancy-sud.fr\/HOME\/wp-json\/wp\/v2\/media?parent=2498"}],"wp:term":[{"taxonomy":"category","embeddable":true,"href":"https:\/\/paroisses-nancy-sud.fr\/HOME\/wp-json\/wp\/v2\/categories?post=2498"},{"taxonomy":"post_tag","embeddable":true,"href":"https:\/\/paroisses-nancy-sud.fr\/HOME\/wp-json\/wp\/v2\/tags?post=2498"}],"curies":[{"name":"wp","href":"https:\/\/api.w.org\/{rel}","templated":true}]}}