{"id":2500,"date":"2022-10-01T18:17:31","date_gmt":"2022-10-01T16:17:31","guid":{"rendered":"https:\/\/paroisses-nancy-sud.fr\/HOME\/?p=2500"},"modified":"2022-10-01T18:17:31","modified_gmt":"2022-10-01T16:17:31","slug":"don-et-mission","status":"publish","type":"post","link":"https:\/\/paroisses-nancy-sud.fr\/HOME\/don-et-mission\/","title":{"rendered":"Don et Mission"},"content":{"rendered":"\n<p class=\"Standard\" style=\"margin-bottom: 5.65pt; text-align: justify;\"><span style=\"font-size: 16pt; font-family: Caladea; color: #000000;\">\u00ab\u00a0Lequel d\u2019entre vous, quand son serviteur aura labour\u00e9 ou gard\u00e9 les b\u00eates, lui dira \u00e0 son retour des champs : \u201cViens vite prendre place \u00e0 table\u201d ? [\u2026] De m\u00eame vous aussi, quand vous aurez ex\u00e9cut\u00e9 tout ce qui vous a \u00e9t\u00e9 ordonn\u00e9, dites : \u201cNous sommes de simples serviteurs : nous n\u2019avons fait que notre devoir\u201d\u00a0\u00bb<\/span><\/p>\n<p class=\"Standard\" style=\"margin-bottom: 5.65pt; text-align: justify;\"><span style=\"font-size: 16pt; font-family: Caladea; color: #000000;\">Remarquons que ces paroles de J\u00e9sus s&rsquo;adressent explicitement aux Ap\u00f4tres. Tous ne sont pas Ap\u00f4tres, seulement ceux que J\u00e9sus a appel\u00e9s pour cela. De m\u00eame, ce n&rsquo;est pas \u00e0 tous que Paul ordonne de prendre sa part de souffrance pour annoncer l&rsquo;\u00c9vangile, mais seulement \u00e0 Timoth\u00e9e, \u00e0 qui il a impos\u00e9 les mains \u2013 pour l&rsquo;ordonner \u00e9v\u00eaque, dirions-nous aujourd&rsquo;hui. Et enfin, c&rsquo;est bien au proph\u00e8te Habacuc, pas \u00e0 un autre, que la parole de Dieu est adress\u00e9e pour qu&rsquo;il la couche par \u00e9crit.<\/span><\/p>\n<p class=\"Standard\" style=\"margin-bottom: 5.65pt; text-align: justify;\"><span style=\"font-size: 16pt; font-family: Caladea; color: #000000;\">Tous ne sont pas appel\u00e9s, et pourtant Dieu n&rsquo;est pas injuste. Celui qui a re\u00e7u une mission particuli\u00e8re au service du peuple de Dieu sait bien qu&rsquo;il n&rsquo;a pas m\u00e9rit\u00e9 de l&rsquo;\u00eatre, et il peut faire siens les mots de S.\u00a0Jean-Paul\u00a0II\u00a0: \u00ab\u00a0Ma vocation\u00a0: don et myst\u00e8re\u00a0\u00bb. Comment parler du myst\u00e8re de la vocation, sacerdotale en particulier\u00a0? Et surtout en quoi cela nous concerne-t-il tous\u00a0?<\/span><\/p>\n<p class=\"Standard\" style=\"margin-bottom: 5.65pt; text-align: justify;\"><span style=\"font-size: 16pt; font-family: Caladea; color: #000000;\">Les lectures d&rsquo;aujourd&rsquo;hui nous fournissent une premi\u00e8re image\u00a0: celle du serviteur qui travaille le champ et prend soin du troupeau pour le compte d&rsquo;un autre. Le ma\u00eetre lui a donn\u00e9 le n\u00e9cessaire et il compte sur lui, il veut passer par lui, pour travailler dans son champ, avec son troupeau et leur faire porter du fruit.<\/span><\/p>\n<p class=\"Standard\" style=\"margin-bottom: 5.65pt; text-align: justify;\"><span style=\"font-size: 16pt; font-family: Caladea; color: #000000;\">De m\u00eame, le pr\u00eatre, le ministre ordonn\u00e9, n&rsquo;est pas un d\u00e9l\u00e9gu\u00e9 nomm\u00e9 par les chr\u00e9tiens pour g\u00e9rer les affaires de l&rsquo;\u00c9glise, encore moins le propri\u00e9taire du peuple. C&rsquo;est un homme qui a re\u00e7u du Seigneur un <i>don<\/i> imm\u00e9rit\u00e9, un don gratuit \u2013 comme le rappelle Paul \u00e0 Timoth\u00e9e \u2013 et une <i>mission\u00a0<\/i>: \u0153uvrer au sein du peuple qui appartient \u00e0 Dieu et lui faire porter du fruit.<\/span><\/p>\n<p class=\"Standard\" style=\"margin-bottom: 5.65pt; text-align: justify;\"><span style=\"font-size: 16pt; font-family: Caladea; color: #000000;\">Une autre image permet d&rsquo;approcher ce myst\u00e8re\u00a0: celle des parents. C&rsquo;est de Dieu seul que des parents re\u00e7oivent le don et la mission \u2013 <i>don<\/i> et <i>mission<\/i> sont ins\u00e9parables \u2013 de donner la vie naturelle. Donner la vie naturelle, c&rsquo;est \u00ab\u00a0faire des enfants\u00a0\u00bb, mais c&rsquo;est plus encore faire de ces enfants des adultes. C&rsquo;est \u00e9duquer, conduire \u00e0 maturit\u00e9 cet enfant qui nous est confi\u00e9. En ce sens, le pape Fran\u00e7ois ne craint pas d&rsquo;\u00e9crire que Joseph a \u00e9t\u00e9 un authentique p\u00e8re pour J\u00e9sus.<\/span><\/p>\n<p class=\"Standard\" style=\"margin-bottom: 5.65pt; text-align: justify;\"><span style=\"font-size: 16pt; font-family: Caladea; color: #000000;\">De m\u00eame, les ministres ordonn\u00e9s re\u00e7oivent du Seigneur le don et la mission d&rsquo;engendrer \u00e0 la vie surnaturelle, par les sacrements, l&rsquo;annonce de l&rsquo;\u00c9vangile et les conseils pour vivre en enfants de Dieu. Et de m\u00eame qu&rsquo;il y a des couples st\u00e9riles et d&rsquo;autres qui refusent de donner la vie, certains souffrent de ne pas \u00eatre appel\u00e9s au minist\u00e8re et d&rsquo;autres refusent d&rsquo;entendre l&rsquo;appel qui leur est adress\u00e9.<\/span><\/p>\n<p class=\"Standard\" style=\"margin-bottom: 5.65pt; text-align: justify;\"><span style=\"font-size: 16pt; font-family: Caladea; color: #000000;\">Je pose une question\u00a0: est-ce que le but des parents est de garder leurs enfants immatures et d\u00e9pendants\u00a0? Bien s\u00fbr que non\u00a0! Nous avons tous des parents, et leur simple existence nous rappelle que nous ne nous donnons pas \u00e0 nous-m\u00eames la vie. A l&rsquo;origine de chacun de nous, il y a un don. Il en est de m\u00eame dans la vie surnaturelle, la vie de J\u00e9sus se d\u00e9ployant dans ma vie pour que je devienne toujours plus conforme \u00e0 lui, \u00e0 la gloire de Dieu le P\u00e8re.<\/span><\/p>\n<p class=\"Standard\" style=\"margin-bottom: 5.65pt; text-align: justify;\"><span style=\"font-size: 16pt; font-family: Caladea; color: #000000;\">Je disais au d\u00e9but que les lectures d&rsquo;aujourd&rsquo;hui s&rsquo;adressaient en premier lieu aux serviteurs appel\u00e9s par le Seigneur, et c&rsquo;est vrai. Pourtant il y a toujours plusieurs niveaux de lecture. Lorsque Paul demande \u00e0 Timoth\u00e9e de raviver le don de Dieu re\u00e7u \u00e0 l&rsquo;imposition des mains, cela nous concerne tous aussi, car tout sacrement est un don de Dieu et tout sacrement comporte une imposition des mains.<\/span><\/p>\n<p class=\"Standard\" style=\"margin-bottom: 5.65pt; text-align: justify;\"><span style=\"font-size: 16pt; font-family: Caladea; color: #000000;\">Rappelons-nous que don et mission sont indissociables. Alors, quelle est la mission que nous avons re\u00e7ue \u00e0 notre bapt\u00eame, \u00e0 notre confirmation, \u00e0 notre mariage, la derni\u00e8re fois que nous nous sommes confess\u00e9s ou que, \u00e9ventuellement, nous avons re\u00e7u l&rsquo;onction des malades\u00a0?<\/span><\/p>\n<p class=\"Standard\" style=\"margin-bottom: 5.65pt; text-align: justify;\"><span style=\"font-size: 16pt; font-family: Caladea; color: #000000;\">Le pape Fran\u00e7ois \u00e9crit\u00a0: \u00ab\u00a0Pour un chr\u00e9tien, il n\u2019est pas possible de penser \u00e0 sa propre mission sur terre sans la concevoir comme un chemin de saintet\u00e9 [\u2026]. Chaque saint <i>est<\/i> une mission ; il <i>est<\/i> un projet du P\u00e8re pour refl\u00e9ter et incarner, \u00e0 un moment d\u00e9termin\u00e9 de l\u2019histoire, un aspect de l\u2019\u00c9vangile.\u00a0\u00bb<\/span><\/p>\n<p class=\"Standard\" style=\"margin-bottom: 5.65pt; text-align: justify;\"><span style=\"font-size: 16pt; font-family: Caladea; color: #000000;\">Tous nous avons re\u00e7u le don et la mission de devenir des saints et, d&rsquo;une mani\u00e8re ou d&rsquo;une autre, de sanctifier les autres. Comment faire de chaque heure une occasion de sanctification\u00a0? \u00catre saint, ce n&rsquo;est pas d&rsquo;abord faire des choses, ce n&rsquo;est pas d&rsquo;abord s&rsquo;engager, ce n&rsquo;est pas d&rsquo;abord <i>se donner <\/i>mais<i> se recevoir<\/i> soi-m\u00eame de Dieu, et l&rsquo;un des r\u00f4les des ministres ordonn\u00e9s est de repr\u00e9senter Celui dont je re\u00e7ois la vie.<\/span><\/p>\n<p class=\"Standard\" style=\"margin-bottom: 5.65pt; text-align: justify;\"><span style=\"font-size: 16pt; font-family: Caladea; color: #000000;\">\u00catre saint, c&rsquo;est d&rsquo;abord recevoir, r\u00e9pondre \u00e0 l&rsquo;invitation de celui qui a <i>d\u00e9sir\u00e9 d&rsquo;un grand d\u00e9sir<\/i> nous rencontrer ce matin \u2013 et vous aurez remarqu\u00e9 la r\u00e9f\u00e9rence \u00e0 la lettre du pape Fran\u00e7ois, dont il reste encore des exemplaires. \u00ab\u00a0Venez, crions de joie pour le Seigneur, disait le psaume. Allons jusqu\u2019\u00e0 lui en rendant gr\u00e2ce\u00a0! Adorons le Seigneur qui nous a faits.\u00a0\u00bb Nul ne peut remplir \u00e0 ma place ce beau devoir d&rsquo;adorer le Seigneur, de me tenir devant lui, d&rsquo;\u00e9couter sa parole, de le laisser me transformer en lui. Ensuite, et seulement ensuite, comme par surcro\u00eet, par d\u00e9bordement, je vivrai de la mani\u00e8re qui pla\u00eet au Seigneur.<\/span><\/p>\n<p class=\"Standard\" style=\"margin-bottom: 5.65pt; text-align: justify;\"><span style=\"font-size: 16pt; font-family: Caladea; color: #000000;\">Me sanctifier, sanctifier les autres, c&rsquo;est au-del\u00e0 de mes forces. Comme il est rassurant alors de m&rsquo;entendre rappeler que je suis un simple serviteur, qui n&rsquo;a pas \u00e0 tout ma\u00eetriser, mais qui, avec un grain de foi, peut accomplir des merveilles.<\/span><\/p>\n<p class=\"Standard\" style=\"margin-bottom: 5.65pt; text-align: justify;\"><span style=\"font-size: 16pt; font-family: Caladea; color: #000000;\">Il faut conclure. Objets d&rsquo;un choix imm\u00e9rit\u00e9 de la part du Seigneur, les \u00e9v\u00eaques, les pr\u00eatres et les diacres re\u00e7oivent dans l&rsquo;Esprit-Saint le don pour la mission : permettre \u00e0 leurs fr\u00e8res et s\u0153urs de devenir toujours plus conformes au Christ, \u00e0 la gloire du P\u00e8re. Que cela nous aide \u00e0 comprendre notre propre vocation comme un don et une mission. Mari\u00e9, j&rsquo;ai re\u00e7u dans l&rsquo;Esprit Saint le don et la mission de sanctifier mon \u00e9poux, mon \u00e9pouse. Parent, j&rsquo;ai re\u00e7u le don et la mission de sanctifier mes enfants. Baptis\u00e9, j&rsquo;ai au minimum re\u00e7u le don et la mission de me sanctifier moi-m\u00eame. A moi donc de raviver le don de l&rsquo;Esprit Saint pour \u00eatre conform\u00e9 au Christ, laisser grandir sa vie dans ma vie, \u00e0 la gloire de Dieu le P\u00e8re.<\/span><\/p>\n<p style=\"text-align: right;\"><span style=\"color: #000000;\"><em>P\u00e8re Alexandre-Marie Valder<\/em><\/span><\/p>\n","protected":false},"excerpt":{"rendered":"<p>\u00ab\u00a0Lequel d\u2019entre vous, quand son serviteur aura labour\u00e9 ou gard\u00e9 les b\u00eates, lui dira \u00e0 son retour des champs : \u201cViens vite prendre place \u00e0 table\u201d ? [\u2026] De m\u00eame vous aussi, quand vous aurez ex\u00e9cut\u00e9 tout ce qui vous a \u00e9t\u00e9 ordonn\u00e9, dites : \u201cNous sommes de simples serviteurs : nous n\u2019avons fait que&hellip; <br \/> <a class=\"read-more\" href=\"https:\/\/paroisses-nancy-sud.fr\/HOME\/don-et-mission\/\">Lire la suite<\/a><\/p>\n","protected":false},"author":9,"featured_media":290,"comment_status":"closed","ping_status":"open","sticky":false,"template":"","format":"standard","meta":[],"categories":[9],"tags":[],"acf":[],"_links":{"self":[{"href":"https:\/\/paroisses-nancy-sud.fr\/HOME\/wp-json\/wp\/v2\/posts\/2500"}],"collection":[{"href":"https:\/\/paroisses-nancy-sud.fr\/HOME\/wp-json\/wp\/v2\/posts"}],"about":[{"href":"https:\/\/paroisses-nancy-sud.fr\/HOME\/wp-json\/wp\/v2\/types\/post"}],"author":[{"embeddable":true,"href":"https:\/\/paroisses-nancy-sud.fr\/HOME\/wp-json\/wp\/v2\/users\/9"}],"replies":[{"embeddable":true,"href":"https:\/\/paroisses-nancy-sud.fr\/HOME\/wp-json\/wp\/v2\/comments?post=2500"}],"version-history":[{"count":1,"href":"https:\/\/paroisses-nancy-sud.fr\/HOME\/wp-json\/wp\/v2\/posts\/2500\/revisions"}],"predecessor-version":[{"id":2501,"href":"https:\/\/paroisses-nancy-sud.fr\/HOME\/wp-json\/wp\/v2\/posts\/2500\/revisions\/2501"}],"wp:featuredmedia":[{"embeddable":true,"href":"https:\/\/paroisses-nancy-sud.fr\/HOME\/wp-json\/wp\/v2\/media\/290"}],"wp:attachment":[{"href":"https:\/\/paroisses-nancy-sud.fr\/HOME\/wp-json\/wp\/v2\/media?parent=2500"}],"wp:term":[{"taxonomy":"category","embeddable":true,"href":"https:\/\/paroisses-nancy-sud.fr\/HOME\/wp-json\/wp\/v2\/categories?post=2500"},{"taxonomy":"post_tag","embeddable":true,"href":"https:\/\/paroisses-nancy-sud.fr\/HOME\/wp-json\/wp\/v2\/tags?post=2500"}],"curies":[{"name":"wp","href":"https:\/\/api.w.org\/{rel}","templated":true}]}}