{"id":2503,"date":"2022-10-07T16:57:23","date_gmt":"2022-10-07T14:57:23","guid":{"rendered":"https:\/\/paroisses-nancy-sud.fr\/HOME\/?p=2503"},"modified":"2022-10-07T16:59:16","modified_gmt":"2022-10-07T14:59:16","slug":"annonces-de-la-visitation-du-9-octobre","status":"publish","type":"post","link":"https:\/\/paroisses-nancy-sud.fr\/HOME\/annonces-de-la-visitation-du-9-octobre\/","title":{"rendered":"Annonces de la Visitation du 9 octobre"},"content":{"rendered":"\n<p><span style=\"color: #000000;\"><strong><u>Futurs mandat\u00e9s fun\u00e9railles : <br \/><\/u><\/strong>Nous avons besoin de personnes qui s\u2019engagent pour accompagner les personnes endeuill\u00e9es et conduire les fun\u00e9railles, trois dates \u00e0 retenir pour la formation leur sont propos\u00e9es : les lundis 14\/11, 12\/12 et 16\/01. <em>Correspondant\u00a0: Alain Colotte 06 79 02 86 81.<\/em><\/span><\/p>\n<p><strong><u>\u00a0<\/u><\/strong><span style=\"color: #000000;\"><strong><u>Calendriers :\u00a0<br \/><\/u><\/strong>Les calendriers command\u00e9s seront disponibles dimanche 16 octobre.<\/span><\/p>\n<p><span style=\"color: #000000;\"><strong><u>\u00a0<\/u><\/strong><strong><u>R\u00e9union CEP :\u00a0<br \/><\/u><\/strong>\u00a0Le lundi 17 octobre \u00e0 17h00<\/span><\/p>\n<p><span style=\"color: #000000;\"><strong><u>R\u00e9union EAP :<br \/><\/u><\/strong>Le lundi 18 octobre \u00e0 18h00<\/span><\/p>\n<p><span style=\"color: #000000;\"><strong><u>Rentr\u00e9e et inscriptions au cat\u00e9chisme :\u00a0<br \/><\/u><\/strong>Groupe d\u2019\u00e9veil \u00e0 la foi \u00e0 Neuves-Maisons pour les petits de 4 \u00e0 6 ans avec 4 rencontres sur l\u2019ann\u00e9e.<\/span><br \/><span style=\"color: #000000;\">Pour les CE1, \u00e9veil \u00e0 la foi avec Mme Martine Ferlet.<\/span><br \/><span style=\"color: #000000;\">Renseignements \u00e0 la permanence ou par mail \u00e0\u00a0\u00a0 <a style=\"color: #000000;\" href=\"mailto:visitationmm@orange.fr\"><strong>visitationmm@orange.fr<\/strong><\/a><\/span><\/p>\n<p><span style=\"color: #000000;\">\u00c0 partir du CE2, les enfants d\u00e9butent la cat\u00e9ch\u00e8se.\u00a0L\u2019inscription se fait \u00e0 l\u2019aide d\u2019un formulaire disponible \u00e0 la maison paroissiale aux jours de permanence ou par internet \u00e0 <strong><a style=\"color: #000000;\" href=\"mailto:cate@paroisses-nancy-sud.fr\">cate@paroisses-nancy-sud.fr<\/a> .\u00a0<\/strong>Vous serez ensuite contact\u00e9s par un(e) cat\u00e9chiste.\u00a0<\/span><br \/><span style=\"color: #000000;\"><em>Contacts<\/em>: cate@paroisses-nancy-sud.fr ou p\u00e8re Raj au 07 51 49 97 63. Voir la revue \u2018\u2019Passerelle\u2019\u2019<\/span><\/p>\n<p><span style=\"color: #000000;\"><em>La cat\u00e9ch\u00e8se se compose de :<br \/>* La messe des familles mensuelle : cette messe est organis\u00e9e pour et par les enfants qui sont partie prenante de la liturgie, notamment en assurant les lectures.<br \/>* Les s\u00e9ances de cat\u00e9chisme : il y a une douzaine de rencontres dans l\u2019ann\u00e9e. Les horaires sont d\u00e9finis en d\u00e9but d\u2019ann\u00e9e, en fonction des disponibilit\u00e9s des enfants et des parents.<br \/>* Les temps-forts : pour vivre les moments phares de l\u2019ann\u00e9e (avant No\u00ebl, avant P\u00e2ques) ou pour pr\u00e9parer les sacrements et f\u00eates (sacrement de r\u00e9conciliation, 1\u00e8re communion, profession de foi).<\/em><\/span><\/p>\n<p><strong><u>\u00a0<\/u><\/strong><span style=\"color: #000000;\"><strong><u>Dimanche 23 octobre<\/u><\/strong> <strong><u>\u00e0 15h30.<\/u><\/strong> :<\/span><br \/><span style=\"font-size: revert; color: #000000;\">Concert propos\u00e9 par l\u2019association \u00ab Renaissance \u00bb qui \u0153uvre pour la r\u00e9fection de l\u2019\u00e9glise Saint Julien de Brioude de Pont-Saint-Vincent, \u00ab \u00c0 la rencontre des mondes \u00bb, voix, piano, percussions autour de po\u00e8mes, pri\u00e8res et textes bibliques. Entr\u00e9e libre.<\/span><\/p>\n<p><span style=\"color: #000000;\"><strong><u>Messes \u00e0 la Visitation\u00a0<\/u><\/strong><strong>:\u00a0<br \/><\/strong>Samedi 15 octobre \u00e0 18h00\u00a0: Chaligny<\/span><br \/><span style=\"color: #000000;\">Dimanche 16 octobre \u00e0 10h30\u00a0: Neuves-Maisons, messe des familles<\/span><\/p>\n<p><span style=\"color: #000000;\"><strong><u>Messes en semaine\u00a0:<br \/><\/u><\/strong>Mardi \u00e0 17h et vendredi \u00e0 11h\u00a0: chapelle de semaine \u00e0 Neuves-Maisons<\/span><br \/><span style=\"color: #000000;\"><em>Adoration le vendredi \u00e0 10h \u00e0 la chapelle de semaine de Neuves-Maisons<br \/><\/em>Jeudi \u00e0 8h30 chez les s\u0153urs \u00e0 Bainville, 67 rue Jacques Callot<\/span><\/p>\n<p><span style=\"color: #000000;\"><u>Permanences \u00e0 la maison paroissiale :<\/u> <\/span><br \/><span style=\"color: #000000;\">Mardi de 14h \u00e0 16h30 et Samedi de 9h30 \u00e0 11h30<\/span><br \/><span style=\"color: #000000;\">tel : 03 83 47 25 54 \u2013 <em><strong>adresse mail<\/strong><\/em><strong> : <\/strong><a style=\"color: #000000;\" href=\"mailto:visitationmm@orange.fr\">visitationmm@orange.fr<\/a>\u00a0 <\/span><br \/><span style=\"color: #000000;\">Horaires des messes :\u00a0 <a style=\"color: #000000;\" href=\"https:\/\/messes.info\/\">messesinfo<\/a><em> (cliquer sur le lien)<\/em><\/span><\/p>\n","protected":false},"excerpt":{"rendered":"<p>Futurs mandat\u00e9s fun\u00e9railles : Nous avons besoin de personnes qui s\u2019engagent pour accompagner les personnes endeuill\u00e9es et conduire les fun\u00e9railles, trois dates \u00e0 retenir pour la formation leur sont propos\u00e9es : les lundis 14\/11, 12\/12 et 16\/01. Correspondant\u00a0: Alain Colotte 06 79 02 86 81. \u00a0Calendriers :\u00a0Les calendriers command\u00e9s seront disponibles dimanche 16 octobre. \u00a0R\u00e9union&hellip; <br \/> <a class=\"read-more\" href=\"https:\/\/paroisses-nancy-sud.fr\/HOME\/annonces-de-la-visitation-du-9-octobre\/\">Lire la suite<\/a><\/p>\n","protected":false},"author":5,"featured_media":472,"comment_status":"closed","ping_status":"open","sticky":false,"template":"","format":"standard","meta":[],"categories":[10],"tags":[],"acf":[],"_links":{"self":[{"href":"https:\/\/paroisses-nancy-sud.fr\/HOME\/wp-json\/wp\/v2\/posts\/2503"}],"collection":[{"href":"https:\/\/paroisses-nancy-sud.fr\/HOME\/wp-json\/wp\/v2\/posts"}],"about":[{"href":"https:\/\/paroisses-nancy-sud.fr\/HOME\/wp-json\/wp\/v2\/types\/post"}],"author":[{"embeddable":true,"href":"https:\/\/paroisses-nancy-sud.fr\/HOME\/wp-json\/wp\/v2\/users\/5"}],"replies":[{"embeddable":true,"href":"https:\/\/paroisses-nancy-sud.fr\/HOME\/wp-json\/wp\/v2\/comments?post=2503"}],"version-history":[{"count":3,"href":"https:\/\/paroisses-nancy-sud.fr\/HOME\/wp-json\/wp\/v2\/posts\/2503\/revisions"}],"predecessor-version":[{"id":2506,"href":"https:\/\/paroisses-nancy-sud.fr\/HOME\/wp-json\/wp\/v2\/posts\/2503\/revisions\/2506"}],"wp:featuredmedia":[{"embeddable":true,"href":"https:\/\/paroisses-nancy-sud.fr\/HOME\/wp-json\/wp\/v2\/media\/472"}],"wp:attachment":[{"href":"https:\/\/paroisses-nancy-sud.fr\/HOME\/wp-json\/wp\/v2\/media?parent=2503"}],"wp:term":[{"taxonomy":"category","embeddable":true,"href":"https:\/\/paroisses-nancy-sud.fr\/HOME\/wp-json\/wp\/v2\/categories?post=2503"},{"taxonomy":"post_tag","embeddable":true,"href":"https:\/\/paroisses-nancy-sud.fr\/HOME\/wp-json\/wp\/v2\/tags?post=2503"}],"curies":[{"name":"wp","href":"https:\/\/api.w.org\/{rel}","templated":true}]}}