{"id":2507,"date":"2022-10-07T18:23:55","date_gmt":"2022-10-07T16:23:55","guid":{"rendered":"https:\/\/paroisses-nancy-sud.fr\/HOME\/?p=2507"},"modified":"2022-10-07T18:24:59","modified_gmt":"2022-10-07T16:24:59","slug":"annonces-de-saint-francois-de-sales-et-sainte-jeanne-de-chantal-du-9-octobre","status":"publish","type":"post","link":"https:\/\/paroisses-nancy-sud.fr\/HOME\/annonces-de-saint-francois-de-sales-et-sainte-jeanne-de-chantal-du-9-octobre\/","title":{"rendered":"Annonces de Saint-Fran\u00e7ois-de-Sales et Sainte-Jeanne-de-Chantal du 9 octobre"},"content":{"rendered":"\n<p><span style=\"color: #000000;\"><strong><span style=\"text-decoration: underline;\">Mariage :<\/span> <br \/><\/strong><strong>Ce samedi 8 octobre, se sont mari\u00e9s Cl\u00e9mentine Potrel et Nicolas Scheid \u00e0 Port-Louis (Morbihan). Prions pour ce jeune couple.<\/strong><\/span><\/p>\n<p><span style=\"color: #000000;\"><strong><span style=\"text-decoration: underline;\">Pr\u00e9paration \u00e0 la Confirmation :\u00a0<\/span><br \/><\/strong><strong>Le samedi 15 octobre, \u00e0 13h45 \u00e0 Sainte-Th\u00e9r\u00e8se de Villers, des jeunes de 4-3<sup>\u00e8mes <\/sup>de Nancy-Sud <\/strong>commencent la pr\u00e9paration \u00e0 la Confirmation (pr\u00e9vue en octobre 2023). Prendre contact avec le p\u00e8re Alexandre-Marie au 07 71 03 96 97.<\/span><\/p>\n<p><strong>\u00a0<span style=\"color: #000000;\"><span style=\"text-decoration: underline;\">Vous \u00eates nouveaux dans la paroisse ? Une invitation vous attend samedi prochain !<\/span> :\u00a0<\/span><br \/><\/strong><span style=\"color: #000000;\"><strong>Paroisse Saint Fran\u00e7ois de Sales<\/strong>\u00a0: (Jarville, Laneuveville, Fl\u00e9ville), vous venez d\u2019arriver dans notre paroisse ou vous d\u00e9sirez mieux nous conna\u00eetre, vous reconna\u00eetrez \u00e0 la sortie de l\u2019\u00e9glise d\u2019aimables paroissiens au foulard blanc qui vous ont r\u00e9serv\u00e9 une invitation \u00e0 un <strong>repas le samedi 15 octobre\u00a0\u00e0 12h30, <\/strong>dans les salles paroissiales de Jarville<strong> ! <\/strong><\/span><\/p>\n<p><span style=\"color: #000000;\"><strong><span style=\"text-decoration: underline;\"><span>Conf\u00e9rence sur la chapelle du ch\u00e2teau de Montaigu. R\u00e9servez cette date ! :<\/span><\/span><br \/><\/strong><strong>Le samedi 15 octobre \u00e0 16h \u00e0 Jarville<\/strong> conf\u00e9rence sur la chapelle de Montaigu du XVII<sup>\u00e8me<\/sup> si\u00e8cle \u00e0 nos jours\u00a0: contexte historique et religieux, une chapelle au pass\u00e9 riche et passionnant\u00a0!! Propos\u00e9e par l\u2019association du <em>Sacr\u00e9 c\u0153ur de Jarville<\/em> qui aide au financement des locaux paroissiaux. <em>Participation libre<\/em>.<\/span><\/p>\n<p><span style=\"color: #000000;\"><span style=\"text-decoration: underline;\"><strong>Demande pour la paroisse Saint-Fran\u00e7ois-de-Sales\u00a0:<br \/><\/strong><\/span>Nous recherchons une personne comp\u00e9tente pour la comptabilit\u00e9 de la paroisse Saint-Fran\u00e7ois-de-Sales, une personne pour conduire les c\u00e9l\u00e9brations d\u2019obs\u00e8ques, une personne pour mettre \u00e0 jour r\u00e9guli\u00e8rement le site internet du secteur.<\/span><\/p>\n<p><span style=\"color: #000000;\"><span style=\"text-decoration: underline;\"><strong>Journ\u00e9es Mondiales de la Jeunesse JMJ :\u00a0<br \/><\/strong><\/span>Les JMJ de Lisbonne auront lieu dans un peu moins d&rsquo;un an maintenant.<\/span><br \/><span style=\"color: #000000;\">Le dioc\u00e8se va r\u00e9aliser de nombreuses actions afin de faire diminuer le co\u00fbt du voyage.\u00a0<\/span><br \/><span style=\"color: #000000;\">Sur tout le dioc\u00e8se sont en train de se former des groupes de pr\u00e9paration aux JMJ. <strong>Alors si tu veux prendre part \u00e0 cette pr\u00e9paration des JMJ et \u00e0 leur financement, je t\u2019invite \u00e0 une petite r\u00e9union de pr\u00e9sentation pr\u00e9vue le jeudi 20 octobre \u00e0\u00a019h \u00e0\u00a0Jarville. Cette r\u00e9union est ouverte \u00e0 toute personne int\u00e9ress\u00e9e par ce p\u00e8lerinage et qui souhaite s\u2019investir dans le groupe Nany-Sud. <\/strong>Vous pouvez contacter Louise Thiriet \u00e0 l\u2019adresse mail suivante\u00a0: <a style=\"color: #000000;\" href=\"mailto:louise.thiriet@hotmail.fr\">louise.thiriet@hotmail.fr<\/a> ou au 07 88 34 81 91.<\/span><\/p>\n<p><span style=\"color: #000000;\"><strong><span style=\"text-decoration: underline;\">Pri\u00e8re du Rosaire :\u00a0<\/span><br \/><\/strong><strong>Tous les lundis d\u2019octobre, \u00e0 17h \u00e0 la crypte de l\u2019\u00e9glise de Jarville<\/strong>, pri\u00e8re du rosaire anim\u00e9e par les \u00e9quipes de Jarville et Fl\u00e9ville.<\/span><\/p>\n<p><span style=\"color: #000000;\"><span style=\"text-decoration: underline;\"><strong>Soir\u00e9e chants et louange du 2<sup>\u00e8me<\/sup> vendredi du mois :<br \/><\/strong><\/span><strong>Vendredi 14 octobre, \u00e0 20h30 \u00e0 21h30<\/strong>, dans la crypte \u00e0 Jarville, veill\u00e9e de chants<strong>.<\/strong><\/span><\/p>\n<p><span style=\"color: #000000;\"><span style=\"text-decoration: underline;\"><strong>R\u00e9union de pr\u00e9paration pour le p\u00e8lerinage de notre secteur du 17 au 20 avril 2023\u00a0:<br \/><\/strong><\/span><strong>Mercredi 12 octobre, \u00e0 20h30<\/strong> \u00e0 Ludres, se r\u00e9unit le groupe de pr\u00e9paration du p\u00e8lerinage sur les pas de Saint-Fran\u00e7ois-de-Sales et Sainte-Jeanne-de-Chantal. Nous vous tiendrons bient\u00f4t inform\u00e9s.<\/span><\/p>\n<p><span style=\"color: #000000;\">\u00a0<strong><span style=\"text-decoration: underline;\">Partage d\u2019\u00c9vangile :<\/span><br \/><\/strong><strong>Lundi 17 octobre \u00e0 Ludres, \u00e0 18h30, <\/strong>partage de l\u2019\u00e9vangile du 30<sup>\u00e8me<\/sup> dimanche ordinaire.<\/span><br \/><span style=\"color: #000000;\"><strong>Lundi 24 octobre \u00e0 Jarville, \u00e0 14h, <\/strong>partage de l\u2019\u00e9vangile du 31<sup>\u00e8me<\/sup> dimanche ordinaire.<\/span><\/p>\n<p><span style=\"color: #000000;\"><strong><span style=\"text-decoration: underline;\">Horaires des messes dominicales des 15 et 16 octobre :<\/span><br \/><\/strong><strong>Samedi 15 octobre\u00a0: 18h <\/strong>Chaligny<strong>\u00a0\u00a0\u00a0\u00a0\u00a0\u00a0\u00a0\u00a0\u00a0\u00a0\u00a0\u00a0\u00a0\u00a0\u00a0\u00a0\u00a0\u00a0\u00a0\u00a0\u00a0\u00a0\u00a0\u00a0\u00a0\u00a0\u00a0\u00a0\u00a0\u00a0\u00a0\u00a0\u00a0\u00a0\u00a0\u00a0\u00a0\u00a0\u00a0\u00a0\u00a0\u00a0 18h30 <\/strong>Heillecourt et Laneuveville<\/span><br \/><span style=\"color: #000000;\"><strong>Dimanche 16 octobre : 10h <\/strong>Pulligny\u00a0\u00a0\u00a0\u00a0 <strong>\u00a0\u00a0\u00a0\u00a0\u00a0\u00a0\u00a0\u00a010h30 <\/strong>Jarville et Neuves-Maisons\u00a0\u00a0 <strong>\u00a0\u00a0\u00a0\u00a0\u00a0\u00a0\u00a0\u00a011h <\/strong>Ludres<\/span><\/p>\n<p><span style=\"color: #000000;\"><strong>\u00a0<\/strong><span style=\"text-decoration: underline;\"><strong>Autres annonces :\u00a0<br \/><\/strong><\/span><strong>Les mardis de la formation\u00a0: comment la Bible fut \u00e9crite\u00a0?<br \/><\/strong><strong>Mardi 11 octobre, de 20h30 \u00e0 22h<\/strong>, salle Saint-Vincent-de-Paul sous l\u2019\u00e9glise Saint-Pierre de Nancy, rue Lionnois, le service de formation du dioc\u00e8se nous fait d\u00e9couvrir la mise \u00e0 l&rsquo;\u00e9crit de la Parole de Dieu, conf\u00e9rence par le p\u00e8re Jacques Bombardier. Ensuite, les mardis 8 novembre, 6 d\u00e9cembre, 17 janvier, 7 f\u00e9vrier, 7 mars.<\/span><\/p>\n<p><span style=\"color: #000000;\"><strong><span style=\"text-decoration: underline;\">Formation continue de la foi\u00a0<\/span>:<br \/><\/strong><strong>\u00ab\u00a0Aujourd\u2019hui comme hier, Esp\u00e9rons contre toute Esp\u00e9rance<\/strong>\u00a0\u00bb<\/span><br \/><span style=\"color: #000000;\"><strong>Mardi<\/strong> <strong>11 octobre 2022 au domaine de l\u2019Asn\u00e9\u00e9, <\/strong>soit de 14h30 \u00e0 16h, soit le soir de 20h30 \u00e0 22h,<\/span><br \/><span style=\"color: #000000;\">Conf\u00e9rence par le fr\u00e8re Fran\u00e7ois-Dominique Charles, fr\u00e8re dominicain du couvent de Nancy, m\u00e9decin, th\u00e9ologien et bibliste <strong>: \u00ab\u00a0de Josias \u00e0 J\u00e9sus <\/strong><em>Naissance de l\u2019Esp\u00e9rance messianique\u00a0\u00bb<\/em>. (<em>Participation financi\u00e8re libre<\/em>).<\/span><\/p>\n<p><span style=\"color: #000000;\"><span style=\"text-decoration: underline;\"><strong>\u00ab La Nation, une ressource d\u2019avenir \u00bb :\u00a0<br \/><\/strong><\/span>L\u2019espace ADA (Animation, D\u00e9bat, Actualit\u00e9) propose une s\u00e9rie de conf\u00e9rences sur le th\u00e8me transversale de l\u2019identit\u00e9 qu\u2019elle soit singuli\u00e8re, collective, nationale, europ\u00e9enne.<\/span><br \/><span style=\"color: #000000;\"><strong>Jeudi 13 octobre \u00e0 20h30<\/strong>, au domaine de l\u2019Asn\u00e9e, \u00e0 Villers-l\u00e8s-Nancy, conf\u00e9rence par Bernard Bourdin, professeur de philosophie \u00e0 l\u2019institut catholique de Paris. Bernard Bourdin pr\u00e9sente <strong>la nation comme une ressource d&rsquo;avenir<\/strong> pour r\u00e9pondre \u00e0 ces d\u00e9fis et d\u00e9fend la th\u00e8se que son renouvellement, dans une approche conf\u00e9d\u00e9rale et non\u00a0f\u00e9d\u00e9raliste de l&rsquo;Union europ\u00e9enne, peut fournir les cl\u00e9s qui permettront\u00a0aux nations europ\u00e9ennes de traverser les bouleversements du monde\u00a0pour rester dans l&rsquo;Histoire.<\/span><\/p>\n<p><span style=\"color: #000000;\"><strong><span style=\"text-decoration: underline;\">Parler pour que les enfants\/ados \u00e9coutent- Ecouter pour que les enfants\/ados parlent :<\/span><br \/><\/strong>L\u2019AFC de Nancy propose l\u2019Atelier <em>Faber et Mazlish<\/em> aux adultes en relation avec des enfants ou adolescents\u00a0: parents, grands-parents, professionnels, b\u00e9n\u00e9voles. \u00a0<em>Contact <\/em>07 67 05 27 87 \u00a0\u00a0<\/span><\/p>\n<p><span style=\"color: #000000;\"><strong><span style=\"text-decoration: underline;\">Cana Welcome, un parcours pour faire grandir son couple :<\/span><br \/><\/strong>Un parcours sur un an pour <strong>les couples<\/strong>\u00a0: 9 soir\u00e9es mensuelles sur des sujets concrets de la vie de couple et d\u2019un WE qui peut \u00eatre v\u00e9cu avec les enfants. Contacts\u00a0: Arnaud Trohel 06 64 18 85 37 &#8211; C\u00e9cile Trohel\u00a0:\u00a0 06 01 75 04 25<\/span><\/p>\n<p><span style=\"color: #000000;\"><span style=\"text-decoration: underline;\"><strong>\u00a0<\/strong><strong>Formations dioc\u00e9saines 2022\/23<\/strong><\/span><strong>\u00a0: <\/strong>Des brochures sont \u00e0 disposition au fond de l\u2019\u00e9glise ainsi que le guide pour la vie spirituelle et ses nombreuses propositions pour l\u2019ann\u00e9e \u00e0 venir.\u00a0<\/span><\/p>\n","protected":false},"excerpt":{"rendered":"<p>Mariage : Ce samedi 8 octobre, se sont mari\u00e9s Cl\u00e9mentine Potrel et Nicolas Scheid \u00e0 Port-Louis (Morbihan). Prions pour ce jeune couple. Pr\u00e9paration \u00e0 la Confirmation :\u00a0Le samedi 15 octobre, \u00e0 13h45 \u00e0 Sainte-Th\u00e9r\u00e8se de Villers, des jeunes de 4-3\u00e8mes de Nancy-Sud commencent la pr\u00e9paration \u00e0 la Confirmation (pr\u00e9vue en octobre 2023). Prendre contact avec&hellip; <br \/> <a class=\"read-more\" href=\"https:\/\/paroisses-nancy-sud.fr\/HOME\/annonces-de-saint-francois-de-sales-et-sainte-jeanne-de-chantal-du-9-octobre\/\">Lire la suite<\/a><\/p>\n","protected":false},"author":5,"featured_media":553,"comment_status":"closed","ping_status":"open","sticky":false,"template":"","format":"standard","meta":[],"categories":[7],"tags":[],"acf":[],"_links":{"self":[{"href":"https:\/\/paroisses-nancy-sud.fr\/HOME\/wp-json\/wp\/v2\/posts\/2507"}],"collection":[{"href":"https:\/\/paroisses-nancy-sud.fr\/HOME\/wp-json\/wp\/v2\/posts"}],"about":[{"href":"https:\/\/paroisses-nancy-sud.fr\/HOME\/wp-json\/wp\/v2\/types\/post"}],"author":[{"embeddable":true,"href":"https:\/\/paroisses-nancy-sud.fr\/HOME\/wp-json\/wp\/v2\/users\/5"}],"replies":[{"embeddable":true,"href":"https:\/\/paroisses-nancy-sud.fr\/HOME\/wp-json\/wp\/v2\/comments?post=2507"}],"version-history":[{"count":4,"href":"https:\/\/paroisses-nancy-sud.fr\/HOME\/wp-json\/wp\/v2\/posts\/2507\/revisions"}],"predecessor-version":[{"id":2511,"href":"https:\/\/paroisses-nancy-sud.fr\/HOME\/wp-json\/wp\/v2\/posts\/2507\/revisions\/2511"}],"wp:featuredmedia":[{"embeddable":true,"href":"https:\/\/paroisses-nancy-sud.fr\/HOME\/wp-json\/wp\/v2\/media\/553"}],"wp:attachment":[{"href":"https:\/\/paroisses-nancy-sud.fr\/HOME\/wp-json\/wp\/v2\/media?parent=2507"}],"wp:term":[{"taxonomy":"category","embeddable":true,"href":"https:\/\/paroisses-nancy-sud.fr\/HOME\/wp-json\/wp\/v2\/categories?post=2507"},{"taxonomy":"post_tag","embeddable":true,"href":"https:\/\/paroisses-nancy-sud.fr\/HOME\/wp-json\/wp\/v2\/tags?post=2507"}],"curies":[{"name":"wp","href":"https:\/\/api.w.org\/{rel}","templated":true}]}}