{"id":2518,"date":"2022-10-15T19:23:27","date_gmt":"2022-10-15T17:23:27","guid":{"rendered":"https:\/\/paroisses-nancy-sud.fr\/HOME\/?p=2518"},"modified":"2022-10-15T19:23:27","modified_gmt":"2022-10-15T17:23:27","slug":"annonces-de-la-visitation-du-16-octobre","status":"publish","type":"post","link":"https:\/\/paroisses-nancy-sud.fr\/HOME\/annonces-de-la-visitation-du-16-octobre\/","title":{"rendered":"Annonces de la Visitation du 16 octobre"},"content":{"rendered":"\n<p><span style=\"color: #000000;\"><strong><u>Lecture suivie de la Bible.<\/u><\/strong> Parcours biblique sur les onze premiers chapitres du livre de la Gen\u00e8se qui se d\u00e9roulera sur l\u2019ann\u00e9e 2022-2023. Premi\u00e8re rencontre, le mercredi 19 octobre de 14h00 \u00e0 16h00, en deux groupes, dans les salles paroissiales du RDC \u00e0 Neuves-Maisons.<\/span><br \/><span style=\"color: #000000;\">Les nouveaux participants seront accueillis avec joie !<\/span><\/p>\n<p><span style=\"color: #000000;\"><strong><u>R\u00e9union CEP,<\/u><\/strong> le lundi 17 octobre \u00e0 17h00<\/span><\/p>\n<p><span style=\"color: #000000;\"><strong><u>R\u00e9union EAP,<\/u><\/strong> le mardi 18 octobre \u00e0 18h00<\/span><\/p>\n<p><span style=\"color: #000000;\"><strong><u>Pr\u00e9paration \u00e0 la Confirmation<\/u><\/strong><strong> :\u00a0<\/strong><strong>Le samedi 15 octobre, \u00e0 13h45 \u00e0 Sainte-Th\u00e9r\u00e9se de Villers, des jeunes de 4-3<sup>\u00e8mes\u00a0<\/sup>de Nancy-Sud\u00a0<\/strong>commencent la pr\u00e9paration \u00e0 la Confirmation qui est pr\u00e9vue en octobre 2023. Prendre contact avec le p\u00e8re Alexandre-Marie au 07 71 03 96 97.<\/span><\/p>\n<p><span style=\"color: #000000;\"><strong><u>Rentr\u00e9e et inscriptions au cat\u00e9chisme :\u00a0<br \/><\/u><\/strong>&#8211; Groupe d\u2019\u00e9veil \u00e0 la foi \u00e0 Neuves-Maisons pour les petits de 4 \u00e0 6 ans avec 4 rencontres sur l\u2019ann\u00e9e.<\/span><br \/><span style=\"color: #000000;\">&#8211; Pour les CE1, \u00e9veil \u00e0 la foi avec Mme Martine Ferlet.<\/span><br \/><span style=\"color: #000000;\">Renseignements \u00e0 la permanence ou par mail \u00e0\u00a0\u00a0 <a style=\"color: #000000;\" href=\"mailto:visitationmm@orange.fr\"><strong>visitationmm@orange.fr<\/strong><\/a><\/span><br \/><span style=\"color: #000000;\">&#8211; \u00c0 partir du CE2, les enfants d\u00e9butent la cat\u00e9ch\u00e8se :\u00a0L\u2019inscription se fait \u00e0 l\u2019aide d\u2019un formulaire disponible \u00e0 la maison paroissiale aux jours de permanence ou par internet \u00e0 <strong><a style=\"color: #000000;\" href=\"mailto:cate@paroisses-nancy-sud.fr\">cate@paroisses-nancy-sud.fr<\/a> .<br \/><\/strong><span style=\"font-size: revert;\">Vous serez ensuite contact\u00e9s par un(e) cat\u00e9chiste.\u00a0<br \/><\/span><em><u>Contacts<\/u><\/em>: cate@paroisses-nancy-sud.fr ou p\u00e8re Raj au 07 51 49 97 63. Voir la revue \u2018\u2019Passerelle\u2019\u2019<\/span><\/p>\n<p><span style=\"color: #000000;\"><strong><u>Futurs mandat\u00e9s fun\u00e9railles<\/u><\/strong>, nous avons besoin de personnes qui s\u2019engagent pour accompagner les personnes endeuill\u00e9es et conduire les fun\u00e9railles, trois dates \u00e0 retenir pour la formation leur sont propos\u00e9es\u00a0: les lundis 14\/11, 12\/12 et 16\/01. <em>Correspondant\u00a0: Alain Colotte 06 79 02 86 81.<br \/><\/em>Bulletins d\u2019inscription \u00e0 la maison paroissiale.<\/span><\/p>\n<p><span style=\"color: #000000;\"><strong><u>Dimanche 23 octobre<\/u><\/strong> <strong><u>\u00e0 15h30.<\/u><\/strong> Concert propos\u00e9 par l\u2019association \u00ab\u00a0Renaissance\u00a0\u00bb qui \u0153uvre pour la r\u00e9fection de l\u2019\u00e9glise Saint Julien de Brioude de Pont-Saint-Vincent,\u00a0\u00ab\u00a0\u00c0 la rencontre des mondes\u00a0\u00bb, voix, piano, percussions autour de po\u00e8mes, pri\u00e8res et textes bibliques. Entr\u00e9e libre.<\/span><\/p>\n<p><span style=\"color: #000000;\"><strong><u>Messes \u00e0 la Visitation\u00a0<\/u><\/strong><strong>:<br \/><\/strong><span style=\"font-size: revert;\">Samedi 22 octobre \u00e0 18h00\u00a0: M\u00e9r\u00e9ville<br \/><\/span>Dimanche 23 octobre \u00e0 10h30\u00a0: Neuves-Maisons<\/span><\/p>\n<p><span style=\"color: #000000;\"><strong><u>Messes en semaine\u00a0:<br \/><\/u><\/strong>Mardi \u00e0 17h et vendredi \u00e0 11h\u00a0: chapelle de semaine \u00e0 Neuves-Maisons<\/span><br \/><span style=\"color: #000000;\"><em>Adoration le vendredi \u00e0 10h \u00e0 la chapelle de semaine de Neuves-Maisons<br \/><\/em>Jeudi \u00e0 8h30 chez les s\u0153urs \u00e0 Bainville, 67 rue Jacques Callot<\/span><\/p>\n<p><span style=\"color: #000000;\"><u>Permanences \u00e0 la maison paroissiale :<\/u> <\/span><br \/><span style=\"color: #000000;\">Mardi de 14h \u00e0 16h30 et Samedi de 9h30 \u00e0 11h30<\/span><br \/><span style=\"color: #000000;\">tel : 03 83 47 25 54 \u2013 <em><strong>adresse mail<\/strong><\/em><strong> : <\/strong><a style=\"color: #000000;\" href=\"mailto:visitationmm@orange.fr\">visitationmm@orange.fr<\/a>\u00a0 <\/span><br \/><span style=\"color: #000000;\">Horaires des messes :\u00a0 <a style=\"color: #000000;\" href=\"https:\/\/messes.info\/\">messesinfo<\/a><em> (cliquer sur le lien)<\/em><\/span><\/p>\n","protected":false},"excerpt":{"rendered":"<p>Lecture suivie de la Bible. Parcours biblique sur les onze premiers chapitres du livre de la Gen\u00e8se qui se d\u00e9roulera sur l\u2019ann\u00e9e 2022-2023. Premi\u00e8re rencontre, le mercredi 19 octobre de 14h00 \u00e0 16h00, en deux groupes, dans les salles paroissiales du RDC \u00e0 Neuves-Maisons.Les nouveaux participants seront accueillis avec joie ! R\u00e9union CEP, le lundi&hellip; <br \/> <a class=\"read-more\" href=\"https:\/\/paroisses-nancy-sud.fr\/HOME\/annonces-de-la-visitation-du-16-octobre\/\">Lire la suite<\/a><\/p>\n","protected":false},"author":5,"featured_media":472,"comment_status":"closed","ping_status":"open","sticky":false,"template":"","format":"standard","meta":[],"categories":[10],"tags":[],"acf":[],"_links":{"self":[{"href":"https:\/\/paroisses-nancy-sud.fr\/HOME\/wp-json\/wp\/v2\/posts\/2518"}],"collection":[{"href":"https:\/\/paroisses-nancy-sud.fr\/HOME\/wp-json\/wp\/v2\/posts"}],"about":[{"href":"https:\/\/paroisses-nancy-sud.fr\/HOME\/wp-json\/wp\/v2\/types\/post"}],"author":[{"embeddable":true,"href":"https:\/\/paroisses-nancy-sud.fr\/HOME\/wp-json\/wp\/v2\/users\/5"}],"replies":[{"embeddable":true,"href":"https:\/\/paroisses-nancy-sud.fr\/HOME\/wp-json\/wp\/v2\/comments?post=2518"}],"version-history":[{"count":2,"href":"https:\/\/paroisses-nancy-sud.fr\/HOME\/wp-json\/wp\/v2\/posts\/2518\/revisions"}],"predecessor-version":[{"id":2520,"href":"https:\/\/paroisses-nancy-sud.fr\/HOME\/wp-json\/wp\/v2\/posts\/2518\/revisions\/2520"}],"wp:featuredmedia":[{"embeddable":true,"href":"https:\/\/paroisses-nancy-sud.fr\/HOME\/wp-json\/wp\/v2\/media\/472"}],"wp:attachment":[{"href":"https:\/\/paroisses-nancy-sud.fr\/HOME\/wp-json\/wp\/v2\/media?parent=2518"}],"wp:term":[{"taxonomy":"category","embeddable":true,"href":"https:\/\/paroisses-nancy-sud.fr\/HOME\/wp-json\/wp\/v2\/categories?post=2518"},{"taxonomy":"post_tag","embeddable":true,"href":"https:\/\/paroisses-nancy-sud.fr\/HOME\/wp-json\/wp\/v2\/tags?post=2518"}],"curies":[{"name":"wp","href":"https:\/\/api.w.org\/{rel}","templated":true}]}}