{"id":2521,"date":"2022-10-15T19:49:26","date_gmt":"2022-10-15T17:49:26","guid":{"rendered":"https:\/\/paroisses-nancy-sud.fr\/HOME\/?p=2521"},"modified":"2022-10-15T19:49:26","modified_gmt":"2022-10-15T17:49:26","slug":"annonces-de-saint-francois-de-sales-et-sainte-jeanne-de-chantal-du-16-octobre","status":"publish","type":"post","link":"https:\/\/paroisses-nancy-sud.fr\/HOME\/annonces-de-saint-francois-de-sales-et-sainte-jeanne-de-chantal-du-16-octobre\/","title":{"rendered":"Annonces de Saint-Fran\u00e7ois-de-Sales et Sainte-Jeanne-de-Chantal du 16 octobre"},"content":{"rendered":"\n\n\n<p><span style=\"color: #000000;\"><strong><span style=\"text-decoration: underline;\">Demande pour la paroisse Saint-Fran\u00e7ois-de-Sales :\u00a0<\/span><br \/><\/strong>Nous recherchons une personne comp\u00e9tente pour la comptabilit\u00e9 de la paroisse Saint-Fran\u00e7ois-de-Sales, une personne pour conduire les c\u00e9l\u00e9brations d\u2019obs\u00e8ques, une personne pour mettre \u00e0 jour r\u00e9guli\u00e8rement le site internet du secteur.<\/span><\/p>\n<p><span style=\"color: #000000;\"><strong><span style=\"text-decoration: underline;\">Journ\u00e9es Mondiales de la Jeunesse JMJ :<\/span><br \/><\/strong>Les\u00a0JMJ de Lisbonne auront lieu dans un peu moins d&rsquo;un an maintenant. Le dioc\u00e8se va r\u00e9aliser de nombreuses actions afin de faire diminuer le co\u00fbt du voyage.<\/span><br \/><span style=\"color: #000000;\">Sur tout le dioc\u00e8se sont en train de se former des groupes de pr\u00e9paration aux JMJ.<\/span><br \/><span style=\"color: #000000;\"><strong>Alors si tu veux prendre part \u00e0 cette pr\u00e9paration des JMJ et \u00e0 leur financement, je t\u2019invite \u00e0 une r\u00e9union de pr\u00e9sentation pr\u00e9vue le jeudi 20 octobre \u00e0\u00a019h \u00e0\u00a0Jarville. Cette r\u00e9union est ouverte \u00e0 toute personne int\u00e9ress\u00e9e par ce p\u00e8lerinage et qui souhaite s\u2019investir dans le groupe Nancy-Sud. <\/strong>Vous pouvez contacter Louise Thiriet \u00e0 l\u2019adresse mail suivante\u00a0: <a style=\"color: #000000;\" href=\"mailto:louise.thiriet@hotmail.fr\">louise.thiriet@hotmail.fr<\/a> ou au 07 88 34 81 91.<\/span><\/p>\n<p><span style=\"color: #000000;\"><strong><span style=\"text-decoration: underline;\">Pri\u00e8re du Rosaire :\u00a0<\/span><br \/><\/strong><strong>Tous les lundis d\u2019octobre, \u00e0 17h \u00e0 la crypte de l\u2019\u00e9glise de Jarville<\/strong>, pri\u00e8re du rosaire avec les \u00e9quipes de Jarville et Fl\u00e9ville.<\/span><\/p>\n<p><span style=\"color: #000000;\"><strong><span style=\"text-decoration: underline;\">P\u00e8lerinage \u00e0 Annecy\u00a0 :<\/span><br \/><\/strong><strong>\u2018\u2019Sur les pas de Saint Fran\u00e7ois de Sales et de Sainte Jeanne de Chantal, fondateurs de la Visitation<\/strong>.\u2019\u2019 <strong>Du\u00a0 lundi 17 avril au jeudi 20 avril 2022.<br \/><\/strong>La pr\u00e9paration de notre p\u00e8lerinage avance bien. L\u2019h\u00e9bergement et le bus sont d\u00e9j\u00e0 r\u00e9serv\u00e9s. Visites, paysages de montagne, lacs d\u2019Annecy et du L\u00e9man \u2026<\/span><br \/><span style=\"color: #000000;\">R\u00e9servez d\u00e8s \u00e0 pr\u00e9sent vos dates. Une pr\u00e9inscription avec acompte sera propos\u00e9e \u00e0 partir de d\u00e9but novembre.<\/span><\/p>\n<p><span style=\"color: #000000;\"><strong><span style=\"text-decoration: underline;\">Partage d\u2019\u00c9vangile :\u00a0<\/span><br \/><\/strong><strong>Lundi 17 octobre \u00e0 Ludres, \u00e0 18h30, <\/strong>partage de l\u2019\u00e9vangile du 30<sup>\u00e8me<\/sup> dimanche ordinaire.<\/span><br \/><span style=\"color: #000000;\"><strong>Mardi 18 octobre \u00e0 Richardm\u00e9nil \u00e0 18h<\/strong>, c\u00e9l\u00e9bration de la Parole (absence de pr\u00eatre)\u00a0\u00a0<\/span><br \/><span style=\"color: #000000;\"><strong>Lundi 24 octobre \u00e0 Jarville, \u00e0 14h, <\/strong>partage de l\u2019\u00e9vangile du 31<sup>\u00e8me<\/sup> dimanche ordinaire.<\/span><\/p>\n<p><span style=\"color: #000000;\"><span style=\"text-decoration: underline;\"><strong>Semaine Missionnaire <\/strong><strong>du 16 au 23 octobre 2022 <\/strong><strong>\u00ab\u00a0Vous serez mes t\u00e9moins\u00bb <\/strong><\/span><strong><span style=\"text-decoration: underline;\">Ac1,8 :<\/span><br \/><\/strong><strong>L\u2019identit\u00e9 de l\u2019\u00c9glise est d\u2019\u00e9vang\u00e9liser. <\/strong><em><strong>Pape Fran\u00e7ois<br \/><\/strong><\/em>\u00a0L\u2019\u00c9glise catholique c\u00e9l\u00e8bre chaque ann\u00e9e un<strong>\u00a0temps fort d\u00e9di\u00e9 \u00e0 la Mission au mois d\u2019octobre.\u00a0<\/strong>Elle se conclura <strong>le dimanche 23 octobre<\/strong>, par la \u00ab\u00a0Journ\u00e9e missionnaire mondiale\u00a0\u00bb f\u00eat\u00e9e par toutes les \u00c9glises du monde ! Le pape Fran\u00e7ois nous exhorte \u00e0 r\u00e9pondre \u00e0 notre appel missionnaire re\u00e7u lors de notre bapt\u00eame\u00a0: <em>\u2018\u2019Tout baptis\u00e9 est appel\u00e9 \u00e0 la mission dans l\u2019Eglise et par mandat de l\u2019Eglise\u2019\u2019! <\/em>\u00c0 cette occasion, la qu\u00eate habituelle du dimanche 23 sera destin\u00e9e pour les missions dans toutes les paroisses du dioc\u00e8se. La qu\u00eate est un t\u00e9moignage de communion spirituelle et mat\u00e9rielle dans l\u2019Eglise.\u00a0\u00a0\u00a0<\/span><\/p>\n<p><span style=\"color: #000000;\"><strong><span style=\"text-decoration: underline;\">Rentr\u00e9e du \u2018\u2019Ch\u0153ur d\u2019hommes de Nancy\u2019\u2019 :\u00a0<\/span><br \/><\/strong>Le Ch\u0153ur d&rsquo;Hommes de Nancy vient d&rsquo;effectuer sa rentr\u00e9e. Pour \u00e9toffer et renouveler son effectif, il recrute des hommes jeunes et moins jeunes. Les r\u00e9p\u00e9titions ont lieu chaque jeudi soir de 20h15 \u00e0 22h00 dans une salle paroissiale de Jarville.\u00a0<\/span><br \/><span style=\"color: #000000;\">Pour de plus amples enseignements consulter notre site : <a style=\"color: #000000;\" href=\"http:\/\/choeurdhommes.fr\/\">http:\/\/choeurdhommes.fr<\/a><\/span><br \/><span style=\"color: #000000;\">Pour nous contacter par courriel : <a style=\"color: #000000;\" href=\"mailto:nouscontacter@choeurdhommes.fr\">nouscontacter@choeurdhommes.fr<span style=\"text-decoration: underline;\"> \u00a0<\/span><\/a>Par t\u00e9l\u00e9phone : 03 83 45 30 28 ou 06 65 16 43 63 (chef de ch\u0153ur)<\/span><\/p>\n<p><span style=\"color: #000000;\"><strong><span style=\"text-decoration: underline;\">Horaires des messes dominicales des 22 et 23 octobre<\/span> :\u00a0<br \/><\/strong><strong>Samedi 22 octobre\u00a0: 18h <\/strong>M\u00e9r\u00e9ville<strong>\u00a0\u00a0\u00a0\u00a0\u00a0\u00a0\u00a0\u00a0\u00a0\u00a0\u00a0\u00a0\u00a0\u00a0\u00a0\u00a0\u00a0\u00a0\u00a0\u00a0\u00a0\u00a0\u00a0\u00a0\u00a0\u00a0\u00a0\u00a0\u00a0\u00a0\u00a0\u00a0\u00a0\u00a0\u00a0\u00a0\u00a0\u00a0\u00a0 18h30 <\/strong>Heillecourt et Laneuveville<\/span><br \/><span style=\"color: #000000;\"><strong>Dimanche 23 octobre : 10h <\/strong>Fl\u00e9ville, Flavigny\u00a0\u00a0 \u00a0\u00a0\u00a0\u00a0\u00a0\u00a0\u00a0\u00a0\u00a0\u00a0\u00a0\u00a0\u00a0\u00a0\u00a0\u00a0<strong>\u00a0\u00a0\u00a0\u00a010h30 <\/strong>Jarville et Neuves-Maisons\u00a0\u00a0 <strong><span style=\"color: #000000;\">\u00a0<\/span>\u00a0\u00a0\u00a0\u00a0\u00a0\u00a0<\/strong><\/span><\/p>\n<p><span style=\"color: #000000;\"><strong><span style=\"text-decoration: underline;\">\u00a0Autres annonces :\u00a0<\/span><br \/><\/strong>\u00a0&#8211; Messe de la f\u00eate de Saint Luc :\u00a0<strong>Le 19 octobre 2022\u00a0\u00e0 17h30<\/strong> \u00c9glise de la Vierge des Pauvres du Haut du Li\u00e8vre.\u00a0Le service de la\u00a0<a style=\"color: #000000;\" href=\"https:\/\/www.catholique-nancy.fr\/sites\/pastorale-de-la-sante\/\">Pastorale de la Sant\u00e9<\/a>\u00a0du dioc\u00e8se invite m\u00e9decins, personnel hospitalier, personnel soignant, aum\u00f4nerie catholique, aum\u00f4nerie protestante, visiteurs du service \u00e9vang\u00e9lique pour les malades (SEM) ou visiteurs de l\u2019aum\u00f4nerie \u00e0 domicile, accompagnateurs de la pastorale des personnes handicap\u00e9es (PPH) et les personnes en situation de handicap \u00e0 venir c\u00e9l\u00e9brer la\u00a0<strong>messe de la Saint Luc, saint patron des m\u00e9decins et des professionnels de sant\u00e9. <\/strong>Cette messe sera pr\u00e9sid\u00e9e par Monseigneur Papin, \u00e9v\u00eaque de Nancy et de Toul, le <strong>mercredi 19 octobre \u00e0 17h30 en l\u2019\u00e9glise de la Vierge des Pauvres du Haut du Li\u00e8vre<\/strong>. Un verre de l\u2019amiti\u00e9 sera propos\u00e9 \u00e0 l\u2019issue de la c\u00e9l\u00e9bration.<\/span><\/p>\n<p><span style=\"color: #000000;\"><span style=\"text-decoration: underline;\"><strong>\u00a0<\/strong><strong>Journ\u00e9e dioc\u00e9saine Terres d\u2019Esp\u00e9rance<\/strong>\u00a0; <\/span><strong><span style=\"text-decoration: underline;\">Le 22 octobre 2022 de 09h30 \u00e0 12h30<\/span> :\u00a0<br \/><\/strong>Maison dioc\u00e9saine &#8211; Domaine de l&rsquo;Asn\u00e9e &#8211; Villers-l\u00e8s-Nancy.<\/span><br \/><span style=\"color: #000000;\">Une\u00a0<strong>rencontre nationale pour les dioc\u00e8ses ruraux de France\u00a0<\/strong>qui s\u2019est tenu en avril 2022. Au cours de ces journ\u00e9es de rencontre, des ateliers ont eu lieu, faisant remonter l\u2019ensemble des initiatives n\u00e9es de la r\u00e9alit\u00e9 du monde rural. Une d\u00e9l\u00e9gation du dioc\u00e8se de Nancy-Toul a particip\u00e9 \u00e0 ces rencontres et souhaite d\u00e9sormais partager les graines qu\u2019elle y a r\u00e9colt\u00e9es.<\/span><br \/><span style=\"color: #000000;\">C\u2019est dans cette optique que le\u00a0dioc\u00e8se de Nancy et Toul et\u00a0le\u00a0<a style=\"color: #000000;\" href=\"https:\/\/www.mrjc.org\/sections-regionales\/mrjc-grand-est\/\">Mouvement rural de la jeunesse chr\u00e9tienne<\/a>\u00a0organisent la <strong>journ\u00e9e dioc\u00e9saine\u00a0Terres d\u2019Esp\u00e9rance<\/strong>\u00a0sur le th\u00e8me <strong>\u00ab\u00a0Q<em>uel avenir pour l\u2019\u00c9glise en rural ?<\/em>\u00a0:<\/strong> Pr\u00e9sentation d\u2019intuitions et d\u2019initiatives de l\u2019\u00c9glise en milieu rural dans le dioc\u00e8se et ailleurs ; \u00c9changes et conclusion.<\/span><\/p>\n<p><span style=\"color: #000000;\"><span style=\"text-decoration: underline;\"><strong>Proposition de voyages<\/strong><strong> :<br \/><\/strong><\/span>Sorties en autocar PMR\u00a0 au d\u00e9part de Laneuveville organis\u00e9es par les \u00ab\u00a0Voyageurs chr\u00e9tiens\u00a0\u00bb, ouvertes \u00e0 tous :<\/span><br \/><span style=\"color: #000000;\">\u00a0 \u00a0 \u00a0 Mercredi 26 octobre: Turckheim et sanctuaire marial de Thierenbach<br \/>\u00a0 \u00a0 \u00a0 Samedi 10 d\u00e9cembre: Visite de Domremy et son et lumi\u00e8re sur la vie de Saint Nicolas<br \/>\u00a0 \u00a0 \u00a0 P\u00e8lerinage sur les pas de Saint Jean XXIII (Bergame, Milan&#8230;) report\u00e9 en avril 2024.<br \/>Inscriptions et r\u00e8glements d\u00e8s maintenant : Madame CHAMBON et Jean-Fran\u00e7ois 03 83 56 34 31<\/span><\/p>\n<p><span style=\"color: #000000;\"><strong><span style=\"text-decoration: underline;\">Un an apr\u00e8s le rapport de la CIASE<\/span> :\u00a0<br \/><\/strong>Un an apr\u00e8s la publication du rapport de la\u00a0<a style=\"color: #000000;\" href=\"https:\/\/eglise.catholique.fr\/sengager-dans-la-societe\/lutter-contre-pedophilie\/lutte-contre-la-pedophilie-accueil-du-rapport-de-la-commission-independante-sur-les-abus-sexuels-dans-leglise-ciase\/\">Commission ind\u00e9pendante sur les abus sexuels dans l\u2019\u00c9glise<\/a>\u00a0(CIASE), vous pouvez suivre sur le site\u00a0<em>: <\/em><a style=\"color: #000000;\" href=\"http:\/\/abus-quefaitleglise.catholique.fr\/\"><em>abus-quefaitleglise.catholique.fr<\/em>\u00a0<\/a>\u00a0les progr\u00e8s dans la mise en place des r\u00e9solutions prises en\u00a0mars et novembre 2021\u00a0par les \u00e9v\u00eaques de France face aux abus et agressions sexuelles.<\/span><br \/><span style=\"color: #000000;\"><strong>Dans notre dioc\u00e8se de Nancy et Toul\u00a0: <\/strong>Un Bureau de signalement des abus peut \u00eatre contact\u00e9 \u00e0 :\u00a0<a style=\"color: #000000;\" href=\"mailto:bureaudesignalement@catholique-nancy.fr\"><em>bureaudesignalement@catholique-nancy.fr<\/em><\/a> Le Bureau est accessible \u00e0 toutes les personnes souhaitant pr\u00e9senter des signalements d\u2019abus, Il a \u00e9t\u00e9 institu\u00e9 par Mgr Jean-Louis Papin, \u00e9v\u00eaque de Nancy et Toul, en janvier 2022.<\/span><\/p>\n<p><span style=\"color: #000000;\"><span style=\"text-decoration: underline;\"><strong>\u00a0<\/strong><strong>Formations dioc\u00e9saines 2022\/23<\/strong><\/span><strong>\u00a0: <br \/><\/strong>Des brochures sont \u00e0 disposition au fond de l\u2019\u00e9glise ainsi que le guide pour la vie spirituelle et ses nombreuses propositions pour l\u2019ann\u00e9e \u00e0 venir.\u00a0<\/span><\/p>\n","protected":false},"excerpt":{"rendered":"<p>Demande pour la paroisse Saint-Fran\u00e7ois-de-Sales :\u00a0Nous recherchons une personne comp\u00e9tente pour la comptabilit\u00e9 de la paroisse Saint-Fran\u00e7ois-de-Sales, une personne pour conduire les c\u00e9l\u00e9brations d\u2019obs\u00e8ques, une personne pour mettre \u00e0 jour r\u00e9guli\u00e8rement le site internet du secteur. Journ\u00e9es Mondiales de la Jeunesse JMJ :Les\u00a0JMJ de Lisbonne auront lieu dans un peu moins d&rsquo;un an maintenant. Le&hellip; <br \/> <a class=\"read-more\" href=\"https:\/\/paroisses-nancy-sud.fr\/HOME\/annonces-de-saint-francois-de-sales-et-sainte-jeanne-de-chantal-du-16-octobre\/\">Lire la suite<\/a><\/p>\n","protected":false},"author":5,"featured_media":554,"comment_status":"closed","ping_status":"open","sticky":false,"template":"","format":"standard","meta":[],"categories":[7],"tags":[],"acf":[],"_links":{"self":[{"href":"https:\/\/paroisses-nancy-sud.fr\/HOME\/wp-json\/wp\/v2\/posts\/2521"}],"collection":[{"href":"https:\/\/paroisses-nancy-sud.fr\/HOME\/wp-json\/wp\/v2\/posts"}],"about":[{"href":"https:\/\/paroisses-nancy-sud.fr\/HOME\/wp-json\/wp\/v2\/types\/post"}],"author":[{"embeddable":true,"href":"https:\/\/paroisses-nancy-sud.fr\/HOME\/wp-json\/wp\/v2\/users\/5"}],"replies":[{"embeddable":true,"href":"https:\/\/paroisses-nancy-sud.fr\/HOME\/wp-json\/wp\/v2\/comments?post=2521"}],"version-history":[{"count":1,"href":"https:\/\/paroisses-nancy-sud.fr\/HOME\/wp-json\/wp\/v2\/posts\/2521\/revisions"}],"predecessor-version":[{"id":2522,"href":"https:\/\/paroisses-nancy-sud.fr\/HOME\/wp-json\/wp\/v2\/posts\/2521\/revisions\/2522"}],"wp:featuredmedia":[{"embeddable":true,"href":"https:\/\/paroisses-nancy-sud.fr\/HOME\/wp-json\/wp\/v2\/media\/554"}],"wp:attachment":[{"href":"https:\/\/paroisses-nancy-sud.fr\/HOME\/wp-json\/wp\/v2\/media?parent=2521"}],"wp:term":[{"taxonomy":"category","embeddable":true,"href":"https:\/\/paroisses-nancy-sud.fr\/HOME\/wp-json\/wp\/v2\/categories?post=2521"},{"taxonomy":"post_tag","embeddable":true,"href":"https:\/\/paroisses-nancy-sud.fr\/HOME\/wp-json\/wp\/v2\/tags?post=2521"}],"curies":[{"name":"wp","href":"https:\/\/api.w.org\/{rel}","templated":true}]}}