{"id":2527,"date":"2022-10-19T08:36:18","date_gmt":"2022-10-19T06:36:18","guid":{"rendered":"https:\/\/paroisses-nancy-sud.fr\/HOME\/?p=2527"},"modified":"2022-10-19T09:35:22","modified_gmt":"2022-10-19T07:35:22","slug":"le-fils-de-lhomme-quand-il-viendra-trouvera-t-il-la-foi-sur-la-terre","status":"publish","type":"post","link":"https:\/\/paroisses-nancy-sud.fr\/HOME\/le-fils-de-lhomme-quand-il-viendra-trouvera-t-il-la-foi-sur-la-terre\/","title":{"rendered":"\u00ab\u00a0le Fils de l&rsquo;homme, quand il viendra, trouvera-t-il la foi sur la terre\u00a0?\u00a0\u00bb"},"content":{"rendered":"\n<p class=\"Standard\" style=\"margin-bottom: 5.65pt; text-align: justify;\"><span style=\"font-size: 15pt; font-family: Caladea; color: #000000;\">Qu&rsquo;est-ce qu&rsquo;un fossile, un fossile de dinosaure par exemple\u00a0? Cela ressemble \u00e0 un squelette, mais en fait ce squelette s&rsquo;est min\u00e9ralis\u00e9 au cours des ann\u00e9es. De l&rsquo;ext\u00e9rieur, on dirait des os, mais en fait c&rsquo;est du caillou.<\/span><\/p>\n<p class=\"Standard\" style=\"margin-bottom: 5.65pt; text-align: justify;\"><span style=\"font-size: 15pt; font-family: Caladea; color: #000000;\">L&rsquo;\u00e9vangile de ce dimanche nous parle d&rsquo;un homme fossilis\u00e9. On croit que c&rsquo;est un juge, mais il est d\u00e9pourvu de justice. Un juge d\u00e9pourvu de justice est-il encore un juge\u00a0? Peut-\u00eatre que, \u2013 on peut l&rsquo;imaginer \u2013 plusieurs ann\u00e9es auparavant, c&rsquo;\u00e9tait un jeune juge plein d&rsquo;ardeur \u00e0 redresser les torts. Et voil\u00e0 qu&rsquo;il est devenu un juge fossile, qui ne fait plus ce pour quoi il est fait\u00a0: rendre la justice en tenant compte de Dieu et des hommes.<\/span><\/p>\n<p class=\"Standard\" style=\"margin-bottom: 5.65pt; text-align: justify;\"><span style=\"font-size: 15pt; font-family: Caladea; color: #000000;\">D&rsquo;une part, J\u00e9sus nous rassure\u00a0: Dieu n&rsquo;est pas semblable \u00e0 ce juge, il est toujours \u00e0 l&rsquo;\u00e9coute de celui qui crie vers lui\u00a0; d&rsquo;autre part, J\u00e9sus nous interroge sans compromis\u00a0: \u00ab\u00a0le Fils de l&rsquo;homme, quand il viendra, trouvera-t-il la foi sur la terre\u00a0?\u00a0\u00bb<\/span><\/p>\n<p class=\"Standard\" style=\"margin-bottom: 5.65pt; text-align: justify;\"><span style=\"font-size: 15pt; font-family: Caladea; color: #000000;\">Chaque ann\u00e9e \u00e0 P\u00e2ques, nous renouvelons les promesses de notre bapt\u00eame, et chaque dimanche notre profession de foi. L&rsquo;occasion de faire un bilan\u00a0: o\u00f9 en suis-je avec J\u00e9sus\u00a0? est-ce que, lorsqu&rsquo;il viendra, il trouvera la foi dans mon c\u0153ur\u00a0? ou bien suis-je devenu un chr\u00e9tien fossile\u00a0: de l&rsquo;ext\u00e9rieur, on dirait du chr\u00e9tien, mais en fait c&rsquo;est du caillou\u00a0?<\/span><\/p>\n<p class=\"Standard\" style=\"margin-bottom: 5.65pt; text-align: justify;\"><span style=\"font-size: 15pt; font-family: Caladea; color: #000000;\">Les lectures de ce dimanche nous proposent deux mod\u00e8les pour nous encourager \u00e0 la fid\u00e9lit\u00e9 et relancer notre \u00e9lan\u00a0: Mo\u00efse et Timoth\u00e9e.<\/span><\/p>\n<p class=\"Standard\" style=\"margin-bottom: 5.65pt; text-align: justify;\"><span style=\"font-size: 15pt; font-family: Caladea; color: #000000;\">Mo\u00efse avait conduit le peuple d&rsquo;Isra\u00ebl hors de l&rsquo;Egypte, la terre d&rsquo;esclavage. Le peuple d&rsquo;Isra\u00ebl marchait dans le d\u00e9sert, avec Dieu, en direction de la Terre Promise, lorsque Amalec, un peuple ennemi, vint lui barrer la route et le combattre.<\/span><\/p>\n<p class=\"Standard\" style=\"margin-bottom: 5.65pt; text-align: justify;\"><span style=\"font-size: 15pt; font-family: Caladea; color: #000000;\">Cela, c&rsquo;est l&rsquo;image de notre vie chr\u00e9tienne\u00a0: d\u00e8s maintenant, nous marchons avec Dieu et il nous faut faire face aux forces qui s&rsquo;interposent entre nous et le Ciel, notre terre promise. Ces forces, ce sont les d\u00e9mons qui cherchent \u00e0 nous d\u00e9tourner du bon chemin, ce sont les petites et grandes m\u00e9chancet\u00e9s des hommes, auxquelles il est bien difficile de r\u00e9pondre par la patience et la douceur, ce sont aussi et d&rsquo;abord nos propres p\u00e9ch\u00e9s, le mal que nous commettons.<\/span><\/p>\n<p class=\"Standard\" style=\"margin-bottom: 5.65pt; text-align: justify;\"><span style=\"font-size: 15pt; font-family: Caladea; color: #000000;\">Il y a de l&rsquo;adversit\u00e9, oui, mais allons-nous donc renoncer \u00e0 marcher vers le Ciel avec Dieu \u00e0 cause d&rsquo;elle\u00a0? Non\u00a0! Nous avons le choix de ne pas baisser les bras, de tenir bon avec le Seigneur. Selon l&rsquo;exemple de Mo\u00efse, rappelons-nous que le Seigneur combat avec nous et pour nous et que nous sommes certains de l&#8217;emporter si nous ne baissons pas les bras.<\/span><\/p>\n<p class=\"Standard\" style=\"margin-bottom: 5.65pt; text-align: justify;\"><span style=\"font-size: 15pt; font-family: Caladea; color: #000000;\">Oui, le Seigneur aurait pu vaincre Amalec seul sans qu&rsquo;Isra\u00ebl e\u00fbt besoin de combattre, sans que Mo\u00efse e\u00fbt \u00e0 tenir les bras lev\u00e9s en pri\u00e8re, toutefois le Seigneur a pr\u00e9f\u00e9r\u00e9 que ses amis prennent part \u00e0 la lutte et \u00e0 la victoire.<\/span><\/p>\n<p class=\"Standard\" style=\"margin-bottom: 5.65pt; text-align: justify;\"><span style=\"font-size: 15pt; font-family: Caladea; color: #000000;\">Oui, le Seigneur aurait pu faire que la bataille ne dur\u00e2t qu&rsquo;une heure, toutefois il a pr\u00e9f\u00e9r\u00e9 \u00e9prouver la fid\u00e9lit\u00e9 et la t\u00e9nacit\u00e9, la foi et l&rsquo;amour de Mo\u00efse.<\/span><\/p>\n<p class=\"Standard\" style=\"margin-bottom: 5.65pt; text-align: justify;\"><span style=\"font-size: 15pt; font-family: Caladea; color: #000000;\">Oui, le Seigneur aurait pu faire que Mo\u00efse ne se fatigu\u00e2t pas, toutefois il a pr\u00e9f\u00e9r\u00e9 lui donner et la force de tenir dans la fatigue et des compagnons pour le soutenir.<\/span><\/p>\n<p class=\"Standard\" style=\"margin-bottom: 5.65pt; text-align: justify;\"><span style=\"font-size: 15pt; font-family: Caladea; color: #000000;\">Bien qu&rsquo;il ait v\u00e9cu il y a des milliers d&rsquo;ann\u00e9es, Mo\u00efse reste pour nous un mod\u00e8le de foi, un rem\u00e8de \u00e0 la fossilisation de notre vie avec Dieu. En d\u00e9pit de son \u00e2ge avanc\u00e9, Mo\u00efse resta jeune dans la foi. Gr\u00e2ce \u00e0 sa foi, il voyait plus clair que bien des jeunes gens et, par la charit\u00e9, il continuait de lutter pour le bien. L&rsquo;\u00c9criture dit simplement ceci\u00a0: \u00ab\u00a0Mo\u00efse avait cent vingt ans quand il mourut ; sa vue n\u2019avait pas baiss\u00e9, sa vitalit\u00e9 n\u2019avait pas diminu\u00e9.\u00a0\u00bb (Dt 34, 7)<\/span><\/p>\n<p class=\"Standard\" style=\"margin-bottom: 5.65pt; text-align: justify;\"><span style=\"font-size: 15pt; font-family: Caladea; color: #000000;\">L&rsquo;\u00c9criture, justement, c&rsquo;est elle qui est le secret de la fid\u00e9lit\u00e9 de Timoth\u00e9e, notre deuxi\u00e8me t\u00e9moin. \u00ab\u00a0Depuis ton plus jeune \u00e2ge, lui \u00e9crit Paul, son ami et son ma\u00eetre, tu connais les Saintes \u00c9critures : elles ont le pouvoir de te communiquer la sagesse, en vue du salut par la foi que nous avons en J\u00e9sus Christ.\u00a0\u00bb<\/span><\/p>\n<p class=\"Standard\" style=\"margin-bottom: 5.65pt; text-align: justify;\"><span style=\"font-size: 15pt; font-family: Caladea; color: #000000;\">La Bible nous donne acc\u00e8s \u00e0 la parole de Dieu, une parole vivante et qui donne la vie. Conna\u00eetre la Bible, lire la Bible, m\u00e9diter la Bible pour un chr\u00e9tien aujourd&rsquo;hui, ce n&rsquo;est pas obligatoire, c&rsquo;est tout simplement vital. La pri\u00e8re en communaut\u00e9, la messe, la confession, c&rsquo;est de la plus haute importance, mais tu ne peux pas toujours y participer. La Bible, elle, est toujours \u00e0 ta port\u00e9e, si tu veux prendre les moyens de la conna\u00eetre.<\/span><\/p>\n<p class=\"Standard\" style=\"margin-bottom: 5.65pt; text-align: justify;\"><span style=\"font-size: 15pt; font-family: Caladea; color: #000000;\">Fr\u00e9quenter l&rsquo;\u00c9criture Sainte, cela change la vie. Voici ce que Paul \u00e9crit \u00e0 Timoth\u00e9e\u00a0: \u00ab\u00a0Toute l\u2019\u00c9criture est inspir\u00e9e par Dieu ; elle est utile pour enseigner, d\u00e9noncer le mal, redresser, \u00e9duquer dans la justice\u00a0; gr\u00e2ce \u00e0 elle, l\u2019homme de Dieu sera accompli, \u00e9quip\u00e9 pour faire toute sorte de bien.\u00a0\u00bb Timoth\u00e9e \u00e9tait le chef d&rsquo;une communaut\u00e9 chr\u00e9tienne, voil\u00e0 pourquoi Paul lui conseille de s&rsquo;appuyer sur la Bible pour enseigner les autres. Avec les mots de Paul, je dis \u00e0 chacun ici, \u00e0 moi en premier lieu\u00a0: \u00ab\u00a0L&rsquo;Ecriture est utile pour t&rsquo;enseigner toi-m\u00eame, d\u00e9noncer le mal en toi-m\u00eame, te redresser toi-m\u00eame, t&rsquo;\u00e9duquer toi-m\u00eame dans la justice.\u00a0\u00bb<\/span><\/p>\n<p class=\"Standard\" style=\"margin-bottom: 5.65pt; text-align: justify;\"><span style=\"font-size: 15pt; font-family: Caladea; color: #000000;\">Aux plus jeunes, je vous l&rsquo;avoue bien volontiers\u00a0: \u00e0 votre \u00e2ge, je ne lisais pas beaucoup la Bible. C&rsquo;est pour cela que je suis bien plac\u00e9 pour vous dire de ne pas faire comme moi. Ayez une Bible, lisez-la chaque jour, explorez-la, d\u00e9couvrez-en les secrets et les richesses. Et les plus anciens, ne soyez pas des habitu\u00e9s de l&rsquo;\u00c9criture. A tous, pr\u00e9parez et m\u00e9ditez les textes qui seront lus \u00e0 la messe et, lorsque vous lisez \u00e0 l&rsquo;ambon, ayez conscience de faire r\u00e9sonner la parole de Dieu pour les fr\u00e8res et s\u0153urs.<\/span><\/p>\n<p class=\"Standard\" style=\"margin-bottom: 5.65pt; text-align: justify;\"><span style=\"font-size: 15pt; font-family: Caladea; color: #000000;\">Aujourd&rsquo;hui, J\u00e9sus employait l&rsquo;image d&rsquo;un juge d\u00e9pourvu de justice. Dans d&rsquo;autres passages, il parle du sel sans saveur et de la lampe qui n&rsquo;\u00e9claire pas. Toujours il nous demande de ne pas \u00eatre des chr\u00e9tiens sans foi. Comme Mo\u00efse, tenons fermement la pri\u00e8re qui nous donnera la force dans les petites et les grandes \u00e9preuves du quotidien. Comme Timoth\u00e9e, soyons des assoiff\u00e9s des \u00c9critures Saintes o\u00f9 nous trouverons la sagesse.<\/span><\/p>\n<p class=\"Standard\" style=\"margin-bottom: 5.65pt; text-align: left;\"><span style=\"font-size: 15pt; font-family: Caladea; color: #000000;\">Que le Seigneur fasse grandir notre foi afin qu&rsquo;il nous trouve pr\u00eats et vigilants lorsqu&rsquo;il reviendra. Amen.<\/span><\/p>\n<p class=\"Standard\" style=\"margin-bottom: 5.65pt; text-align: right;\"><em><span style=\"font-size: 15pt; font-family: Caladea; color: #000000;\">P\u00e8re Alexandre Marie Valder<\/span><\/em><\/p>\n","protected":false},"excerpt":{"rendered":"<p>Qu&rsquo;est-ce qu&rsquo;un fossile, un fossile de dinosaure par exemple\u00a0? Cela ressemble \u00e0 un squelette, mais en fait ce squelette s&rsquo;est min\u00e9ralis\u00e9 au cours des ann\u00e9es. De l&rsquo;ext\u00e9rieur, on dirait des os, mais en fait c&rsquo;est du caillou. L&rsquo;\u00e9vangile de ce dimanche nous parle d&rsquo;un homme fossilis\u00e9. On croit que c&rsquo;est un juge, mais il est&hellip; <br \/> <a class=\"read-more\" href=\"https:\/\/paroisses-nancy-sud.fr\/HOME\/le-fils-de-lhomme-quand-il-viendra-trouvera-t-il-la-foi-sur-la-terre\/\">Lire la suite<\/a><\/p>\n","protected":false},"author":9,"featured_media":290,"comment_status":"closed","ping_status":"open","sticky":false,"template":"","format":"standard","meta":[],"categories":[9],"tags":[],"acf":[],"_links":{"self":[{"href":"https:\/\/paroisses-nancy-sud.fr\/HOME\/wp-json\/wp\/v2\/posts\/2527"}],"collection":[{"href":"https:\/\/paroisses-nancy-sud.fr\/HOME\/wp-json\/wp\/v2\/posts"}],"about":[{"href":"https:\/\/paroisses-nancy-sud.fr\/HOME\/wp-json\/wp\/v2\/types\/post"}],"author":[{"embeddable":true,"href":"https:\/\/paroisses-nancy-sud.fr\/HOME\/wp-json\/wp\/v2\/users\/9"}],"replies":[{"embeddable":true,"href":"https:\/\/paroisses-nancy-sud.fr\/HOME\/wp-json\/wp\/v2\/comments?post=2527"}],"version-history":[{"count":3,"href":"https:\/\/paroisses-nancy-sud.fr\/HOME\/wp-json\/wp\/v2\/posts\/2527\/revisions"}],"predecessor-version":[{"id":2530,"href":"https:\/\/paroisses-nancy-sud.fr\/HOME\/wp-json\/wp\/v2\/posts\/2527\/revisions\/2530"}],"wp:featuredmedia":[{"embeddable":true,"href":"https:\/\/paroisses-nancy-sud.fr\/HOME\/wp-json\/wp\/v2\/media\/290"}],"wp:attachment":[{"href":"https:\/\/paroisses-nancy-sud.fr\/HOME\/wp-json\/wp\/v2\/media?parent=2527"}],"wp:term":[{"taxonomy":"category","embeddable":true,"href":"https:\/\/paroisses-nancy-sud.fr\/HOME\/wp-json\/wp\/v2\/categories?post=2527"},{"taxonomy":"post_tag","embeddable":true,"href":"https:\/\/paroisses-nancy-sud.fr\/HOME\/wp-json\/wp\/v2\/tags?post=2527"}],"curies":[{"name":"wp","href":"https:\/\/api.w.org\/{rel}","templated":true}]}}